    
{"id":86763,"date":"2025-09-18T10:37:41","date_gmt":"2025-09-18T08:37:41","guid":{"rendered":"https:\/\/www.praha7.cz\/?p=86763"},"modified":"2025-10-13T18:00:22","modified_gmt":"2025-10-13T16:00:22","slug":"skola-rajska","status":"publish","type":"post","link":"https:\/\/www.praha7.cz\/skola-rajska\/","title":{"rendered":"Evangelick\u00e1 c\u00edrkev a&nbsp;Praha&nbsp;7 zah\u00e1jily stavbu nov\u00e9 \u0161koln\u00ed budovy v&nbsp;Hole\u0161ovic\u00edch"},"content":{"rendered":"<p>[perex]<\/p>\r\n<p>Ve st\u0159edu 17.&nbsp;z\u00e1\u0159\u00ed 2025 v&nbsp;Hole\u0161ovic\u00edch prob\u011bhlo slavnostn\u00ed polo\u017een\u00ed z\u00e1kladn\u00edho kamene nov\u00e9 \u0161koln\u00ed budovy, kter\u00e1 v&nbsp;budoucnu nab\u00eddne z\u00e1zem\u00ed pro z\u00e1kladn\u00ed \u0161kolu, pedagogick\u00e9 lyceum a&nbsp;st\u0159edn\u00ed odbornou \u0161kolu soci\u00e1ln\u00ed \u010dinnosti. Stavbu realizuje \u010ceskobratrsk\u00e1 c\u00edrkev evangelick\u00e1 ve spolupr\u00e1ci s&nbsp;m\u011bstskou \u010d\u00e1st\u00ed Praha&nbsp;7, kter\u00e1 pro projekt poskytla pozemek a&nbsp;dlouhodob\u011b jej podporuje.<\/p>\r\n<p>[\/perex]<\/p>\r\n<p>Slavnostn\u00ed akce se konala v&nbsp;Rajsk\u00e9 ulici za \u00fa\u010dasti z\u00e1stupc\u016f c\u00edrkve, m\u011bstsk\u00e9 \u010d\u00e1sti, architekt\u016f, stavebn\u00edch firem, p\u0159edstavitel\u016f c\u00edrkevn\u00edch \u0161kol i&nbsp;dal\u0161\u00edch host\u016f. Symbolick\u00e9ho poklep\u00e1n\u00ed na z\u00e1kladn\u00ed k\u00e1men se ujal synodn\u00ed senior Evangelick\u00e9 c\u00edrkve Pavel Pokorn\u00fd spolu se starostou Prahy&nbsp;7 Janem \u010ci\u017einsk\u00fdm. Program moderoval synodn\u00ed kur\u00e1tor Ji\u0159\u00ed Schneider, hudebn\u011b jej doprovodili studenti Konzervato\u0159e Evangelick\u00e9 akademie z&nbsp;Olomouce a&nbsp;d\u011bti ze Z\u0160 Bratrsk\u00e1, kter\u00e1 s\u00eddl\u00ed na sousedn\u00edm pozemku.<\/p>\r\n<p><img loading=\"lazy\" src=\"https:\/\/www.praha7.cz\/wp-content\/uploads\/2025\/09\/DSC_6572-600x400.jpg\" alt=\"\" width=\"600\" height=\"400\" class=\"alignnone size-medium wp-image-86767\" srcset=\"https:\/\/www.praha7.cz\/wp-content\/uploads\/2025\/09\/DSC_6572-600x400.jpg 600w, https:\/\/www.praha7.cz\/wp-content\/uploads\/2025\/09\/DSC_6572-1500x998.jpg 1500w, https:\/\/www.praha7.cz\/wp-content\/uploads\/2025\/09\/DSC_6572-768x511.jpg 768w, https:\/\/www.praha7.cz\/wp-content\/uploads\/2025\/09\/DSC_6572-1536x1022.jpg 1536w, https:\/\/www.praha7.cz\/wp-content\/uploads\/2025\/09\/DSC_6572-2048x1363.jpg 2048w\" sizes=\"(max-width: 600px) 100vw, 600px\" \/><\/p>\r\n<p>Nov\u00e1 \u0161koln\u00ed budova by m\u011bla b\u00fdt dokon\u010dena v&nbsp;l\u00e9t\u011b roku 2027 a&nbsp;nab\u00eddne prostor pro oba stupn\u011b z\u00e1kladn\u00ed \u0161koly, pro pedagogick\u00e9 lyceum, kde se na svou profesi p\u0159ipravuj\u00ed nap\u0159\u00edklad budouc\u00ed u\u010ditel\u00e9 \u010di asistenti pedagoga, a&nbsp;tak\u00e9 pro st\u0159edn\u00ed odbornou \u0161kolu, jej\u00ed\u017e absolventi p\u016fsob\u00ed mimo jin\u00e9 v&nbsp;soci\u00e1ln\u00edch slu\u017eb\u00e1ch, pom\u00e1haj\u00ed zdravotn\u011b a&nbsp;soci\u00e1ln\u011b handicapovan\u00fdm nebo pracuj\u00ed v&nbsp;charitativn\u00edch za\u0159\u00edzen\u00edch.<\/p>\r\n<p><img loading=\"lazy\" src=\"https:\/\/www.praha7.cz\/wp-content\/uploads\/2025\/09\/DSC_6461-1-600x400.jpg\" alt=\"\" width=\"600\" height=\"400\" class=\"alignnone size-medium wp-image-86775\" srcset=\"https:\/\/www.praha7.cz\/wp-content\/uploads\/2025\/09\/DSC_6461-1-600x400.jpg 600w, https:\/\/www.praha7.cz\/wp-content\/uploads\/2025\/09\/DSC_6461-1-1500x998.jpg 1500w, https:\/\/www.praha7.cz\/wp-content\/uploads\/2025\/09\/DSC_6461-1-768x511.jpg 768w, https:\/\/www.praha7.cz\/wp-content\/uploads\/2025\/09\/DSC_6461-1-1536x1022.jpg 1536w, https:\/\/www.praha7.cz\/wp-content\/uploads\/2025\/09\/DSC_6461-1-2048x1363.jpg 2048w\" sizes=\"(max-width: 600px) 100vw, 600px\" \/><\/p>\r\n<p><em>\u201eEvangelick\u00e1 c\u00edrkev \u010derp\u00e1 z&nbsp;evangelia. Tak\u017ee hled\u00e1 spole\u010dn\u00e9 dobr\u00e9 a&nbsp;d\u00edv\u00e1 se do budoucna. Ambic\u00ed na\u0161ich \u0161kol je vytv\u00e1\u0159et prostor pro osobn\u00ed ot\u00e1zky a&nbsp;r\u016fst. Prostor, kde je respektov\u00e1na jedine\u010dnost ka\u017ed\u00e9ho \u010dlov\u011bka a&nbsp;z\u00e1rove\u0148 jeho m\u00edsto a&nbsp;posl\u00e1n\u00ed v&nbsp;r\u00e1mci lidsk\u00e9 rodiny na tomto sv\u011bt\u011b,\u201c<\/em> uvedl k&nbsp;tomu <em><strong>synodn\u00ed senior Evangelick\u00e9 c\u00edrkve Pavel Pokorn\u00fd<\/strong><\/em>.<\/p>\r\n<p><img loading=\"lazy\" src=\"https:\/\/www.praha7.cz\/wp-content\/uploads\/2025\/09\/DSC_6655-600x400.jpg\" alt=\"\" width=\"600\" height=\"400\" class=\"alignnone size-medium wp-image-86768\" srcset=\"https:\/\/www.praha7.cz\/wp-content\/uploads\/2025\/09\/DSC_6655-600x400.jpg 600w, https:\/\/www.praha7.cz\/wp-content\/uploads\/2025\/09\/DSC_6655-1500x998.jpg 1500w, https:\/\/www.praha7.cz\/wp-content\/uploads\/2025\/09\/DSC_6655-768x511.jpg 768w, https:\/\/www.praha7.cz\/wp-content\/uploads\/2025\/09\/DSC_6655-1536x1022.jpg 1536w, https:\/\/www.praha7.cz\/wp-content\/uploads\/2025\/09\/DSC_6655-2048x1362.jpg 2048w\" sizes=\"(max-width: 600px) 100vw, 600px\" \/><\/p>\r\n<p>Stavba vyroste nedaleko stanice metra N\u00e1dra\u017e\u00ed Hole\u0161ovice, hned vedle st\u00e1vaj\u00edc\u00ed Z\u0160 Bratrsk\u00e1. Projekt tak p\u0159\u00edmo nav\u00e1\u017ee na jej\u00ed \u00fasp\u011b\u0161n\u00e9 p\u016fsoben\u00ed, kdy si tato z\u00e1kladn\u00ed \u0161kola v&nbsp;Praze 7 vybudovala siln\u00e9 renom\u00e9 nejen jako kvalitn\u00ed vzd\u011bl\u00e1vac\u00ed instituce, ale tak\u00e9 jako centrum komunitn\u00edho \u017eivota a&nbsp;sousedsk\u00e9ho setk\u00e1v\u00e1n\u00ed.<\/p>\r\n<p><em>\u201eBratrsk\u00e1 \u0161kola p\u016fsob\u00ed v&nbsp;Praze 7 ji\u017e 35 let a&nbsp;je na\u0161\u00edm dlouhodob\u00fdm partnerem v&nbsp;oblasti vzd\u011bl\u00e1v\u00e1n\u00ed. D\u00edky spole\u010dn\u00e9mu projektu vyroste na pozemku m\u011bstsk\u00e9 \u010d\u00e1sti nov\u00e1 \u0161koln\u00ed budova, kter\u00e1 umo\u017en\u00ed pokra\u010dov\u00e1n\u00ed obl\u00edben\u00e9 z\u00e1kladn\u00ed \u0161koly p\u0159ij\u00edmaj\u00edc\u00ed z&nbsp;velk\u00e9 \u010d\u00e1sti d\u011bti z&nbsp;Prahy&nbsp;7 a&nbsp;z\u00e1rove\u0148 nab\u00eddne i&nbsp;tolik pot\u0159ebn\u00e1 m\u00edsta pro st\u0159edo\u0161kolsk\u00e9 vzd\u011bl\u00e1v\u00e1n\u00ed. V&nbsp;uvoln\u011bn\u00e9m objektu z\u0159\u00edd\u00edme mate\u0159skou \u0161kolu, kter\u00e1 n\u00e1m pom\u016f\u017ee nad\u00e1le p\u0159ij\u00edmat v\u0161echny t\u0159\u00edlet\u00e9 d\u011bti, co\u017e se n\u00e1m letos poda\u0159ilo ji\u017e dev\u00e1t\u00fdm rokem po sob\u011b. Abychom to zvl\u00e1dli i&nbsp;do budoucna, mus\u00edme d\u00e1l roz\u0161i\u0159ovat kapacity a&nbsp;pos\u00edlit i&nbsp;nab\u00eddku m\u00edst pro d\u011bti mlad\u0161\u00ed t\u0159\u00ed let, o&nbsp;kterou je mezi rodi\u010di velk\u00fd z\u00e1jem,\u201c<\/em> \u0159ekl <em><strong>starosta Prahy&nbsp;7 Jan \u010ci\u017einsk\u00fd<\/strong><\/em>.<\/p>\r\n<p><img loading=\"lazy\" src=\"https:\/\/www.praha7.cz\/wp-content\/uploads\/2025\/09\/DSC_6666-600x383.jpg\" alt=\"\" width=\"600\" height=\"383\" class=\"alignnone size-medium wp-image-86770\" srcset=\"https:\/\/www.praha7.cz\/wp-content\/uploads\/2025\/09\/DSC_6666-600x383.jpg 600w, https:\/\/www.praha7.cz\/wp-content\/uploads\/2025\/09\/DSC_6666-1500x957.jpg 1500w, https:\/\/www.praha7.cz\/wp-content\/uploads\/2025\/09\/DSC_6666-768x490.jpg 768w, https:\/\/www.praha7.cz\/wp-content\/uploads\/2025\/09\/DSC_6666-1536x980.jpg 1536w, https:\/\/www.praha7.cz\/wp-content\/uploads\/2025\/09\/DSC_6666-2048x1306.jpg 2048w\" sizes=\"(max-width: 600px) 100vw, 600px\" \/><\/p>\r\n<p>Za n\u00e1vrhem budovy stoj\u00ed autorsk\u00fd t\u00fdm profesorky Hany Seho. Objekt je navr\u017een jako udr\u017eiteln\u00e1 \u201ezelen\u00e1\u201c stavba v&nbsp;pasivn\u00edm energetick\u00e9m standardu. Po\u010d\u00edt\u00e1 se s&nbsp;vyu\u017eit\u00edm geoterm\u00e1ln\u00ed energie, s&nbsp;efektivn\u00edm hospoda\u0159en\u00edm se sr\u00e1\u017ekovou vodou, maxim\u00e1ln\u00edm p\u0159\u00edstupem denn\u00edho sv\u011btla a&nbsp;\u010derstv\u00e9ho vzduchu. Z\u00e1m\u011br d\u00edky tomu podpo\u0159il tak\u00e9 St\u00e1tn\u00ed fond \u017eivotn\u00edho prost\u0159ed\u00ed \u010cR p\u0159\u00edslibem dotace z&nbsp;Moderniza\u010dn\u00edho fondu.<\/p>\r\n<p>N\u00e1klady na stavbu by se m\u011bly pohybovat kolem 400 mil. K\u010d. Projekt se p\u0159ipravoval t\u00e9m\u011b\u0159 deset let a&nbsp;od z\u00e1\u0159\u00ed roku 2027 by m\u011bla \u0161kola otev\u0159\u00edt sv\u00e9 br\u00e1ny pro v\u00edce ne\u017e 400 \u017e\u00e1k\u016f a&nbsp;student\u016f.<\/p>\r\n<p><img loading=\"lazy\" src=\"https:\/\/www.praha7.cz\/wp-content\/uploads\/2025\/09\/DSC_6455-600x400.jpg\" alt=\"\" width=\"600\" height=\"400\" class=\"alignnone size-medium wp-image-86766\" srcset=\"https:\/\/www.praha7.cz\/wp-content\/uploads\/2025\/09\/DSC_6455-600x400.jpg 600w, https:\/\/www.praha7.cz\/wp-content\/uploads\/2025\/09\/DSC_6455-1500x998.jpg 1500w, https:\/\/www.praha7.cz\/wp-content\/uploads\/2025\/09\/DSC_6455-768x511.jpg 768w, https:\/\/www.praha7.cz\/wp-content\/uploads\/2025\/09\/DSC_6455-1536x1022.jpg 1536w, https:\/\/www.praha7.cz\/wp-content\/uploads\/2025\/09\/DSC_6455-2048x1362.jpg 2048w\" sizes=\"(max-width: 600px) 100vw, 600px\" \/><\/p>","protected":false},"excerpt":{"rendered":"[perex] Ve st\u0159edu 17.&nbsp;z\u00e1\u0159\u00ed 2025 v&nbsp;Hole\u0161ovic\u00edch prob\u011bhlo slavnostn\u00ed polo\u017een\u00ed z\u00e1kladn\u00edho kamene nov\u00e9 \u0161koln\u00ed budovy, kter\u00e1 v&nbsp;budoucnu nab\u00eddne z\u00e1zem\u00ed pro z\u00e1kladn\u00ed \u0161kolu, pedagogick\u00e9 lyceum a&nbsp;st\u0159edn\u00ed odbornou \u0161kolu soci\u00e1ln\u00ed \u010dinnosti. Stavbu realizuje \u010ceskobratrsk\u00e1 c\u00edrkev evangelick\u00e1 ve spolupr\u00e1ci s&nbsp;m\u011bstskou \u010d\u00e1st\u00ed Praha&nbsp;7, kter\u00e1 pro projekt poskytla pozemek a&nbsp;dlouhodob\u011b jej podporuje. [\/perex] Slavnostn\u00ed akce se konala v&nbsp;Rajsk\u00e9 ulici za \u00fa\u010dasti [&hellip;]","protected":false},"author":5,"featured_media":86764,"comment_status":"closed","ping_status":"open","sticky":false,"template":"","format":"standard","meta":[],"categories":[34,74],"tags":[123,83],"_links":{"self":[{"href":"https:\/\/www.praha7.cz\/api\/wp\/v2\/posts\/86763"}],"collection":[{"href":"https:\/\/www.praha7.cz\/api\/wp\/v2\/posts"}],"about":[{"href":"https:\/\/www.praha7.cz\/api\/wp\/v2\/types\/post"}],"author":[{"embeddable":true,"href":"https:\/\/www.praha7.cz\/api\/wp\/v2\/users\/5"}],"replies":[{"embeddable":true,"href":"https:\/\/www.praha7.cz\/api\/wp\/v2\/comments?post=86763"}],"version-history":[{"count":5,"href":"https:\/\/www.praha7.cz\/api\/wp\/v2\/posts\/86763\/revisions"}],"predecessor-version":[{"id":86779,"href":"https:\/\/www.praha7.cz\/api\/wp\/v2\/posts\/86763\/revisions\/86779"}],"wp:featuredmedia":[{"embeddable":true,"href":"https:\/\/www.praha7.cz\/api\/wp\/v2\/media\/86764"}],"wp:attachment":[{"href":"https:\/\/www.praha7.cz\/api\/wp\/v2\/media?parent=86763"}],"wp:term":[{"taxonomy":"category","embeddable":true,"href":"https:\/\/www.praha7.cz\/api\/wp\/v2\/categories?post=86763"},{"taxonomy":"post_tag","embeddable":true,"href":"https:\/\/www.praha7.cz\/api\/wp\/v2\/tags?post=86763"}],"curies":[{"name":"wp","href":"https:\/\/api.w.org\/{rel}","templated":true}]}}