    
{"id":86724,"date":"2025-09-17T17:58:14","date_gmt":"2025-09-17T15:58:14","guid":{"rendered":"https:\/\/www.praha7.cz\/?p=86724"},"modified":"2025-10-13T11:10:08","modified_gmt":"2025-10-13T09:10:08","slug":"stolpersteine-25-2","status":"publish","type":"post","link":"https:\/\/www.praha7.cz\/stolpersteine-25-2\/","title":{"rendered":"Kameny zmizel\u00fdch p\u0159ipom\u00ednaj\u00ed dal\u0161\u00edch osm ob\u011bt\u00ed nacistick\u00e9ho re\u017eimu"},"content":{"rendered":"<p>[perex]<\/p>\r\n<p>V \u00fater\u00fd 16.&nbsp;z\u00e1\u0159\u00ed 2025 p\u0159ibylo v&nbsp;chodn\u00edc\u00edch Prahy&nbsp;7 osm kamen\u016f zmizel\u00fdch, \u010dty\u0159i v&nbsp;ulici Kosteln\u00ed, \u010dty\u0159i na dvou m\u00edstech v&nbsp;Oveneck\u00e9. Zpr\u00e1vu dopl\u0148ujeme o&nbsp;vz\u00e1cnou rodinnou vzpom\u00ednku Nadi Johanisov\u00e9, za ni\u017e autorce velmi d\u011bkujeme.\u00a0<\/p>\r\n<p>[\/perex]<\/p>\r\n<hr \/>\r\n<p><a href=\"https:\/\/stolpersteinecz.cz\/mapa\/\" target=\"_blank\" rel=\"noopener\">Mapa stolperstein\u016f v&nbsp;Praze<\/a><\/p>\r\n<p>Tvz. stolpersteiny, doslova \u201ekameny, o&nbsp;kter\u00e9 je t\u0159eba klop\u00fdtnout\u201c (pohledem), maj\u00ed podobu dla\u017eebn\u00ed kostky s&nbsp;mosazn\u00fdm povrchem o&nbsp;rozm\u011bru 10 \u00d7 10 cm a&nbsp;jsou umis\u0165ov\u00e1ny p\u0159ed domy, kde \u017eily ob\u011bti nacion\u00e1ln\u00edho socialismu, kter\u00e9 byly v&nbsp;letech 1933\u20131945 nacisty pron\u00e1sledov\u00e1ny nebo zavra\u017ed\u011bny. Stolpersteiny p\u0159ipom\u00ednaj\u00ed i&nbsp;osoby, kter\u00e9 pod t\u00edhou okolnost\u00ed sp\u00e1chaly sebevra\u017edu. Kameny lze polo\u017eit rovn\u011b\u017e pro ty, kter\u00fdm se poda\u0159ilo v\u010das uprchnout, \u010di pro p\u0159e\u017eiv\u0161\u00ed koncentra\u010dn\u00edch t\u00e1bor\u016f.\u00a0<\/p>\r\n<p>V hlavn\u00edm m\u011bst\u011b je v\u00edce ne\u017e 850 kamen\u016f zmizel\u00fdch.\u00a0<\/p>\r\n<hr \/>\r\n<p><strong>Oveneck\u00e1 1072\/17<\/strong><\/p>\r\n<p><strong>Karel Bruml\u00edk<\/strong>, narozen 1868, byl v&nbsp;roce 1942 deportov\u00e1n do Terez\u00edna. Stejn\u011b jako jeho \u017eena <strong>Alb\u00edna<\/strong>, narozena 1870, d\u00edv\u010d\u00edm jm\u00e9nem Katzov\u00e1, pobyt v&nbsp;koncentra\u010dn\u00edm t\u00e1bo\u0159e Terez\u00edn p\u0159e\u017eili. Jejich syn <strong>Arno\u0161t<\/strong>, narozen 1903, byl zabit v&nbsp;Osv\u011btimi v&nbsp;roce 1943.\u00a0<\/p>\r\n<p><img loading=\"lazy\" src=\"https:\/\/www.praha7.cz\/wp-content\/uploads\/2025\/09\/IMG_9058-1500x844.jpg\" alt=\"\" width=\"640\" height=\"360\" class=\"alignnone size-large wp-image-86751\" srcset=\"https:\/\/www.praha7.cz\/wp-content\/uploads\/2025\/09\/IMG_9058-1500x844.jpg 1500w, https:\/\/www.praha7.cz\/wp-content\/uploads\/2025\/09\/IMG_9058-600x337.jpg 600w, https:\/\/www.praha7.cz\/wp-content\/uploads\/2025\/09\/IMG_9058-768x432.jpg 768w, https:\/\/www.praha7.cz\/wp-content\/uploads\/2025\/09\/IMG_9058-1536x864.jpg 1536w, https:\/\/www.praha7.cz\/wp-content\/uploads\/2025\/09\/IMG_9058-2048x1152.jpg 2048w\" sizes=\"(max-width: 640px) 100vw, 640px\" \/><\/p>\r\n\r\n<figure id=\"attachment_86733\" aria-describedby=\"caption-attachment-86733\" style=\"width: 280px\" class=\"wp-caption alignnone\"><img loading=\"lazy\" src=\"https:\/\/www.praha7.cz\/wp-content\/uploads\/2025\/09\/7053_ca_object_representations_media_797583_medium.jpg\" alt=\"\" width=\"280\" height=\"400\" class=\"wp-image-86733 size-full\" \/><figcaption id=\"caption-attachment-86733\" class=\"wp-caption-text\">Arno\u0161t Bruml\u00edk<\/figcaption><\/figure>\r\n\r\n<h3>Kameny zmizel\u00fdch pro rodinu Bruml\u00edkovu<\/h3>\r\n<p><em>Na\u010fa Johanisov\u00e1\u00a0<\/em> \u00a0 \u00a0 \u00a0 \u00a0 \u00a0 \u00a0<\/p>\r\n<p>Na rohu ulice Milady Hor\u00e1kov\u00e9 a&nbsp;ulice Oveneck\u00e9 je dnes pobo\u010dka banky \u010cSOB. M\u00e1lokdo ale tu\u0161\u00ed, \u017ee v&nbsp;t\u011bchto m\u00edstech b\u00fdvalo do roku 1939 vzkv\u00e9taj\u00edc\u00ed \u0159eznictv\u00ed rodiny Bruml\u00edk\u016f, kter\u00e1 p\u0159i\u0161la do Prahy z&nbsp;obce Struha\u0159ov na Bene\u0161ovsku ve dvac\u00e1t\u00fdch letech. Mo\u017en\u00e1 tu zrovna va\u0161i p\u0159edci nakupovali. Byl to typick\u00fd rodinn\u00fd podnik, pracovala tu jak star\u0161\u00ed generace, Karel a&nbsp;Alb\u00edna Bruml\u00edkovi (nar. 1868 a&nbsp;1870), tak jejich nejmlad\u0161\u00ed syn Arno\u0161t (nar. 1903). Alb\u00edna nepracovala p\u0159\u00edmo v&nbsp;\u0159eznictv\u00ed, ale dohl\u00ed\u017eela doma na va\u0159en\u00ed ob\u011bd\u016f pro person\u00e1l. Rodina bydlela hned vedle, v&nbsp;Oveneck\u00e9 17.\u00a0 Dal\u0161\u00ed dva brat\u0159i, Rudolf a&nbsp;Josef, m\u011bli sv\u00e1 \u0159eznictv\u00ed jinde po Praze.<\/p>\r\n\r\n<figure id=\"attachment_86754\" aria-describedby=\"caption-attachment-86754\" style=\"width: 640px\" class=\"wp-caption alignnone\"><img loading=\"lazy\" src=\"https:\/\/www.praha7.cz\/wp-content\/uploads\/2025\/09\/Johanis-lba_073b_1-1500x986.jpg\" alt=\"\" width=\"640\" height=\"421\" class=\"wp-image-86754 size-large\" srcset=\"https:\/\/www.praha7.cz\/wp-content\/uploads\/2025\/09\/Johanis-lba_073b_1-1500x986.jpg 1500w, https:\/\/www.praha7.cz\/wp-content\/uploads\/2025\/09\/Johanis-lba_073b_1-600x395.jpg 600w, https:\/\/www.praha7.cz\/wp-content\/uploads\/2025\/09\/Johanis-lba_073b_1-768x505.jpg 768w, https:\/\/www.praha7.cz\/wp-content\/uploads\/2025\/09\/Johanis-lba_073b_1-1536x1010.jpg 1536w, https:\/\/www.praha7.cz\/wp-content\/uploads\/2025\/09\/Johanis-lba_073b_1-2048x1347.jpg 2048w\" sizes=\"(max-width: 640px) 100vw, 640px\" \/><figcaption id=\"caption-attachment-86754\" class=\"wp-caption-text\">\u0158eznictv\u00ed v&nbsp;Oveneck\u00e9 19 (druh\u00e1 zleva Alb\u00edna, t\u0159et\u00ed zleva Karel, p\u00e1t\u00fd zleva Arno\u0161t, nedatov\u00e1no)<\/figcaption><\/figure>\r\n\r\n<p>Tohle v\u0161echno v\u00edm od sv\u00e9ho t\u00e1ty Lubo\u0161e Johanise (nar. 1922) , kter\u00fd byl vnuk Alb\u00edny a&nbsp;Karla a&nbsp;\u010dasto k&nbsp;nim se svou m\u00e1mou Mari\u00ed, sestrou Arno\u0161ta, Josefa a&nbsp;Rudy, jako d\u00edt\u011b do Oveneck\u00e9 doch\u00e1zel.<\/p>\r\n\r\n<figure id=\"attachment_86744\" aria-describedby=\"caption-attachment-86744\" style=\"width: 357px\" class=\"wp-caption alignnone\"><img loading=\"lazy\" src=\"https:\/\/www.praha7.cz\/wp-content\/uploads\/2025\/09\/Johanis-lba_074b-969x1000.jpg\" alt=\"\" width=\"357\" height=\"368\" class=\"wp-image-86744 \" srcset=\"https:\/\/www.praha7.cz\/wp-content\/uploads\/2025\/09\/Johanis-lba_074b-969x1000.jpg 969w, https:\/\/www.praha7.cz\/wp-content\/uploads\/2025\/09\/Johanis-lba_074b-388x400.jpg 388w, https:\/\/www.praha7.cz\/wp-content\/uploads\/2025\/09\/Johanis-lba_074b-768x793.jpg 768w, https:\/\/www.praha7.cz\/wp-content\/uploads\/2025\/09\/Johanis-lba_074b-1488x1536.jpg 1488w, https:\/\/www.praha7.cz\/wp-content\/uploads\/2025\/09\/Johanis-lba_074b.jpg 1772w\" sizes=\"(max-width: 357px) 100vw, 357px\" \/><figcaption id=\"caption-attachment-86744\" class=\"wp-caption-text\">Lubo\u0161 Johanis (1922\u20132006)<\/figcaption><\/figure>\r\n\r\n<p>Dlouho jsem ale o&nbsp;existenci t\u00e9to v\u011btve rodiny nem\u011bla tu\u0161en\u00ed. V&nbsp;rodin\u011b se o&nbsp;nich nemluvilo. A\u017e v&nbsp;dosp\u011blosti jsem zjistila, \u017ee moje babi\u010dka Marie, kter\u00e1 m\u011b vychovala, m\u011bla n\u011bjak\u00e9 bratry. A&nbsp;\u017ee byli n\u00e1hodou \u017did\u00e9 \u2013 a&nbsp;proto nejenom\u017ee po n\u011bmeck\u00e9 okupaci v&nbsp;r. 1939 \u00fa\u0159ady jejich \u0159eznictv\u00ed vyvlastnily, ale v&nbsp;roce 1942 donutily nejprve Arno\u0161ta, a&nbsp;potom i&nbsp;jeho rodi\u010de, tehdy ji\u017e sedmdes\u00e1tn\u00edky, odej\u00edt do transportu do Terez\u00edna, opevn\u011bn\u00e9ho m\u011bsta nedaleko Litom\u011b\u0159ic. Terez\u00edn byl vlastn\u011b novodob\u00fdm \u017eidovsk\u00fdm ghettem \u2013 byli zde soust\u0159e\u010fov\u00e1n\u00ed \u017did\u00e9 z&nbsp;cel\u00e9 republiky, z&nbsp;nich\u017e v\u011bt\u0161ina pak odj\u00ed\u017ed\u011bla d\u00e1le na v\u00fdchod \u2013 do vyhlazovac\u00edch t\u00e1bor\u016f, tzv. t\u00e1bor\u016f smrti, kde byli masov\u011b zab\u00edjeni. A&nbsp;to jen proto, \u017ee pat\u0159ili k&nbsp;\u017eidovsk\u00e9 men\u0161in\u011b.<\/p>\r\n<p>Je\u0161t\u011b ne\u017e moje praprarodi\u010de Karla a&nbsp;Alb\u00ednu a&nbsp;prastr\u00fdce Arno\u0161ta odvezli do Terez\u00edna, donutili je p\u0159es\u00eddlit na Star\u00e9 M\u011bsto, do Pa\u0159\u00ed\u017esk\u00e9 ul. 13, kde \u017eili ve velmi st\u00edsn\u011bn\u00fdch podm\u00ednk\u00e1ch spolu s&nbsp;dal\u0161\u00edmi nucen\u011b p\u0159es\u00eddlen\u00fdmi lidmi \u017eidovsk\u00e9ho p\u016fvodu. V&nbsp;Terez\u00edn\u011b pak \u017eili \u010dasto o&nbsp;hladu a&nbsp;v&nbsp;zim\u011b, ur\u010dit\u011b ve st\u00e1l\u00e9 hr\u016fze, \u017ee je povolaj\u00ed \u201edo transportu\u201c na v\u00fdchod. Co je tam \u010dek\u00e1, mnoz\u00ed tu\u0161ili, i&nbsp;kdy\u017e st\u00e1le doufali, \u017ee to nen\u00ed pravda. Karel a&nbsp;Alb\u00edna p\u0159e\u017eili v&nbsp;Terez\u00edn\u011b jako jedni z&nbsp;m\u00e1la celou v\u00e1lku a&nbsp;vr\u00e1tili se, ale t\u00e1t\u016fv strejda Arno\u0161t byl 6.&nbsp;z\u00e1\u0159\u00ed 1943 deportov\u00e1n do koncentra\u010dn\u00edho t\u00e1bora v&nbsp;Osv\u011btimi, kde se stal sou\u010d\u00e1st\u00ed tzv. rodinn\u00e9ho t\u00e1bora. Nen\u00ed jasn\u00e9, pro\u010d u&nbsp;t\u00e9to skupiny nacist\u00e9 ud\u011blali v\u00fdjimku, ka\u017edop\u00e1dn\u011b nerozd\u011blovali rodiny, netetovali na z\u00e1p\u011bst\u00ed \u010d\u00edsla, neholili vlasy \u2013 a&nbsp;hlavn\u011b nedo\u0161lo k&nbsp;tzv. selekci, tedy v\u00fdb\u011bru t\u011bch, kdo p\u0159e\u017eij\u00ed, a&nbsp;kdo p\u016fjdou na smrt v&nbsp;plynov\u00fdch komor\u00e1ch. \u010clenov\u00e9 transportu v\u010detn\u011b d\u011bt\u00ed tak z\u016fstali prozat\u00edm na\u017eivu (i&nbsp;kdy\u017e mnoz\u00ed stejn\u011b podlehli \u00fatrap\u00e1m \u017eivota v&nbsp;t\u00e1bo\u0159e).<\/p>\r\n<p>Ov\u0161em za \u0161est m\u011bs\u00edc\u016f, v&nbsp;noci z&nbsp;8.&nbsp;na 9.&nbsp;b\u0159ezna 1944, byli v\u0161ichni \u010dlenov\u00e9 Arno\u0161tova transportu a&nbsp;tis\u00edce dal\u0161\u00edch \u010dlen\u016f rodinn\u00e9ho t\u00e1bora, z&nbsp;velk\u00e9 v\u011bt\u0161iny \u010deskoslovensk\u00fdch ob\u010dan\u016f, odvezeni do plynov\u00fdch komor, svle\u010deni, otr\u00e1veni plynem Cyklon B, jeho\u017e \u00fa\u010dinn\u00e1 l\u00e1tka byla kyanovod\u00edk, a&nbsp;sp\u00e1leni v&nbsp;pec\u00edch. Tak jako p\u0159edt\u00edm a&nbsp;potom statis\u00edce dal\u0161\u00edch. T\u00e9 noci zem\u0159elo v\u00edce ne\u017e 3&nbsp;700&nbsp;lid\u00ed a&nbsp;nejsp\u00ed\u0161 byl mezi nimi i&nbsp;m\u016fj prastr\u00fdc Arno\u0161t, kdysi hrd\u00fd majitel \u0159eznictv\u00ed na rohu Oveneck\u00e9 a&nbsp;Belgr\u00e9dky, jak se tehdy \u0159\u00edkalo dne\u0161n\u00ed ulici Milady Hor\u00e1kov\u00e9. \u00a0<\/p>\r\n<p>Podle rodinn\u00e9 tradice se str\u00fdc Arno\u0161t n\u011bkdy pot\u00e9, co mu zabavili \u0159eznictv\u00ed, \u201evloupal\u201c do skladu sv\u00e9ho vlastn\u00edho podniku a&nbsp;\u201eukradl\u201c tam n\u011bjak\u00e9 konzervy s&nbsp;p\u00e1rky \u2013 za v\u00e1lky vz\u00e1cnost. Ty pak p\u0159inesl sv\u00e9mu synovci Lubo\u0161ovi, m\u00e9mu t\u00e1tovi (p\u00e1rky pr\u00fd byly moc dobr\u00e9). N\u011bkdo ho ale pr\u00fd vid\u011bl a&nbsp;nahl\u00e1sil na policii.\u00a0 Arno\u0161ta vy\u0161et\u0159ovali, a&nbsp;kdy\u017e vysv\u011btlil, \u017ee to byly vlastn\u011b jeho p\u00e1rky, tak pr\u00fd uznali, \u017ee je nevinn\u00fd, ale mo\u017en\u00e1 to usp\u00ed\u0161ilo jeho odjezd do Terez\u00edna. Rodina udava\u010de znala, ale po v\u00e1lce ho neudala jako kolaboranta \u2013 necht\u011bla d\u011blat zlou krev.<\/p>\r\n<p>Takov\u00fdch rodinn\u00fdch p\u0159\u00edb\u011bh\u016f zn\u00e1m m\u00e1lo a&nbsp;jsou dost nejasn\u00e9, proto\u017ee babi\u010dka Marie um\u0159ela, ne\u017e jsem se j\u00ed mohla pt\u00e1t, a&nbsp;i&nbsp;t\u00e1ta byl v&nbsp;dob\u011b, kdy jsem se dozv\u011bd\u011bla o&nbsp;existenci \u201ezmizel\u00fdch\u201c str\u00fdc\u016f (podobn\u00fd osud m\u011bl i&nbsp;Arno\u0161t\u016fv nejstar\u0161\u00ed bratr Josef s&nbsp;rodinou), u\u017e dost star\u00fd. \u0158adu desetilet\u00ed rodina sv\u016fj z\u010d\u00e1sti \u017eidovsk\u00fd p\u016fvod tajila. B\u00e1la se dal\u0161\u00edho pron\u00e1sledov\u00e1n\u00ed. Mn\u011b ale p\u0159i\u0161lo, \u017ee kdy\u017e se o&nbsp;str\u00fdc\u00edch nemluvilo, tak byli vlastn\u011b jakoby zabiti podruh\u00e9. Nemaj\u00ed ani \u017e\u00e1dn\u00fd hrob. Proto jsem r\u00e1da, \u017ee mi \u017didovsk\u00e1 obec v&nbsp;Praze a&nbsp;pra\u017esk\u00fd magistr\u00e1t umo\u017enily polo\u017eit za Alb\u00ednu, Karla a&nbsp;Arno\u0161ta (i&nbsp;za jejich bratra Josefa a&nbsp;jeho rodinu na Kladensk\u00e9 3 v&nbsp;Praze 6) kameny zmizel\u00fdch, tzv. stolpersteine. Dne 16.&nbsp;z\u00e1\u0159\u00ed 2025 jsme je slavnostn\u011b vlo\u017eili do chodn\u00edku p\u0159ed domem v&nbsp;Oveneck\u00e9 17. Aby p\u0159ipom\u00ednali nejen Alb\u00ednu, Karla a&nbsp;Arno\u0161ta a&nbsp;jejich osudy, ale i&nbsp;to, \u017ee ka\u017ed\u00e1 slep\u00e1 nen\u00e1vist v\u016f\u010di n\u011bjak\u00e9 skupin\u011b (m\u016f\u017eou to b\u00fdt \u017did\u00e9, Romov\u00e9, muslimov\u00e9 nebo t\u0159eba Palestinci) je nebezpe\u010dn\u00e1 a&nbsp;m\u016f\u017ee rozpoutat \u0161\u00edlenosti, kter\u00e9 rezonuj\u00ed generacemi (nejen) potomk\u016f a&nbsp;nezhoj\u00ed se ani za osmdes\u00e1t let od jejich sp\u00e1ch\u00e1n\u00ed.<\/p>\r\n\r\n<figure id=\"attachment_86750\" aria-describedby=\"caption-attachment-86750\" style=\"width: 640px\" class=\"wp-caption alignnone\"><img loading=\"lazy\" src=\"https:\/\/www.praha7.cz\/wp-content\/uploads\/2025\/09\/IMG_9054-1262x1000.jpg\" alt=\"\" width=\"640\" height=\"507\" class=\"wp-image-86750 size-large\" srcset=\"https:\/\/www.praha7.cz\/wp-content\/uploads\/2025\/09\/IMG_9054-1262x1000.jpg 1262w, https:\/\/www.praha7.cz\/wp-content\/uploads\/2025\/09\/IMG_9054-505x400.jpg 505w, https:\/\/www.praha7.cz\/wp-content\/uploads\/2025\/09\/IMG_9054-768x609.jpg 768w, https:\/\/www.praha7.cz\/wp-content\/uploads\/2025\/09\/IMG_9054-1536x1218.jpg 1536w, https:\/\/www.praha7.cz\/wp-content\/uploads\/2025\/09\/IMG_9054-2048x1623.jpg 2048w\" sizes=\"(max-width: 640px) 100vw, 640px\" \/><figcaption id=\"caption-attachment-86750\" class=\"wp-caption-text\">Na\u010fa Johanisov\u00e1 s&nbsp;fotografiemi sv\u00fdch p\u0159edk\u016f p\u0159i pietn\u00edm ulo\u017een\u00ed stolperstein\u016f, 16.&nbsp;z\u00e1\u0159\u00ed 2025<\/figcaption><\/figure>\r\n\r\n<p><strong><em>Na z\u00e1v\u011br chci poprosit: Hled\u00e1me potomky m\u00e9ho prastr\u00fdce Rudolfa Bruml\u00edka (24.&nbsp;1.&nbsp;1897 \u2013 11.&nbsp;1.&nbsp;1990) a&nbsp;jeho d\u011bt\u00ed Pavla a&nbsp;Jany. Pokud o&nbsp;nich cokoli v\u00edte, ozv\u011bte se mi na <a href=\"mailto:johaniso@fss.muni.cz\">johaniso@fss.muni.cz<\/a>. D\u011bkuji.\u00a0<\/em><\/strong><\/p>\r\n\r\n<figure id=\"attachment_86741\" aria-describedby=\"caption-attachment-86741\" style=\"width: 640px\" class=\"wp-caption alignnone\"><img loading=\"lazy\" src=\"https:\/\/www.praha7.cz\/wp-content\/uploads\/2025\/09\/Johanis-lba_060a-1500x951.jpg\" alt=\"\" width=\"640\" height=\"406\" class=\"wp-image-86741 size-large\" srcset=\"https:\/\/www.praha7.cz\/wp-content\/uploads\/2025\/09\/Johanis-lba_060a-1500x951.jpg 1500w, https:\/\/www.praha7.cz\/wp-content\/uploads\/2025\/09\/Johanis-lba_060a-600x381.jpg 600w, https:\/\/www.praha7.cz\/wp-content\/uploads\/2025\/09\/Johanis-lba_060a-768x487.jpg 768w, https:\/\/www.praha7.cz\/wp-content\/uploads\/2025\/09\/Johanis-lba_060a-1536x974.jpg 1536w, https:\/\/www.praha7.cz\/wp-content\/uploads\/2025\/09\/Johanis-lba_060a-2048x1299.jpg 2048w\" sizes=\"(max-width: 640px) 100vw, 640px\" \/><figcaption id=\"caption-attachment-86741\" class=\"wp-caption-text\">Struha\u0159ov, nedatov\u00e1no; naho\u0159e zleva: Josef, Karel, Rudolf, uprost\u0159ed Alb\u00edna, dole zleva: Arno\u0161t, Marie Johanisov\u00e1, Lubo\u0161 Johanis, Franti\u0161ek Johanis<\/figcaption><\/figure>\r\n\r\n<hr \/>\r\n<p><strong>Oveneck\u00e1 376\/4<\/strong><\/p>\r\n<p><strong>Vil\u00e9m Plass<\/strong>, narozen 1886, byl za svou odbojovou \u010dinnost v&nbsp;roce 1943 deportov\u00e1n do Dachau, roku 1944 do Lublinu. Zavra\u017ed\u011bn byl 6.&nbsp;kv\u011btna 1944 v&nbsp;Osv\u011btimi.\u00a0<\/p>\r\n<p><img loading=\"lazy\" src=\"https:\/\/www.praha7.cz\/wp-content\/uploads\/2025\/09\/IMG_9037-1500x844.jpg\" alt=\"\" width=\"640\" height=\"360\" class=\"alignnone size-large wp-image-86748\" srcset=\"https:\/\/www.praha7.cz\/wp-content\/uploads\/2025\/09\/IMG_9037-1500x844.jpg 1500w, https:\/\/www.praha7.cz\/wp-content\/uploads\/2025\/09\/IMG_9037-600x337.jpg 600w, https:\/\/www.praha7.cz\/wp-content\/uploads\/2025\/09\/IMG_9037-768x432.jpg 768w, https:\/\/www.praha7.cz\/wp-content\/uploads\/2025\/09\/IMG_9037-1536x864.jpg 1536w, https:\/\/www.praha7.cz\/wp-content\/uploads\/2025\/09\/IMG_9037-2048x1152.jpg 2048w\" sizes=\"(max-width: 640px) 100vw, 640px\" \/><\/p>\r\n<hr \/>\r\n<p><strong>Kosteln\u00ed 363\/22<\/strong><\/p>\r\n<p><strong>Eduard Spitz<\/strong>, narozen 1886, byl v&nbsp;roce 1942 deportov\u00e1n do Terez\u00edna, je\u0161t\u011b t\u00e9ho\u017e roku do Osv\u011btimi, kde byl zavra\u017ed\u011bn.\u00a0<strong>Anna Spitzov\u00e1<\/strong>, narozen\u00e1 1893, d\u00edv\u010d\u00edm jm\u00e9nem Bruckov\u00e1, byla rovn\u011b\u017e deportov\u00e1na do Terez\u00edna a&nbsp;n\u00e1sledn\u011b zavra\u017ed\u011bna v&nbsp;Osv\u011btimi. Stejn\u00fd osud stihl i&nbsp;jejich dv\u011b dcery, <strong>Evu<\/strong>, narozenou 1922, a&nbsp;o&nbsp;\u010dty\u0159i roky mlad\u0161\u00ed <strong>Editu<\/strong>.\u00a0<\/p>\r\n<p><img loading=\"lazy\" src=\"https:\/\/www.praha7.cz\/wp-content\/uploads\/2025\/09\/IMG_9060-1500x844.jpg\" alt=\"\" width=\"640\" height=\"360\" class=\"alignnone size-large wp-image-86752\" srcset=\"https:\/\/www.praha7.cz\/wp-content\/uploads\/2025\/09\/IMG_9060-1500x844.jpg 1500w, https:\/\/www.praha7.cz\/wp-content\/uploads\/2025\/09\/IMG_9060-600x338.jpg 600w, https:\/\/www.praha7.cz\/wp-content\/uploads\/2025\/09\/IMG_9060-768x432.jpg 768w, https:\/\/www.praha7.cz\/wp-content\/uploads\/2025\/09\/IMG_9060-1536x864.jpg 1536w, https:\/\/www.praha7.cz\/wp-content\/uploads\/2025\/09\/IMG_9060-2048x1152.jpg 2048w\" sizes=\"(max-width: 640px) 100vw, 640px\" \/><\/p>\r\n<p>&nbsp;<\/p>\r\n<p><img loading=\"lazy\" src=\"https:\/\/www.praha7.cz\/wp-content\/uploads\/2025\/09\/IMG_9073-1500x844.jpg\" alt=\"\" width=\"640\" height=\"360\" class=\"alignnone size-large wp-image-86753\" srcset=\"https:\/\/www.praha7.cz\/wp-content\/uploads\/2025\/09\/IMG_9073-1500x844.jpg 1500w, https:\/\/www.praha7.cz\/wp-content\/uploads\/2025\/09\/IMG_9073-600x338.jpg 600w, https:\/\/www.praha7.cz\/wp-content\/uploads\/2025\/09\/IMG_9073-768x432.jpg 768w, https:\/\/www.praha7.cz\/wp-content\/uploads\/2025\/09\/IMG_9073-1536x864.jpg 1536w, https:\/\/www.praha7.cz\/wp-content\/uploads\/2025\/09\/IMG_9073-2048x1152.jpg 2048w\" sizes=\"(max-width: 640px) 100vw, 640px\" \/><\/p>\r\n<hr \/>\r\n<p>M\u00e1te pobl\u00ed\u017e sv\u00e9ho domova k\u00e1men zmizel\u00fdch, kter\u00fd by pot\u0159eboval vy\u010distit? Zapojte se do komunitn\u00ed akce a&nbsp;uct\u011bte p\u0159edchoz\u00ed obyvatele va\u0161eho m\u011bsta. <a href=\"https:\/\/www.youtube.com\/watch?v=VO4xv4_vgj8\" target=\"_blank\" rel=\"noopener\">Zde<\/a> najdete videon\u00e1vod, jak stolperstein vy\u010distit.<br \/>\r\n<br \/>\r\nFotky, jak jste \u010distili stolperstein, po\u0161lete na <a href=\"mailto:info@stolpersteinecz.cz\">info@stolpersteinecz.cz<\/a> nebo je um\u00edst\u011bte na Instagram s&nbsp;hashtagem #cistimeStolpersteine. D\u011bkujeme!<\/p>\r\n<p>&nbsp;<\/p>","protected":false},"excerpt":{"rendered":"[perex] V&nbsp;\u00fater\u00fd 16.&nbsp;z\u00e1\u0159\u00ed 2025 p\u0159ibylo v&nbsp;chodn\u00edc\u00edch Prahy&nbsp;7 osm kamen\u016f zmizel\u00fdch, \u010dty\u0159i v&nbsp;ulici Kosteln\u00ed, \u010dty\u0159i na dvou m\u00edstech v&nbsp;Oveneck\u00e9. Zpr\u00e1vu dopl\u0148ujeme o&nbsp;vz\u00e1cnou rodinnou vzpom\u00ednku Nadi Johanisov\u00e9, za ni\u017e autorce velmi d\u011bkujeme.\u00a0 [\/perex] Mapa stolperstein\u016f v&nbsp;Praze Tvz. stolpersteiny, doslova \u201ekameny, o&nbsp;kter\u00e9 je t\u0159eba klop\u00fdtnout\u201c (pohledem), maj\u00ed podobu dla\u017eebn\u00ed kostky s&nbsp;mosazn\u00fdm povrchem o&nbsp;rozm\u011bru 10 \u00d7 10 cm [&hellip;]","protected":false},"author":251,"featured_media":86749,"comment_status":"closed","ping_status":"open","sticky":false,"template":"","format":"standard","meta":[],"categories":[34],"tags":[135,110],"_links":{"self":[{"href":"https:\/\/www.praha7.cz\/api\/wp\/v2\/posts\/86724"}],"collection":[{"href":"https:\/\/www.praha7.cz\/api\/wp\/v2\/posts"}],"about":[{"href":"https:\/\/www.praha7.cz\/api\/wp\/v2\/types\/post"}],"author":[{"embeddable":true,"href":"https:\/\/www.praha7.cz\/api\/wp\/v2\/users\/251"}],"replies":[{"embeddable":true,"href":"https:\/\/www.praha7.cz\/api\/wp\/v2\/comments?post=86724"}],"version-history":[{"count":9,"href":"https:\/\/www.praha7.cz\/api\/wp\/v2\/posts\/86724\/revisions"}],"predecessor-version":[{"id":87251,"href":"https:\/\/www.praha7.cz\/api\/wp\/v2\/posts\/86724\/revisions\/87251"}],"wp:featuredmedia":[{"embeddable":true,"href":"https:\/\/www.praha7.cz\/api\/wp\/v2\/media\/86749"}],"wp:attachment":[{"href":"https:\/\/www.praha7.cz\/api\/wp\/v2\/media?parent=86724"}],"wp:term":[{"taxonomy":"category","embeddable":true,"href":"https:\/\/www.praha7.cz\/api\/wp\/v2\/categories?post=86724"},{"taxonomy":"post_tag","embeddable":true,"href":"https:\/\/www.praha7.cz\/api\/wp\/v2\/tags?post=86724"}],"curies":[{"name":"wp","href":"https:\/\/api.w.org\/{rel}","templated":true}]}}