    
{"id":86671,"date":"2025-09-16T11:18:07","date_gmt":"2025-09-16T09:18:07","guid":{"rendered":"https:\/\/www.praha7.cz\/?p=86671"},"modified":"2025-09-22T15:52:17","modified_gmt":"2025-09-22T13:52:17","slug":"plavani-seniori-2025-2","status":"publish","type":"post","link":"https:\/\/www.praha7.cz\/plavani-seniori-2025-2\/","title":{"rendered":"Hur\u00e1 do baz\u00e9nu! Plav\u00e1n\u00ed pro seniory op\u011bt od \u0159\u00edjna"},"content":{"rendered":"<p>[perex]<\/p>\r\n<p>Od \u0159\u00edjna 2025 jsme pro seniory z&nbsp;Prahy&nbsp;7 op\u011bt p\u0159ipravili plav\u00e1n\u00ed s&nbsp;cvi\u010den\u00edm v&nbsp;baz\u00e9nu na V\u00fdstavi\u0161ti. Kurzy veden\u00e9 profesion\u00e1ln\u00edmi lektory se konaj\u00ed v&nbsp;term\u00ednech uveden\u00fdch n\u00ed\u017ee v\u017edy od 13 do 14 hodin. <strong>Rezervaci maxim\u00e1ln\u011b p\u011bti vybran\u00fdch term\u00edn\u016f je t\u0159eba prov\u00e9st osobn\u011b v&nbsp;pond\u011bl\u00ed 22.&nbsp;z\u00e1\u0159\u00ed 2025 od 9 do 11 hodin ve <a href=\"https:\/\/vodarenskavezletna.cz\/o-nas\/\" target=\"_blank\" rel=\"noopener\">Vod\u00e1rensk\u00e9 v\u011b\u017ei Letn\u00e1<\/a>, vstup z&nbsp;ulice Korunova\u010dn\u00ed<\/strong>. Vstupn\u00e9 20&nbsp;K\u010d se hrad\u00ed v&nbsp;pokladn\u011b baz\u00e9nu.<\/p>\r\n<p>[\/perex]<\/p>\r\n<p><strong>Term\u00edny:<\/strong><\/p>\r\n<p>\u0158\u00edjen 6., 10., 13., 17., 20., 24., 27., 31.<\/p>\r\n<p>Listopad 3., 7., 10., 14., 21., 24., 28.<\/p>\r\n<p>Prosinec 1., 5., 8., 12., 15.<\/p>\r\n<p>&nbsp;<\/p>\r\n<p><a href=\"https:\/\/navystavisti.cz\/sport\/plavecky-bazen\/\" target=\"_blank\" rel=\"noopener\">Plaveck\u00fd baz\u00e9n na V\u00fdstavi\u0161ti<\/a>, Praha&nbsp;7<\/p>\r\n<p>&nbsp;<\/p>\r\n<p>\u010clenov\u00e9 klubu senior\u016f M\u010c Praha&nbsp;7 p\u0159edlo\u017e\u00ed p\u0159i registraci \u010dlenskou kartu.<\/p>\r\n<p>Vstupn\u00e9 20&nbsp;K\u010d se hrad\u00ed v&nbsp;pokladn\u011b baz\u00e9nu.<\/p>\r\n<p>&nbsp;<\/p>\r\n<p><strong>Informace o\u00a0tomto i\u00a0dal\u0161\u00edch pohybov\u00fdch programech najdete\u00a0<a href=\"https:\/\/www.praha7.cz\/volny-cas-prehled\/seniori\/pohybove-aktivity\/\">ZDE<\/a>.<\/strong><\/p>","protected":false},"excerpt":{"rendered":"[perex] Od \u0159\u00edjna 2025 jsme pro seniory z&nbsp;Prahy&nbsp;7 op\u011bt p\u0159ipravili plav\u00e1n\u00ed s&nbsp;cvi\u010den\u00edm v&nbsp;baz\u00e9nu na V\u00fdstavi\u0161ti. Kurzy veden\u00e9 profesion\u00e1ln\u00edmi lektory se konaj\u00ed v&nbsp;term\u00ednech uveden\u00fdch n\u00ed\u017ee v\u017edy od 13 do 14 hodin. Rezervaci maxim\u00e1ln\u011b p\u011bti vybran\u00fdch term\u00edn\u016f je t\u0159eba prov\u00e9st osobn\u011b v&nbsp;pond\u011bl\u00ed 22.&nbsp;z\u00e1\u0159\u00ed 2025 od 9 do 11 hodin ve Vod\u00e1rensk\u00e9 v\u011b\u017ei Letn\u00e1, vstup z&nbsp;ulice Korunova\u010dn\u00ed. Vstupn\u00e9 [&hellip;]","protected":false},"author":5,"featured_media":86672,"comment_status":"closed","ping_status":"open","sticky":false,"template":"","format":"standard","meta":[],"categories":[34],"tags":[115,122],"_links":{"self":[{"href":"https:\/\/www.praha7.cz\/api\/wp\/v2\/posts\/86671"}],"collection":[{"href":"https:\/\/www.praha7.cz\/api\/wp\/v2\/posts"}],"about":[{"href":"https:\/\/www.praha7.cz\/api\/wp\/v2\/types\/post"}],"author":[{"embeddable":true,"href":"https:\/\/www.praha7.cz\/api\/wp\/v2\/users\/5"}],"replies":[{"embeddable":true,"href":"https:\/\/www.praha7.cz\/api\/wp\/v2\/comments?post=86671"}],"version-history":[{"count":6,"href":"https:\/\/www.praha7.cz\/api\/wp\/v2\/posts\/86671\/revisions"}],"predecessor-version":[{"id":88995,"href":"https:\/\/www.praha7.cz\/api\/wp\/v2\/posts\/86671\/revisions\/88995"}],"wp:featuredmedia":[{"embeddable":true,"href":"https:\/\/www.praha7.cz\/api\/wp\/v2\/media\/86672"}],"wp:attachment":[{"href":"https:\/\/www.praha7.cz\/api\/wp\/v2\/media?parent=86671"}],"wp:term":[{"taxonomy":"category","embeddable":true,"href":"https:\/\/www.praha7.cz\/api\/wp\/v2\/categories?post=86671"},{"taxonomy":"post_tag","embeddable":true,"href":"https:\/\/www.praha7.cz\/api\/wp\/v2\/tags?post=86671"}],"curies":[{"name":"wp","href":"https:\/\/api.w.org\/{rel}","templated":true}]}}