    
{"id":86652,"date":"2025-09-15T17:33:23","date_gmt":"2025-09-15T15:33:23","guid":{"rendered":"https:\/\/www.praha7.cz\/?p=86652"},"modified":"2025-09-16T12:33:47","modified_gmt":"2025-09-16T10:33:47","slug":"vok-v-malirske-nemohl-byt-pristaven","status":"publish","type":"post","link":"https:\/\/www.praha7.cz\/vok-v-malirske-nemohl-byt-pristaven\/","title":{"rendered":"VOK v&nbsp;Mal\u00ed\u0159sk\u00e9 nemohl b\u00fdt p\u0159istaven"},"content":{"rendered":"<p>[perex]<\/p>\r\n<p>V\u00e1\u017een\u00ed ob\u010dan\u00e9, omlouv\u00e1me se, ale svozov\u00e1 slu\u017eba IPODEC nemohla dne 15.&nbsp;z\u00e1\u0159\u00ed 2025 p\u0159istavit velkoobjemov\u00fd kontejner na adresu U&nbsp;Stud\u00e1nky \u010d. 22 \u00d7 Mal\u00ed\u0159sk\u00e1. D\u016fvodem byla vozidla, resp. \u0159idi\u010di, kte\u0159\u00ed nedbali dopravn\u00edho zna\u010den\u00ed a&nbsp;nechali sv\u00e1 auta zaparkovan\u00e1 v&nbsp;m\u00edst\u011b pl\u00e1novan\u00e9ho p\u0159istaven\u00ed kontejneru.\u00a0<\/p>\r\n<p>[\/perex]<\/p>\r\n<p>Harmonogram p\u0159istaven\u00ed VOK\u016f najdete v\u017edy v&nbsp;Hobuletu a&nbsp;tak\u00e9 <a href=\"https:\/\/www.praha7.cz\/temata\/odpad\/velkoobjemove-kontejnery\/\" target=\"_blank\" rel=\"noopener\">zde<\/a>.<\/p>\r\n\r\n<figure id=\"attachment_86658\" aria-describedby=\"caption-attachment-86658\" style=\"width: 432px\" class=\"wp-caption alignnone\"><img loading=\"lazy\" src=\"https:\/\/www.praha7.cz\/wp-content\/uploads\/2025\/09\/auta-vs-vok.jpg\" alt=\"\" width=\"432\" height=\"228\" class=\"size-full wp-image-86658\" \/><figcaption id=\"caption-attachment-86658\" class=\"wp-caption-text\">aktu\u00e1ln\u00ed situace z&nbsp;m\u00edsta<\/figcaption><\/figure>","protected":false},"excerpt":{"rendered":"[perex] V\u00e1\u017een\u00ed ob\u010dan\u00e9, omlouv\u00e1me se, ale svozov\u00e1 slu\u017eba IPODEC nemohla dne 15.&nbsp;z\u00e1\u0159\u00ed 2025 p\u0159istavit velkoobjemov\u00fd kontejner na adresu U&nbsp;Stud\u00e1nky \u010d. 22 \u00d7 Mal\u00ed\u0159sk\u00e1. D\u016fvodem byla vozidla, resp. \u0159idi\u010di, kte\u0159\u00ed nedbali dopravn\u00edho zna\u010den\u00ed a&nbsp;nechali sv\u00e1 auta zaparkovan\u00e1 v&nbsp;m\u00edst\u011b pl\u00e1novan\u00e9ho p\u0159istaven\u00ed kontejneru.\u00a0 [\/perex] Harmonogram p\u0159istaven\u00ed VOK\u016f najdete v\u017edy v&nbsp;Hobuletu a&nbsp;tak\u00e9 zde.","protected":false},"author":251,"featured_media":85396,"comment_status":"closed","ping_status":"open","sticky":false,"template":"","format":"standard","meta":[],"categories":[34],"tags":[114],"_links":{"self":[{"href":"https:\/\/www.praha7.cz\/api\/wp\/v2\/posts\/86652"}],"collection":[{"href":"https:\/\/www.praha7.cz\/api\/wp\/v2\/posts"}],"about":[{"href":"https:\/\/www.praha7.cz\/api\/wp\/v2\/types\/post"}],"author":[{"embeddable":true,"href":"https:\/\/www.praha7.cz\/api\/wp\/v2\/users\/251"}],"replies":[{"embeddable":true,"href":"https:\/\/www.praha7.cz\/api\/wp\/v2\/comments?post=86652"}],"version-history":[{"count":6,"href":"https:\/\/www.praha7.cz\/api\/wp\/v2\/posts\/86652\/revisions"}],"predecessor-version":[{"id":86662,"href":"https:\/\/www.praha7.cz\/api\/wp\/v2\/posts\/86652\/revisions\/86662"}],"wp:featuredmedia":[{"embeddable":true,"href":"https:\/\/www.praha7.cz\/api\/wp\/v2\/media\/85396"}],"wp:attachment":[{"href":"https:\/\/www.praha7.cz\/api\/wp\/v2\/media?parent=86652"}],"wp:term":[{"taxonomy":"category","embeddable":true,"href":"https:\/\/www.praha7.cz\/api\/wp\/v2\/categories?post=86652"},{"taxonomy":"post_tag","embeddable":true,"href":"https:\/\/www.praha7.cz\/api\/wp\/v2\/tags?post=86652"}],"curies":[{"name":"wp","href":"https:\/\/api.w.org\/{rel}","templated":true}]}}