    
{"id":86647,"date":"2025-09-15T13:43:04","date_gmt":"2025-09-15T11:43:04","guid":{"rendered":"https:\/\/www.praha7.cz\/?p=86647"},"modified":"2025-09-19T13:58:33","modified_gmt":"2025-09-19T11:58:33","slug":"detske-skupiny-prahy-7-jiz-prijimaji-deti-od-2-let","status":"publish","type":"post","link":"https:\/\/www.praha7.cz\/detske-skupiny-prahy-7-jiz-prijimaji-deti-od-2-let\/","title":{"rendered":"D\u011btsk\u00e9 skupiny Prahy&nbsp;7 ji\u017e p\u0159ij\u00edmaj\u00ed d\u011bti od 2 let"},"content":{"rendered":"<p>[perex]<\/p>\r\n<p>Dobr\u00e1 zpr\u00e1va pro rodi\u010de mlad\u0161\u00edch d\u011bt\u00ed. Poda\u0159ilo se vypo\u0159\u00e1dat se v\u0161emi p\u0159\u00edsn\u00fdmi po\u017eadavky po\u017e\u00e1rn\u011b bezpe\u010dnostn\u00edch p\u0159edpis\u016f v&nbsp;d\u011btsk\u00fdch skupin\u00e1ch Prahy&nbsp;7 a&nbsp;d\u00edky tomu v\u0161echny tyto d\u011btsk\u00e9 skupiny mohou p\u0159ij\u00edmat d\u011bti ji\u017e od dvou let.<\/p>\r\n<p>Z\u00e1rove\u0148 upozor\u0148ujeme, \u017ee n\u011bkter\u00e9 skupiny maj\u00ed v&nbsp;sou\u010dasn\u00e9 dob\u011b st\u00e1le je\u0161t\u011b voln\u00e1 m\u00edsta (aktu\u00e1ln\u011b Dome\u010dek a&nbsp;Kulihr\u00e1\u0161ek).<\/p>\r\n<p>P\u0159ehled d\u011btsk\u00fdch skupin a&nbsp;kontakty, kam se m\u016f\u017eete obr\u00e1tit, najdete <a href=\"https:\/\/www.praha7.cz\/seznam-detskych-skupin\/\">zde<\/a>.<\/p>\r\n<p>[\/perex]<\/p>","protected":false},"excerpt":{"rendered":"[perex] Dobr\u00e1 zpr\u00e1va pro rodi\u010de mlad\u0161\u00edch d\u011bt\u00ed. Poda\u0159ilo se vypo\u0159\u00e1dat se v\u0161emi p\u0159\u00edsn\u00fdmi po\u017eadavky po\u017e\u00e1rn\u011b bezpe\u010dnostn\u00edch p\u0159edpis\u016f v&nbsp;d\u011btsk\u00fdch skupin\u00e1ch Prahy&nbsp;7 a&nbsp;d\u00edky tomu v\u0161echny tyto d\u011btsk\u00e9 skupiny mohou p\u0159ij\u00edmat d\u011bti ji\u017e od dvou let. Z\u00e1rove\u0148 upozor\u0148ujeme, \u017ee n\u011bkter\u00e9 skupiny maj\u00ed v&nbsp;sou\u010dasn\u00e9 dob\u011b st\u00e1le je\u0161t\u011b voln\u00e1 m\u00edsta (aktu\u00e1ln\u011b Dome\u010dek a&nbsp;Kulihr\u00e1\u0161ek). P\u0159ehled d\u011btsk\u00fdch skupin a&nbsp;kontakty, kam se m\u016f\u017eete [&hellip;]","protected":false},"author":5,"featured_media":86649,"comment_status":"closed","ping_status":"open","sticky":false,"template":"","format":"standard","meta":[],"categories":[34],"tags":[123,83],"_links":{"self":[{"href":"https:\/\/www.praha7.cz\/api\/wp\/v2\/posts\/86647"}],"collection":[{"href":"https:\/\/www.praha7.cz\/api\/wp\/v2\/posts"}],"about":[{"href":"https:\/\/www.praha7.cz\/api\/wp\/v2\/types\/post"}],"author":[{"embeddable":true,"href":"https:\/\/www.praha7.cz\/api\/wp\/v2\/users\/5"}],"replies":[{"embeddable":true,"href":"https:\/\/www.praha7.cz\/api\/wp\/v2\/comments?post=86647"}],"version-history":[{"count":1,"href":"https:\/\/www.praha7.cz\/api\/wp\/v2\/posts\/86647\/revisions"}],"predecessor-version":[{"id":86651,"href":"https:\/\/www.praha7.cz\/api\/wp\/v2\/posts\/86647\/revisions\/86651"}],"wp:featuredmedia":[{"embeddable":true,"href":"https:\/\/www.praha7.cz\/api\/wp\/v2\/media\/86649"}],"wp:attachment":[{"href":"https:\/\/www.praha7.cz\/api\/wp\/v2\/media?parent=86647"}],"wp:term":[{"taxonomy":"category","embeddable":true,"href":"https:\/\/www.praha7.cz\/api\/wp\/v2\/categories?post=86647"},{"taxonomy":"post_tag","embeddable":true,"href":"https:\/\/www.praha7.cz\/api\/wp\/v2\/tags?post=86647"}],"curies":[{"name":"wp","href":"https:\/\/api.w.org\/{rel}","templated":true}]}}