    
{"id":86621,"date":"2025-09-12T15:55:19","date_gmt":"2025-09-12T13:55:19","guid":{"rendered":"https:\/\/www.praha7.cz\/?p=86621"},"modified":"2025-09-15T10:45:52","modified_gmt":"2025-09-15T08:45:52","slug":"trojske-vinobrani-v-sobotu-13-zari","status":"publish","type":"post","link":"https:\/\/www.praha7.cz\/trojske-vinobrani-v-sobotu-13-zari\/","title":{"rendered":"Trojsk\u00e9 vinobran\u00ed v&nbsp;sobotu 13.&nbsp;z\u00e1\u0159\u00ed"},"content":{"rendered":"<p>[perex]<\/p>\r\n<p>M\u011bstsk\u00e1 \u010d\u00e1st Praha \u2013 Troja a&nbsp;GHMP v\u00e1s zvou na 27.&nbsp;ro\u010dn\u00edk Trojsk\u00e9ho vinobran\u00ed. Tato tradi\u010dn\u00ed ud\u00e1lost se uskute\u010dn\u00ed v&nbsp;sobotu 13.&nbsp;z\u00e1\u0159\u00ed 2025 od 11 hodin v&nbsp;zahrad\u00e1ch Trojsk\u00e9ho z\u00e1mku. Vstup zdarma.<\/p>\r\n<p>[\/perex]<\/p>\r\n<p><strong><a href=\"https:\/\/www.mctroja.cz\/akce\/trojske-vinobrani-2025-252.html\" target=\"_blank\" rel=\"noopener\">PROGRAM<\/a><\/strong><\/p>\r\n<p>Krom\u011b degustace v\u00edn se m\u016f\u017eete t\u011b\u0161it na bohat\u00fd kulturn\u00ed program, prohl\u00eddky Trojsk\u00e9ho z\u00e1mku zdarma, \u017eivou hudbu po cel\u00fd den, d\u011btsk\u00e9 divadlo a&nbsp;worshopy, vystoupen\u00ed kapely \u201eobjev roku\u201c Adovany a&nbsp;skv\u011bl\u00e9 j\u00eddlo.<\/p>\r\n<p>U\u017eijte si kr\u00e1sn\u00fd den v\u00a0kr\u00e1sn\u00e9m barokn\u00edm prost\u0159ed\u00ed!<\/p>\r\n<p>Vstup na vinobran\u00ed je ZDARMA.<\/p>","protected":false},"excerpt":{"rendered":"[perex] M\u011bstsk\u00e1 \u010d\u00e1st Praha \u2013 Troja a&nbsp;GHMP v\u00e1s zvou na 27.&nbsp;ro\u010dn\u00edk Trojsk\u00e9ho vinobran\u00ed. Tato tradi\u010dn\u00ed ud\u00e1lost se uskute\u010dn\u00ed v&nbsp;sobotu 13.&nbsp;z\u00e1\u0159\u00ed 2025 od 11 hodin v&nbsp;zahrad\u00e1ch Trojsk\u00e9ho z\u00e1mku. Vstup zdarma. [\/perex] PROGRAM Krom\u011b degustace v\u00edn se m\u016f\u017eete t\u011b\u0161it na bohat\u00fd kulturn\u00ed program, prohl\u00eddky Trojsk\u00e9ho z\u00e1mku zdarma, \u017eivou hudbu po cel\u00fd den, d\u011btsk\u00e9 divadlo a&nbsp;worshopy, vystoupen\u00ed kapely [&hellip;]","protected":false},"author":251,"featured_media":86622,"comment_status":"closed","ping_status":"open","sticky":false,"template":"","format":"standard","meta":[],"categories":[34],"tags":[91],"_links":{"self":[{"href":"https:\/\/www.praha7.cz\/api\/wp\/v2\/posts\/86621"}],"collection":[{"href":"https:\/\/www.praha7.cz\/api\/wp\/v2\/posts"}],"about":[{"href":"https:\/\/www.praha7.cz\/api\/wp\/v2\/types\/post"}],"author":[{"embeddable":true,"href":"https:\/\/www.praha7.cz\/api\/wp\/v2\/users\/251"}],"replies":[{"embeddable":true,"href":"https:\/\/www.praha7.cz\/api\/wp\/v2\/comments?post=86621"}],"version-history":[{"count":1,"href":"https:\/\/www.praha7.cz\/api\/wp\/v2\/posts\/86621\/revisions"}],"predecessor-version":[{"id":86623,"href":"https:\/\/www.praha7.cz\/api\/wp\/v2\/posts\/86621\/revisions\/86623"}],"wp:featuredmedia":[{"embeddable":true,"href":"https:\/\/www.praha7.cz\/api\/wp\/v2\/media\/86622"}],"wp:attachment":[{"href":"https:\/\/www.praha7.cz\/api\/wp\/v2\/media?parent=86621"}],"wp:term":[{"taxonomy":"category","embeddable":true,"href":"https:\/\/www.praha7.cz\/api\/wp\/v2\/categories?post=86621"},{"taxonomy":"post_tag","embeddable":true,"href":"https:\/\/www.praha7.cz\/api\/wp\/v2\/tags?post=86621"}],"curies":[{"name":"wp","href":"https:\/\/api.w.org\/{rel}","templated":true}]}}