    
{"id":86598,"date":"2025-09-11T16:58:37","date_gmt":"2025-09-11T14:58:37","guid":{"rendered":"https:\/\/www.praha7.cz\/?p=86598"},"modified":"2025-09-16T12:31:45","modified_gmt":"2025-09-16T10:31:45","slug":"rekonstrukce-plynovodu-v-ul-plynarni-a-okoli","status":"publish","type":"post","link":"https:\/\/www.praha7.cz\/rekonstrukce-plynovodu-v-ul-plynarni-a-okoli\/","title":{"rendered":"Rekonstrukce plynovodu v&nbsp;ul. Plyn\u00e1rn\u00ed a&nbsp;okol\u00ed"},"content":{"rendered":"<p>[perex]<\/p>\r\n<p>Upozor\u0148ujeme na v\u00fdkopov\u00e9 pr\u00e1ce spojen\u00e9 s\u00a0rekonstrukc\u00ed plynovodu v\u00a0ul. Plyn\u00e1rn\u00ed v\u00fdchodn\u011b od ul. Argentinsk\u00e1 a&nbsp;okoln\u00edch ulic\u00edch. Pr\u00e1ce, kter\u00e9 realizuje Pra\u017esk\u00e1 plyn\u00e1rensk\u00e1 Distribuce, budou podle p\u0159edpoklad\u016f prob\u00edhat v\u00a0n\u011bkolika etap\u00e1ch od 11.&nbsp;z\u00e1\u0159\u00ed do 7.&nbsp;listopadu 2025.<\/p>\r\n<p>S rekonstrukc\u00ed budou spojena do\u010dasn\u00e1 omezen\u00ed dopravy a&nbsp;parkov\u00e1n\u00ed v&nbsp;dot\u010den\u00fdch \u00fasec\u00edch ulic Plyn\u00e1rn\u00ed, U&nbsp;M\u011bstsk\u00fdch dom\u016f, Kouteck\u00e9ho, U&nbsp;Star\u00e9 plyn\u00e1rny \u010di v&nbsp;k\u0159i\u017eovatk\u00e1ch s&nbsp;n\u011bkter\u00fdmi okoln\u00edmi ulicemi.<\/p>\r\n<p>Pros\u00edme, sledujte m\u00edstn\u00ed dopravn\u00ed zna\u010den\u00ed.<\/p>\r\n<p>[\/perex]<\/p>\r\n<p>D\u016fvodem pl\u00e1novan\u00fdch oprav je dlouhodob\u00e9 zaji\u0161t\u011bn\u00ed bezpe\u010dnosti a&nbsp;plynulosti dod\u00e1vek zemn\u00edho plynu nejen v\u00a0t\u00e9to oblasti.<\/p>\r\n<p>Pro p\u0159\u00edpadn\u00e9 dotazy \u010di p\u0159ipom\u00ednky m\u016f\u017eete vyu\u017e\u00edt <a href=\"https:\/\/www.ppdistribuce.cz\/\" target=\"_blank\" rel=\"noopener\">kontaktn\u00ed centrum PPD<\/a>.<\/p>\r\n<p>D\u011bkujeme za pochopen\u00ed a&nbsp;trp\u011blivost.<\/p>","protected":false},"excerpt":{"rendered":"[perex] Upozor\u0148ujeme na v\u00fdkopov\u00e9 pr\u00e1ce spojen\u00e9 s\u00a0rekonstrukc\u00ed plynovodu v\u00a0ul. Plyn\u00e1rn\u00ed v\u00fdchodn\u011b od ul. Argentinsk\u00e1 a&nbsp;okoln\u00edch ulic\u00edch. Pr\u00e1ce, kter\u00e9 realizuje Pra\u017esk\u00e1 plyn\u00e1rensk\u00e1 Distribuce, budou podle p\u0159edpoklad\u016f prob\u00edhat v\u00a0n\u011bkolika etap\u00e1ch od 11.&nbsp;z\u00e1\u0159\u00ed do 7.&nbsp;listopadu 2025. S&nbsp;rekonstrukc\u00ed budou spojena do\u010dasn\u00e1 omezen\u00ed dopravy a&nbsp;parkov\u00e1n\u00ed v&nbsp;dot\u010den\u00fdch \u00fasec\u00edch ulic Plyn\u00e1rn\u00ed, U&nbsp;M\u011bstsk\u00fdch dom\u016f, Kouteck\u00e9ho, U&nbsp;Star\u00e9 plyn\u00e1rny \u010di v&nbsp;k\u0159i\u017eovatk\u00e1ch s&nbsp;n\u011bkter\u00fdmi okoln\u00edmi ulicemi. [&hellip;]","protected":false},"author":5,"featured_media":84713,"comment_status":"closed","ping_status":"open","sticky":false,"template":"","format":"standard","meta":[],"categories":[34],"tags":[57,125],"_links":{"self":[{"href":"https:\/\/www.praha7.cz\/api\/wp\/v2\/posts\/86598"}],"collection":[{"href":"https:\/\/www.praha7.cz\/api\/wp\/v2\/posts"}],"about":[{"href":"https:\/\/www.praha7.cz\/api\/wp\/v2\/types\/post"}],"author":[{"embeddable":true,"href":"https:\/\/www.praha7.cz\/api\/wp\/v2\/users\/5"}],"replies":[{"embeddable":true,"href":"https:\/\/www.praha7.cz\/api\/wp\/v2\/comments?post=86598"}],"version-history":[{"count":4,"href":"https:\/\/www.praha7.cz\/api\/wp\/v2\/posts\/86598\/revisions"}],"predecessor-version":[{"id":86603,"href":"https:\/\/www.praha7.cz\/api\/wp\/v2\/posts\/86598\/revisions\/86603"}],"wp:featuredmedia":[{"embeddable":true,"href":"https:\/\/www.praha7.cz\/api\/wp\/v2\/media\/84713"}],"wp:attachment":[{"href":"https:\/\/www.praha7.cz\/api\/wp\/v2\/media?parent=86598"}],"wp:term":[{"taxonomy":"category","embeddable":true,"href":"https:\/\/www.praha7.cz\/api\/wp\/v2\/categories?post=86598"},{"taxonomy":"post_tag","embeddable":true,"href":"https:\/\/www.praha7.cz\/api\/wp\/v2\/tags?post=86598"}],"curies":[{"name":"wp","href":"https:\/\/api.w.org\/{rel}","templated":true}]}}