    
{"id":86559,"date":"2025-09-10T17:57:59","date_gmt":"2025-09-10T15:57:59","guid":{"rendered":"https:\/\/www.praha7.cz\/?p=86559"},"modified":"2025-09-22T08:55:58","modified_gmt":"2025-09-22T06:55:58","slug":"v-sobotu-20-zari-zazijte-mesto-jinak","status":"publish","type":"post","link":"https:\/\/www.praha7.cz\/v-sobotu-20-zari-zazijte-mesto-jinak\/","title":{"rendered":"V sobotu 20.&nbsp;z\u00e1\u0159\u00ed za\u017eijte m\u011bsto jinak"},"content":{"rendered":"<p>[perex]<\/p>\r\n<p>T\u0159et\u00ed z\u00e1\u0159ijov\u00e1 sobota pat\u0159\u00ed ji\u017e tradi\u010dn\u011b sousedsk\u00fdm setk\u00e1n\u00edm v&nbsp;ulic\u00edch. Na Sedmi\u010dce m\u016f\u017eete 20.&nbsp;z\u00e1\u0159\u00ed 2025 za\u017e\u00edt m\u011bsto jinak v&nbsp;sedmi lokalit\u00e1ch, stru\u010dn\u00e9 pozv\u00e1nky v\u010detn\u011b dopravn\u00edch omezen\u00ed p\u0159in\u00e1\u0161\u00edme n\u00ed\u017ee. \u00dapln\u00fd program pak najdete na webu <a href=\"https:\/\/zazitmestojinak.cz\/misto\/praha\" target=\"_blank\" rel=\"noopener\">Za\u017e\u00edt m\u011bsto jinak<\/a> a&nbsp;je\u0161t\u011b v\u00edce se do\u010dtete <a href=\"https:\/\/www.praha7.cz\/sila-komunit\/\" target=\"_blank\" rel=\"noopener\">v Hobuletu<\/a>. S&nbsp;ud\u00e1lost\u00ed se poj\u00ed tak\u00e9 dopravn\u00ed omezen\u00ed \u2013 v\u011bnujte pros\u00edm pozornost dopravn\u00edmu zna\u010den\u00ed v&nbsp;jednotliv\u00fdch oblastech.<\/p>\r\n<p>[\/perex]<\/p>\r\n<h3>Hole\u0161ovick\u00e1 tr\u017enice \u2013 Reuse den<\/h3>\r\n<p>Hole\u0161ovick\u00e1 tr\u017enice se na jeden den prom\u011bn\u00ed v&nbsp;m\u00edsto, kde v\u011bci dost\u00e1vaj\u00ed novou \u0161anci. V&nbsp;hale 13A prob\u011bhne <a href=\"https:\/\/www.praha7.cz\/reuse-den-25\/\" target=\"_blank\" rel=\"noopener\">Reuse den<\/a> \u2013 akce pln\u00e1 v\u00fdm\u011bn, n\u00e1pad\u016f a&nbsp;inspirace. Mo\u017en\u00e1 si dom\u016f odnesete \u0161perk m\u00edsto \u0161at\u016f, hrnek za konvici nebo origin\u00e1ln\u00ed v\u00fd\u0161ivku m\u00edsto oby\u010dejn\u00e9ho tri\u010dka.<\/p>\r\n<p>Pravidla jsou jednoduch\u00e1: p\u0159ineste maxim\u00e1ln\u011b 10 kus\u016f oble\u010den\u00ed a\/nebo dv\u011b ta\u0161ky jin\u00fdch v\u011bc\u00ed a&nbsp;odneste si to, co se v\u00e1m hod\u00ed a&nbsp;l\u00edb\u00ed. Vym\u011b\u0148ovat lze oble\u010den\u00ed, dopl\u0148ky, textil do dom\u00e1cnosti, n\u00e1dob\u00ed, sklo, porcel\u00e1n, pokojov\u00e9 rostliny i&nbsp;r\u016fzn\u00e9 dekorace. V\u0161echny p\u0159edm\u011bty se p\u0159edem rozt\u0159\u00edd\u00ed a&nbsp;p\u0159ehledn\u011b vystav\u00ed na \u0161tendrech a&nbsp;stolech, aby se v\u00e1m dob\u0159e vyb\u00edralo.<\/p>\r\n<p>Sou\u010d\u00e1st\u00ed programu jsou i&nbsp;tvo\u0159iv\u00e9 workshopy.\u00a0<\/p>\r\n<p><a href=\"https:\/\/www.praha7.cz\/reuse-den-25\/\" target=\"_blank\" rel=\"noopener\">Reuse den<\/a> po\u0159\u00e1d\u00e1 cirkul\u00e1rn\u00ed spot Sto\u00b7re v\u00a0Hole\u0161ovick\u00e9 tr\u017enici ve spolupr\u00e1ci s\u00a0M\u010c Praha\u00a07, za podpory Hlavn\u00edho m\u011bsta Prahy a\u00a0iniciativy Cirkul\u00e1rn\u00ed Praha.<\/p>\r\n<hr \/>\r\n<h3>U\u00a0Akademie \u2013 m\u00edsto, kde se setk\u00e1vaj\u00ed soused\u00e9<\/h3>\r\n<p>Jedna z&nbsp;nejd\u00e9le funguj\u00edc\u00edch lokalit Za\u017e\u00edt m\u011bsto jinak v\u016fbec a&nbsp;slu\u017eebn\u011b nejstar\u0161\u00ed sedmi\u010dkov\u00e1 lokalita se nach\u00e1z\u00ed na Letn\u00e9 U&nbsp;Akademie p\u0159ed Lajkou. Letos se m\u016f\u017eete t\u011b\u0161it na setk\u00e1n\u00ed se sousedy a&nbsp;sousedkami, \u017eivou hudbu, ble\u0161\u00e1ky i&nbsp;dom\u00e1c\u00ed ob\u010derstven\u00ed v\u010detn\u011b v\u00fdte\u010dn\u00e9ho piva.<\/p>\r\n<p><strong>Doprava:<\/strong> uzav\u0159en\u00ed ulice U&nbsp;Akademie (v&nbsp;\u00faseku Socha\u0159sk\u00e1 \u00d7 Mal\u00ed\u0159sk\u00e1)<\/p>\r\n<hr \/>\r\n<h3>Strossmayerovo n\u00e1m\u011bst\u00ed \u2013 slavnost s\u00a0posl\u00e1n\u00edm<\/h3>\r\n<p>Na \u201eStrossu\u201c se uskute\u010dn\u00ed Za\u017e\u00edt m\u011bsto jinak u\u017e podev\u00e1t\u00e9. Po lokalit\u011b U&nbsp;Akademie je tak Strossmayerovo n\u00e1m\u011bst\u00ed druh\u00fdm nejstar\u0161\u00edm epicentrem zdej\u0161\u00edch sousedsk\u00fdch slavnost\u00ed. Program je letos nachystan\u00fd od 13 do 17.30 a&nbsp;zam\u011b\u0159\u00ed se na osudy lid\u00ed na okraji spole\u010dnosti \u2013 senior\u016f, osob s&nbsp;psychick\u00fdmi probl\u00e9my, lid\u00ed bez domova, nemocn\u00fdch, t\u00fdran\u00fdch d\u011bt\u00ed \u010di d\u011bt\u00ed, jejich\u017e rodi\u010de jsou ve v\u011bzen\u00ed.<\/p>\r\n<p>P\u0159ed kostelem sv. Anton\u00edna se p\u0159edstav\u00ed \u0159ada organizac\u00ed: Fokus Praha, Medici na ulici, Charita Hole\u0161ovice, Pe\u010dovatelsk\u00e9 centrum Praha\u00a07, Centrum LOCIKA, P\u0159\u00edstav 7, Mezin\u00e1rodn\u00ed v\u011bze\u0148sk\u00e9 spole\u010denstv\u00ed, \u010cerven\u00fd k\u0159\u00ed\u017e, Spolek Ignisio, Rodinn\u00e9 centrum Letn\u00e1 a\u00a0dal\u0161\u00ed.<\/p>\r\n<p>Doprovodn\u00fd program nab\u00eddne d\u011btsk\u00e9 d\u00edlni\u010dky, koncert, divadlo a\u00a0sousedsk\u00fd piknik. V\u00a0Anton\u00ednov\u011b peka\u0159stv\u00ed si d\u011bti mohou upl\u00e9st housku. Spolek Ignisio zajist\u00ed v\u00fdstupy na v\u011b\u017ee kostela s\u00a0v\u00fdkladem. Pokud m\u016f\u017eete, p\u0159ineste si vlastn\u00ed hrn\u00ed\u010dek \u2013 jednor\u00e1zov\u00fdm kel\u00edmk\u016fm se tu sna\u017e\u00ed vyhnout. Slavnost navazuje na celoro\u010dn\u00ed komunitn\u00ed aktivity v\u00a0lokalit\u011b \u2013 ned\u011bln\u00ed setk\u00e1n\u00ed, v\u00fdlety, brig\u00e1dy i\u00a0setk\u00e1v\u00e1n\u00ed senior\u016f.<\/p>\r\n<hr \/>\r\n<h3>V\u00a0H\u00e1ji \/ P\u0159\u00edstavn\u00ed \u2013 kus Barcelony v\u00a0Praze<\/h3>\r\n<p>Nov\u011b vznikl\u00e1 lokalita Za\u017e\u00edt m\u011bsto jinak v&nbsp;srdci Hole\u0161ovic p\u0159edstav\u00ed pilotn\u00ed \u00fapravu ve\u0159ejn\u00e9ho prostoru na k\u0159i\u017eovatce mezi ulicemi V&nbsp;H\u00e1ji a&nbsp;P\u0159\u00edstavn\u00ed. Spolek Soused\u00e9 P\u0159\u00edstavn\u00ed ve spolupr\u00e1ci s&nbsp;partnery Prazelenina, P\u0159\u00edstav 7, Elpida, Kokoza, komunitn\u00ed d\u00edlna Ponk \u010di Mech\u00e1rium prom\u011bn\u00ed k\u0159i\u017eovatku ve ve\u0159ejn\u00e9 n\u00e1m\u011bst\u00ed s&nbsp;posezen\u00edm a&nbsp;zelen\u00ed.<\/p>\r\n<p>\u201eJsme lid\u00e9 bydl\u00edc\u00ed kousek od sebe a\u00a0dali jsme se dohromady, abychom na jeden den p\u0159edstavili ulici takovou, jak\u00e1 by se n\u00e1m l\u00edbila. Se zelen\u00ed, m\u00edstem pro d\u011bti, dosp\u011bl\u00e9 a\u00a0seniory, p\u011b\u0161\u00ed i\u00a0cyklisty, zkr\u00e1tka pro v\u0161echny. Aby ulice nebyla jen tranzitn\u00edm m\u00edstem, ale tak\u00e9 roz\u0161\u00ed\u0159en\u00fdm domovem. Za\u017e\u00edt m\u011bsto jinak po\u0159\u00e1d\u00e1me poprv\u00e9, inspirov\u00e1ni velkorys\u00fdmi ulicemi Barcelony, kter\u00e9 byly p\u0159em\u011bn\u011bny na tzv. superbloky. Cht\u011bli bychom tuto my\u0161lenku p\u0159edstavit i\u00a0lidem v\u00a0Praze, aby vid\u011bli, jak by to mohlo vypadat, kdyby byla v\u016fle prost\u0159ed\u00ed ulic m\u011bnit,\u201c zvou organiz\u00e1to\u0159i.\u00a0<\/p>\r\n<p><strong>Doprava:<\/strong> uzav\u0159en\u00ed ulice P\u0159\u00edstavn\u00ed (v&nbsp;\u00faseku Jankovcova \u00d7 V&nbsp;H\u00e1ji v\u010detn\u011b k\u0159i\u017eovatky)<\/p>\r\n<hr \/>\r\n<h3>U Pr\u016fhonu \u2013 ulice jako h\u0159i\u0161t\u011b<\/h3>\r\n<p>Lokalita U\u00a0Pr\u016fhonu se stala synonymem pro sousedsk\u00e9 nad\u0161en\u00ed, \u017eivou atmosf\u00e9ru a\u00a0bezpe\u010dn\u00fd prostor, kde se potk\u00e1vaj\u00ed d\u011bti, rodi\u010de i\u00a0prarodi\u010de. I\u00a0letos se tu v\u00a0sobotu prom\u011bn\u00ed \u010d\u00e1st ulice v\u00a0m\u00edsto pln\u00e9 her, sd\u00edlen\u00ed, pohody a\u00a0radosti ze spole\u010dn\u011b tr\u00e1ven\u00e9ho \u010dasu.<\/p>\r\n<p>Slavit se tu bude od 12 do 18 hodin a\u00a0st\u0159edobodem v\u0161eho je sousedsk\u00fd st\u016fl \u2013 p\u0159ineste si vlastn\u00ed \u017eidli a\u00a0n\u011bco na zub a\u00a0p\u0159isedn\u011bte k\u00a0ostatn\u00edm. T\u011b\u0161it se m\u016f\u017eete na bohat\u00fd program pro v\u0161echny v\u011bkov\u00e9 kategorie.<\/p>\r\n<p><strong>Doprava:<\/strong> uzav\u0159en\u00ed ulice U&nbsp;Pr\u016fhonu (v&nbsp;\u00faseku V&nbsp;H\u00e1ji \u00d7 Na Manin\u00e1ch)<\/p>\r\n<hr \/>\r\n<h3>Nad \u0160tolou 20 \u2013 otev\u0159en\u00fd ateli\u00e9r<\/h3>\r\n<p>Um\u011bleck\u00fd p\u00e1r M\u00e1\u0161a a&nbsp;Jakub K\u00f6nigovi otev\u0159e od 10 do 18 hodin sv\u016fj ateli\u00e9r v&nbsp;nejvy\u0161\u0161\u00edm pat\u0159e \u010din\u017eovn\u00edho domu. Program zahrnuje komentovan\u00e9 prohl\u00eddky minigalerie, t\u0159i akustick\u00e9 koncerty a&nbsp;v\u00fdstavu ilustrac\u00ed. C\u00edlem je vytvo\u0159it komorn\u00ed atmosf\u00e9ru a&nbsp;p\u0159ibl\u00ed\u017eit um\u011bn\u00ed jako p\u0159irozenou sou\u010d\u00e1st ka\u017edodennosti. Letos se kon\u00e1 poprv\u00e9.<\/p>\r\n<hr \/>\r\n<h3>Povltavsk\u00e1 21 \u2013 kde se komunita nehled\u00e1, ale \u017eije<\/h3>\r\n<p>Za\u017e\u00edt m\u011bsto jinak v&nbsp;trojsk\u00e9 ulici Povltavsk\u00e1 nen\u00ed jen jednor\u00e1zovou slavnost\u00ed \u2013 je to pokra\u010dov\u00e1n\u00ed n\u011b\u010deho, co tu u\u017e zako\u0159enilo. M\u00edstn\u00ed komunitu tu letos op\u011bt aktivn\u011b propojuje organizace Za sklem, o. s., kter\u00e1 se v\u011bnuje d\u011btem a&nbsp;rodin\u00e1m na spektru autismu. Osv\u011btov\u00e1 pr\u00e1ce, empatie a&nbsp;inkluze se tu ale p\u0159irozen\u011b m\u00eds\u00ed se z\u00e1bavou, tvo\u0159ivost\u00ed i&nbsp;radost\u00ed z&nbsp;pohybu. Celou akci zaji\u0161\u0165uje t\u00fdm zhruba \u0161esti nad\u0161en\u00fdch organiz\u00e1tor\u016f a&nbsp;organiz\u00e1torek za podpory m\u011bstsk\u00e9 \u010d\u00e1sti Praha-Troja.<\/p>\r\n<p><strong>Doprava:<\/strong> uzav\u0159en\u00ed ulice Povltavsk\u00e1<\/p>","protected":false},"excerpt":{"rendered":"[perex] T\u0159et\u00ed z\u00e1\u0159ijov\u00e1 sobota pat\u0159\u00ed ji\u017e tradi\u010dn\u011b sousedsk\u00fdm setk\u00e1n\u00edm v&nbsp;ulic\u00edch. Na Sedmi\u010dce m\u016f\u017eete 20.&nbsp;z\u00e1\u0159\u00ed 2025 za\u017e\u00edt m\u011bsto jinak v&nbsp;sedmi lokalit\u00e1ch, stru\u010dn\u00e9 pozv\u00e1nky v\u010detn\u011b dopravn\u00edch omezen\u00ed p\u0159in\u00e1\u0161\u00edme n\u00ed\u017ee. \u00dapln\u00fd program pak najdete na webu Za\u017e\u00edt m\u011bsto jinak a&nbsp;je\u0161t\u011b v\u00edce se do\u010dtete v&nbsp;Hobuletu. S&nbsp;ud\u00e1lost\u00ed se poj\u00ed tak\u00e9 dopravn\u00ed omezen\u00ed \u2013 v\u011bnujte pros\u00edm pozornost dopravn\u00edmu zna\u010den\u00ed v&nbsp;jednotliv\u00fdch [&hellip;]","protected":false},"author":251,"featured_media":74642,"comment_status":"closed","ping_status":"open","sticky":false,"template":"","format":"standard","meta":[],"categories":[36],"tags":[91,110],"_links":{"self":[{"href":"https:\/\/www.praha7.cz\/api\/wp\/v2\/posts\/86559"}],"collection":[{"href":"https:\/\/www.praha7.cz\/api\/wp\/v2\/posts"}],"about":[{"href":"https:\/\/www.praha7.cz\/api\/wp\/v2\/types\/post"}],"author":[{"embeddable":true,"href":"https:\/\/www.praha7.cz\/api\/wp\/v2\/users\/251"}],"replies":[{"embeddable":true,"href":"https:\/\/www.praha7.cz\/api\/wp\/v2\/comments?post=86559"}],"version-history":[{"count":4,"href":"https:\/\/www.praha7.cz\/api\/wp\/v2\/posts\/86559\/revisions"}],"predecessor-version":[{"id":86704,"href":"https:\/\/www.praha7.cz\/api\/wp\/v2\/posts\/86559\/revisions\/86704"}],"wp:featuredmedia":[{"embeddable":true,"href":"https:\/\/www.praha7.cz\/api\/wp\/v2\/media\/74642"}],"wp:attachment":[{"href":"https:\/\/www.praha7.cz\/api\/wp\/v2\/media?parent=86559"}],"wp:term":[{"taxonomy":"category","embeddable":true,"href":"https:\/\/www.praha7.cz\/api\/wp\/v2\/categories?post=86559"},{"taxonomy":"post_tag","embeddable":true,"href":"https:\/\/www.praha7.cz\/api\/wp\/v2\/tags?post=86559"}],"curies":[{"name":"wp","href":"https:\/\/api.w.org\/{rel}","templated":true}]}}