    
{"id":86543,"date":"2025-09-10T12:04:02","date_gmt":"2025-09-10T10:04:02","guid":{"rendered":"https:\/\/www.praha7.cz\/?p=86543"},"modified":"2025-09-15T10:52:41","modified_gmt":"2025-09-15T08:52:41","slug":"vikendove-preruseni-tramvaji-v-useku-strossmayerovo-namesti-vystaviste","status":"publish","type":"post","link":"https:\/\/www.praha7.cz\/vikendove-preruseni-tramvaji-v-useku-strossmayerovo-namesti-vystaviste\/","title":{"rendered":"V\u00edkendov\u00e9 p\u0159eru\u0161en\u00ed tramvaj\u00ed v&nbsp;\u00faseku Strossmayerovo n\u00e1m\u011bst\u00ed \u2013 V\u00fdstavi\u0161t\u011b"},"content":{"rendered":"<p>[perex]<\/p>\r\n<p>Z d\u016fvodu \u00fadr\u017eby tramvajov\u00e9 trati doch\u00e1z\u00ed od soboty 13.&nbsp;z\u00e1\u0159\u00ed (od 7.30) do ned\u011ble 14.&nbsp;z\u00e1\u0159\u00ed 2025 (do 18.00) ke kr\u00e1tkodob\u00e9mu p\u0159eru\u0161en\u00ed provozu tramvaj\u00ed v&nbsp;\u00faseku Strossmayerovo n\u00e1m\u011bst\u00ed \u2013 V\u00fdstavi\u0161t\u011b. Omezen\u00ed se dotkne linek 6 a&nbsp;17, zavedena bude linka 156.<\/p>\r\n<p>[\/perex]<\/p>\r\n<h3>Zm\u011bny tras tramvajov\u00fdch linek<\/h3>\r\n<p>Linky \u010d\u00edslo 6 a&nbsp;17 \u2026 Strossmayerovo n\u00e1m\u011bst\u00ed \u2013 Letensk\u00e9 n\u00e1m\u011bst\u00ed \u2013 \u0160PEJCHAR<br \/>\r\nHistorick\u00e1 linka\u00a041\u00a0(v&nbsp;uveden\u00e9m sm\u011bru) VOZOVNA ST\u0158E\u0160OVICE \u2026 Strossmayerovo n\u00e1m\u011bst\u00ed \u2013\u00a0Vltavsk\u00e1 \u2013 T\u011b\u0161nov \u2013 N\u00e1m\u011bst\u00ed Republiky \u2013 Dlouh\u00e1 t\u0159\u00edda\u00a0\u2013 \u010cech\u016fv most \u2026 VOZOVNA ST\u0158E\u0160OVICE<\/p>\r\n<h3><br \/>\r\nZm\u011bny v&nbsp;provozu autobus\u016f<\/h3>\r\n<p>Zavedeny jsou (v&nbsp;uveden\u00e9m sm\u011bru) spoje linky \u010d\u00edslo\u00a0156\u00a0v trase\u00a0Vltavsk\u00e1 \u2013 Strossmayerovo n\u00e1m\u011bst\u00ed \u2013 Veletr\u017en\u00ed pal\u00e1c \u2013 OC Stromovka \u2013 Mal\u00fd Berl\u00edn \u2013 \u0158ez\u00e1\u010dovo n\u00e1m\u011bst\u00ed \u2013 Bubensk\u00e1 \u2013 Vltavsk\u00e1.<\/p>\r\n<p>&nbsp;<\/p>\r\n<p><a href=\"https:\/\/www.praha7.cz\/wp-content\/uploads\/2025\/09\/mapa_strossmayerovo_nam_vystaviste.jpg\" target=\"_blank\" rel=\"noopener\"><img loading=\"lazy\" src=\"https:\/\/www.praha7.cz\/wp-content\/uploads\/2025\/09\/mapa_strossmayerovo_nam_vystaviste.jpg\" alt=\"\" width=\"954\" height=\"641\" class=\"alignnone size-full wp-image-86545\" srcset=\"https:\/\/www.praha7.cz\/wp-content\/uploads\/2025\/09\/mapa_strossmayerovo_nam_vystaviste.jpg 954w, https:\/\/www.praha7.cz\/wp-content\/uploads\/2025\/09\/mapa_strossmayerovo_nam_vystaviste-595x400.jpg 595w, https:\/\/www.praha7.cz\/wp-content\/uploads\/2025\/09\/mapa_strossmayerovo_nam_vystaviste-768x516.jpg 768w\" sizes=\"(max-width: 954px) 100vw, 954px\" \/><\/a><\/p>\r\n<p>&nbsp;<\/p>\r\n<p>V\u00edce se dozv\u00edte <a href=\"https:\/\/www.dpp.cz\/omezeni-a-mimoradne-udalosti\/detail\/28798\" target=\"_blank\" rel=\"noopener\">na str\u00e1nk\u00e1ch DPP<\/a>.<\/p>","protected":false},"excerpt":{"rendered":"[perex] Z&nbsp;d\u016fvodu \u00fadr\u017eby tramvajov\u00e9 trati doch\u00e1z\u00ed od soboty 13.&nbsp;z\u00e1\u0159\u00ed (od 7.30) do ned\u011ble 14.&nbsp;z\u00e1\u0159\u00ed 2025 (do 18.00) ke kr\u00e1tkodob\u00e9mu p\u0159eru\u0161en\u00ed provozu tramvaj\u00ed v&nbsp;\u00faseku Strossmayerovo n\u00e1m\u011bst\u00ed \u2013 V\u00fdstavi\u0161t\u011b. Omezen\u00ed se dotkne linek 6 a&nbsp;17, zavedena bude linka 156. [\/perex] Zm\u011bny tras tramvajov\u00fdch linek Linky \u010d\u00edslo 6 a&nbsp;17 \u2026 Strossmayerovo n\u00e1m\u011bst\u00ed \u2013 Letensk\u00e9 n\u00e1m\u011bst\u00ed \u2013 \u0160PEJCHAR [&hellip;]","protected":false},"author":251,"featured_media":40283,"comment_status":"closed","ping_status":"open","sticky":false,"template":"","format":"standard","meta":[],"categories":[34],"tags":[57],"_links":{"self":[{"href":"https:\/\/www.praha7.cz\/api\/wp\/v2\/posts\/86543"}],"collection":[{"href":"https:\/\/www.praha7.cz\/api\/wp\/v2\/posts"}],"about":[{"href":"https:\/\/www.praha7.cz\/api\/wp\/v2\/types\/post"}],"author":[{"embeddable":true,"href":"https:\/\/www.praha7.cz\/api\/wp\/v2\/users\/251"}],"replies":[{"embeddable":true,"href":"https:\/\/www.praha7.cz\/api\/wp\/v2\/comments?post=86543"}],"version-history":[{"count":1,"href":"https:\/\/www.praha7.cz\/api\/wp\/v2\/posts\/86543\/revisions"}],"predecessor-version":[{"id":86546,"href":"https:\/\/www.praha7.cz\/api\/wp\/v2\/posts\/86543\/revisions\/86546"}],"wp:featuredmedia":[{"embeddable":true,"href":"https:\/\/www.praha7.cz\/api\/wp\/v2\/media\/40283"}],"wp:attachment":[{"href":"https:\/\/www.praha7.cz\/api\/wp\/v2\/media?parent=86543"}],"wp:term":[{"taxonomy":"category","embeddable":true,"href":"https:\/\/www.praha7.cz\/api\/wp\/v2\/categories?post=86543"},{"taxonomy":"post_tag","embeddable":true,"href":"https:\/\/www.praha7.cz\/api\/wp\/v2\/tags?post=86543"}],"curies":[{"name":"wp","href":"https:\/\/api.w.org\/{rel}","templated":true}]}}