    
{"id":86525,"date":"2025-09-09T14:43:48","date_gmt":"2025-09-09T12:43:48","guid":{"rendered":"https:\/\/www.praha7.cz\/?p=86525"},"modified":"2025-09-12T12:45:44","modified_gmt":"2025-09-12T10:45:44","slug":"vyluka-vody-v-casti-holesovic-11-zari","status":"publish","type":"post","link":"https:\/\/www.praha7.cz\/vyluka-vody-v-casti-holesovic-11-zari\/","title":{"rendered":"V\u00fdluka vody v&nbsp;\u010d\u00e1sti Hole\u0161ovic 11.&nbsp;z\u00e1\u0159\u00ed"},"content":{"rendered":"<p>[perex]<\/p>\r\n<p>Na z\u00e1klad\u011b informac\u00ed od spole\u010dnosti Pra\u017esk\u00e9 vodovody a&nbsp;kanalizace upozor\u0148ujeme na v\u00fdluku vody v&nbsp;\u010d\u00e1sti ulic Jankovcova, U&nbsp;Parn\u00edho ml\u00fdna, U&nbsp;Uranie a&nbsp;V&nbsp;P\u0159\u00edstavu. V\u00fdluka prob\u011bhne ve \u010dtvrtek 11.&nbsp;z\u00e1\u0159\u00ed 2025 od 8 do 17 hodin.<br \/>\r\n[\/perex]<\/p>\r\n<p>V\u00fdluka vody se bude t\u00fdkat odb\u011brn\u00fdch m\u00edst v&nbsp;ulic\u00edch:<\/p>\r\n<ul>\r\n\t<li>Jankovcova 1596\/14a, 1639\/16d, 68\/37, 96\/39, 94\/41, 864\/45, 862\/47, 1603\/47a, 1037\/49<\/li>\r\n\t<li>U Parn\u00edho ml\u00fdna 1416\/4, 1290\/6, 1289\/8<\/li>\r\n\t<li>U Uranie 1568\/2 (bez vody p\u0159\u00edpojka z&nbsp;ul. Jankovcova)<\/li>\r\n\t<li>V p\u0159\u00edstavu 1585\/14, 789\/22<\/li>\r\n<\/ul>\r\n<p>D\u016fvodem v\u00fdluky je prov\u00e1d\u011bn\u00ed pl\u00e1novan\u00fdch oprav, udr\u017eovac\u00edch a\u00a0revizn\u00edch prac\u00ed. D\u011bkujeme za pochopen\u00ed.<\/p>\r\n<p>V\u00edce informac\u00ed\u00a0na <a href=\"https:\/\/www.pvk.cz\/aktuality\/planovane-vyluky\/preruseni-dodavky-vody-v-casti-praha-7-holesovice-dne-11-9-2025\/\" target=\"_blank\" rel=\"noopener\">str\u00e1nce PVK<\/a>.<\/p>\r\n<p>&nbsp;<\/p>","protected":false},"excerpt":{"rendered":"[perex] Na z\u00e1klad\u011b informac\u00ed od spole\u010dnosti Pra\u017esk\u00e9 vodovody a&nbsp;kanalizace upozor\u0148ujeme na v\u00fdluku vody v&nbsp;\u010d\u00e1sti ulic Jankovcova, U&nbsp;Parn\u00edho ml\u00fdna, U&nbsp;Uranie a&nbsp;V&nbsp;P\u0159\u00edstavu. V\u00fdluka prob\u011bhne ve \u010dtvrtek 11.&nbsp;z\u00e1\u0159\u00ed 2025 od 8 do 17 hodin. [\/perex] V\u00fdluka vody se bude t\u00fdkat odb\u011brn\u00fdch m\u00edst v&nbsp;ulic\u00edch: Jankovcova 1596\/14a, 1639\/16d, 68\/37, 96\/39, 94\/41, 864\/45, 862\/47, 1603\/47a, 1037\/49 U&nbsp;Parn\u00edho ml\u00fdna 1416\/4, 1290\/6, [&hellip;]","protected":false},"author":251,"featured_media":79885,"comment_status":"closed","ping_status":"open","sticky":false,"template":"","format":"standard","meta":[],"categories":[34],"tags":[125],"_links":{"self":[{"href":"https:\/\/www.praha7.cz\/api\/wp\/v2\/posts\/86525"}],"collection":[{"href":"https:\/\/www.praha7.cz\/api\/wp\/v2\/posts"}],"about":[{"href":"https:\/\/www.praha7.cz\/api\/wp\/v2\/types\/post"}],"author":[{"embeddable":true,"href":"https:\/\/www.praha7.cz\/api\/wp\/v2\/users\/251"}],"replies":[{"embeddable":true,"href":"https:\/\/www.praha7.cz\/api\/wp\/v2\/comments?post=86525"}],"version-history":[{"count":1,"href":"https:\/\/www.praha7.cz\/api\/wp\/v2\/posts\/86525\/revisions"}],"predecessor-version":[{"id":86527,"href":"https:\/\/www.praha7.cz\/api\/wp\/v2\/posts\/86525\/revisions\/86527"}],"wp:featuredmedia":[{"embeddable":true,"href":"https:\/\/www.praha7.cz\/api\/wp\/v2\/media\/79885"}],"wp:attachment":[{"href":"https:\/\/www.praha7.cz\/api\/wp\/v2\/media?parent=86525"}],"wp:term":[{"taxonomy":"category","embeddable":true,"href":"https:\/\/www.praha7.cz\/api\/wp\/v2\/categories?post=86525"},{"taxonomy":"post_tag","embeddable":true,"href":"https:\/\/www.praha7.cz\/api\/wp\/v2\/tags?post=86525"}],"curies":[{"name":"wp","href":"https:\/\/api.w.org\/{rel}","templated":true}]}}