    
{"id":86493,"date":"2025-09-05T17:31:08","date_gmt":"2025-09-05T15:31:08","guid":{"rendered":"https:\/\/www.praha7.cz\/?p=86493"},"modified":"2025-09-08T09:54:08","modified_gmt":"2025-09-08T07:54:08","slug":"nedelni-preruseni-c","status":"publish","type":"post","link":"https:\/\/www.praha7.cz\/nedelni-preruseni-c\/","title":{"rendered":"Ned\u011bln\u00ed p\u0159eru\u0161en\u00ed provozu metra v&nbsp;\u00faseku Vltavsk\u00e1 \u2013 Hlavn\u00ed n\u00e1dra\u017e\u00ed"},"content":{"rendered":"<p>[perex]<\/p>\r\n<p>Z d\u016fvodu rekonstrukce stropn\u00ed desky ve stanici Florenc doch\u00e1z\u00ed v&nbsp;ned\u011bli 7.&nbsp;z\u00e1\u0159\u00ed 2025 k&nbsp;do\u010dasn\u00e9mu p\u0159eru\u0161en\u00ed provozu metra linky C v&nbsp;\u00faseku Hlavn\u00ed n\u00e1dra\u017e\u00ed \u2013 Vltavsk\u00e1 (obousm\u011brn\u011b).<\/p>\r\n<p>[\/perex]<\/p>\r\n<h2>N\u00e1hradn\u00ed tramvajov\u00e1 doprava (v&nbsp;denn\u00edm provozu)<\/h2>\r\n<p><strong>XC<span>\u00a0<\/span><\/strong>v trase<span>\u00a0<\/span><em>Hlavn\u00ed n\u00e1dra\u017e\u00ed<\/em><span>\u00a0<\/span>(v&nbsp;Opletalov\u011b ulici) \u2013<span>\u00a0<\/span><em>Masarykovo n\u00e1dra\u017e\u00ed \u2013 B\u00edl\u00e1 labu\u0165 \u2013 Vltavsk\u00e1<span>\u00a0<\/span><\/em>(na p\u0159edmost\u00ed Hl\u00e1vkova mostu) \u2013<span>\u00a0<\/span><em>Strossmayerovo n\u00e1m\u011bst\u00ed \u2013 Letensk\u00e9 n\u00e1m\u011bst\u00ed \u2013 \u0160pejchar.<\/em><\/p>\r\n<h2>Zaveden\u00e1 tramvajov\u00e1 linka (v&nbsp;denn\u00edm provozu)<\/h2>\r\n<p><strong>36<span>\u00a0<\/span><\/strong>v trase<span>\u00a0<\/span><em>Zvona\u0159ka \u2013 I. P. Pavlova \u2013 Karlovo n\u00e1m\u011bst\u00ed \u2013 V\u00e1clavsk\u00e9 n\u00e1m\u011bst\u00ed \u2013 Masarykovo n\u00e1dra\u017e\u00ed \u2013 Florenc \u2013 K\u0159i\u017e\u00edkova \u2013 Invalidovna \u2013 Palmovka \u2013 Bulovka \u2013 Kobylisy \u2013 Vozovna Kobylisy<\/em>.<\/p>\r\n<h2>Zm\u011bny tras tramvajov\u00fdch linek<\/h2>\r\n<p>Linka \u010d\u00edslo<span>\u00a0<\/span><strong>23<\/strong><span>\u00a0<\/span>je ve sm\u011bru od Kr\u00e1lovky ze zast\u00e1vky<span>\u00a0<\/span><strong>Bruselsk\u00e1<span>\u00a0<\/span><\/strong>odklon\u011bna p\u0159es zast\u00e1vku<span>\u00a0<\/span><strong>Nuselsk\u00e9 schody<span>\u00a0<\/span><\/strong>do obrati\u0161t\u011b<span>\u00a0<\/span><strong>N\u00e1m\u011bst\u00ed Brat\u0159\u00ed Synk\u016f<span>\u00a0<\/span><\/strong>(v\u00fdstupn\u00ed zast\u00e1vka v&nbsp;ulici Na Z\u00e1meck\u00e9, n\u00e1stupn\u00ed zast\u00e1vka v&nbsp;obrati\u0161ti).<\/p>\r\n<p>&nbsp;<\/p>\r\n<h3>V\u00edce <a href=\"https:\/\/www.dpp.cz\/omezeni-a-mimoradne-udalosti\/detail\/28749\" target=\"_blank\" rel=\"noopener\">zde<\/a>.<\/h3>","protected":false},"excerpt":{"rendered":"[perex] Z&nbsp;d\u016fvodu rekonstrukce stropn\u00ed desky ve stanici Florenc doch\u00e1z\u00ed v&nbsp;ned\u011bli 7.&nbsp;z\u00e1\u0159\u00ed 2025 k&nbsp;do\u010dasn\u00e9mu p\u0159eru\u0161en\u00ed provozu metra linky C v&nbsp;\u00faseku Hlavn\u00ed n\u00e1dra\u017e\u00ed \u2013 Vltavsk\u00e1 (obousm\u011brn\u011b). [\/perex] N\u00e1hradn\u00ed tramvajov\u00e1 doprava (v&nbsp;denn\u00edm provozu) XC\u00a0v trase\u00a0Hlavn\u00ed n\u00e1dra\u017e\u00ed\u00a0(v&nbsp;Opletalov\u011b ulici) \u2013\u00a0Masarykovo n\u00e1dra\u017e\u00ed \u2013 B\u00edl\u00e1 labu\u0165 \u2013 Vltavsk\u00e1\u00a0(na p\u0159edmost\u00ed Hl\u00e1vkova mostu) \u2013\u00a0Strossmayerovo n\u00e1m\u011bst\u00ed \u2013 Letensk\u00e9 n\u00e1m\u011bst\u00ed \u2013 \u0160pejchar. Zaveden\u00e1 tramvajov\u00e1 linka [&hellip;]","protected":false},"author":251,"featured_media":63301,"comment_status":"closed","ping_status":"open","sticky":false,"template":"","format":"standard","meta":[],"categories":[34],"tags":[57],"_links":{"self":[{"href":"https:\/\/www.praha7.cz\/api\/wp\/v2\/posts\/86493"}],"collection":[{"href":"https:\/\/www.praha7.cz\/api\/wp\/v2\/posts"}],"about":[{"href":"https:\/\/www.praha7.cz\/api\/wp\/v2\/types\/post"}],"author":[{"embeddable":true,"href":"https:\/\/www.praha7.cz\/api\/wp\/v2\/users\/251"}],"replies":[{"embeddable":true,"href":"https:\/\/www.praha7.cz\/api\/wp\/v2\/comments?post=86493"}],"version-history":[{"count":1,"href":"https:\/\/www.praha7.cz\/api\/wp\/v2\/posts\/86493\/revisions"}],"predecessor-version":[{"id":86494,"href":"https:\/\/www.praha7.cz\/api\/wp\/v2\/posts\/86493\/revisions\/86494"}],"wp:featuredmedia":[{"embeddable":true,"href":"https:\/\/www.praha7.cz\/api\/wp\/v2\/media\/63301"}],"wp:attachment":[{"href":"https:\/\/www.praha7.cz\/api\/wp\/v2\/media?parent=86493"}],"wp:term":[{"taxonomy":"category","embeddable":true,"href":"https:\/\/www.praha7.cz\/api\/wp\/v2\/categories?post=86493"},{"taxonomy":"post_tag","embeddable":true,"href":"https:\/\/www.praha7.cz\/api\/wp\/v2\/tags?post=86493"}],"curies":[{"name":"wp","href":"https:\/\/api.w.org\/{rel}","templated":true}]}}