    
{"id":86485,"date":"2025-09-08T12:46:05","date_gmt":"2025-09-08T10:46:05","guid":{"rendered":"https:\/\/www.praha7.cz\/?p=86485"},"modified":"2025-09-09T15:48:22","modified_gmt":"2025-09-09T13:48:22","slug":"osazeni-domovnich-cisel","status":"publish","type":"post","link":"https:\/\/www.praha7.cz\/osazeni-domovnich-cisel\/","title":{"rendered":"Osazen\u00ed domovn\u00edch \u010d\u00edsel"},"content":{"rendered":"<p>[perex]<\/p>\r\n<p>V\u00e1\u017een\u00ed vlastn\u00edci dom\u016f, zkontrolujte si pros\u00edm ozna\u010den\u00ed domu \u010d\u00edslem popisn\u00fdm a&nbsp;orienta\u010dn\u00edm, zda je v&nbsp;souladu s&nbsp;platnou legislativou. N\u00ed\u017ee naleznete stru\u010dn\u00e9 podm\u00ednky pro osazen\u00ed domovn\u00edch \u010d\u00edsel a&nbsp;dal\u0161\u00ed podrobnosti.<\/p>\r\n<p>[\/perex]<\/p>\r\n<h4>Podm\u00ednky pro osazen\u00ed domovn\u00edch \u010d\u00edsel<\/h4>\r\n<ul>\r\n\t<li>popisn\u00e1 a&nbsp;orienta\u010dn\u00ed \u010d\u00edsla se navz\u00e1jem barevn\u011b li\u0161\u00ed\u00a0\u00a0\u00a0\u00a0\u00a0\u00a0\u00a0\u00a0<\/li>\r\n\t<li>\u010d\u00edslo orienta\u010dn\u00ed (modr\u00e1 cedulka) se um\u00eds\u0165uje pod \u010d\u00edslo popisn\u00e9 (\u010derven\u00e1 cedulka) dle \u00a7 6 odst. 2 vyhl\u00e1\u0161ky Ministerstva vnitra \u010d. 326\/2000 Sb.<\/li>\r\n\t<li>\u010d\u00edsla se um\u00eds\u0165uj\u00ed tak, aby byla viditeln\u00e1<br \/>\r\n\u00a0<\/li>\r\n<\/ul>\r\n<h4>Doporu\u010den\u00fd vzhled domovn\u00edch \u010d\u00edsel<\/h4>\r\n<p><a href=\"https:\/\/www.praha7.cz\/wp-content\/uploads\/2025\/09\/cisla-domovni.jpg\"><img loading=\"lazy\" src=\"https:\/\/www.praha7.cz\/wp-content\/uploads\/2025\/09\/cisla-domovni.jpg\" alt=\"\" width=\"680\" height=\"535\" class=\"alignnone size-full wp-image-86486\" srcset=\"https:\/\/www.praha7.cz\/wp-content\/uploads\/2025\/09\/cisla-domovni.jpg 680w, https:\/\/www.praha7.cz\/wp-content\/uploads\/2025\/09\/cisla-domovni-508x400.jpg 508w\" sizes=\"(max-width: 680px) 100vw, 680px\" \/><\/a><\/p>\r\n<p>Z d\u016fvodu n\u00e1r\u016fstu ozn\u00e1men\u00ed o&nbsp;p\u0159estupku dle ust. \u00a7 33a\/3a z. \u010d. 131\/2000 Sb., o&nbsp;hlavn\u00edm m\u011bst\u011b Praze, kter\u00e1 jsou oznamov\u00e1na M\u011bstskou polici\u00ed O\u01587, doporu\u010dujeme vlastn\u00edk\u016fm nemovitost\u00ed zkontrolovat si ozna\u010den\u00ed domu (nemovitosti), zda je ozna\u010den\u00ed v&nbsp;souladu s&nbsp;platnou legislativou.\u00a0<\/p>\r\n<p>Dle ustanoven\u00ed \u00a714 odst. 6 z\u00e1kona \u010d. 131\/2000 Sb., o&nbsp;hlavn\u00edm m\u011bst\u011b Praze, ozna\u010duje budovu \u010d\u00edslem popisn\u00fdm (p\u0159\u00edpadn\u011b orienta\u010dn\u00edm) jej\u00ed vlastn\u00edk, a&nbsp;to na sv\u016fj n\u00e1klad. Vlastn\u00edk budovy m\u00e1 tak\u00e9 povinnost udr\u017eovat domovn\u00ed \u010d\u00edsla v\u00a0\u0159\u00e1dn\u00e9m stavu. Tradi\u010dn\u00ed smaltovan\u00e9 tabulky lze objednat k\u00a0vyroben\u00ed v\u00a0libovoln\u00e9 smaltovn\u011b.<\/p>\r\n<p>V\u00a0p\u0159\u00edpad\u011b rohov\u00e9 budovy m\u016f\u017eou b\u00fdt p\u0159id\u011blena dv\u011b adresn\u00ed m\u00edsta. Pokud budova fakticky u\u017e\u00edv\u00e1 pouze jedno adresn\u00ed m\u00edsto z\u00a0uveden\u00fdch v\u00a0katastru nemovitost\u00ed (nap\u0159. na druh\u00e9m uveden\u00e9m adresn\u00edm m\u00edst\u011b nen\u00ed vchod do budovy), m\u016f\u017ee se takov\u00e9 adresn\u00ed m\u00edsto nechat zru\u0161it.<\/p>\r\n<p>V p\u0159\u00edpad\u011b po\u017eadavku na zru\u0161en\u00ed jednoho adresn\u00edho m\u00edsta v&nbsp;registru R\u00daIAN je opr\u00e1vn\u011bn k&nbsp;tomuto \u00fakonu Magistr\u00e1t hl. m. Prahy, Odbor \u017eivnostensk\u00fd a&nbsp;ob\u010danskopr\u00e1vn\u00ed, odd\u011blen\u00ed matrik, st\u00e1tn\u00edho ob\u010danstv\u00ed, voleb a&nbsp;\u00fazemn\u00ed orientace, Jungmannova 35\/29, 110&nbsp;00 Praha 1, tel: 236&nbsp;002&nbsp;065, 778&nbsp;975&nbsp;646, Iva Ad\u00e1mkov\u00e1, e-mail: <a href=\"mailto:iva.adamkova@praha.eu\">iva.adamkova@praha.eu<\/a>; a&nbsp;to na z\u00e1klad\u011b \u017e\u00e1dosti vlastn\u00edka nemovitosti.<\/p>\r\n<p>Pokud jsou ob\u011b uveden\u00e1 adresn\u00ed m\u00edsta platn\u00e1, je nutn\u00e9 objekt \u0159\u00e1dn\u011b ozna\u010dit u&nbsp;ka\u017ed\u00e9ho adresn\u00edho m\u00edsta \u010d\u00edslem popisn\u00fdm a&nbsp;\u010d\u00edslem orienta\u010dn\u00edm a&nbsp;to dle vyhl\u00e1\u0161ky Ministerstva vnitra (\u010d\u00edslo orienta\u010dn\u00ed pod \u010d\u00edslo popisn\u00e9), jak je uvedeno v\u00fd\u0161e.<\/p>\r\n<hr \/>\r\n<p>V p\u0159\u00edpad\u011b nejasnost\u00ed pros\u00edm kontaktujte Olgu Kejhovou, Odbor spr\u00e1vn\u00edch agend, e-mail: <a href=\"mailto:kejhovao@praha7.cz\">kejhovao@praha7.cz<\/a>, mobil: 778&nbsp;110&nbsp;015.<\/p>","protected":false},"excerpt":{"rendered":"[perex] V\u00e1\u017een\u00ed vlastn\u00edci dom\u016f, zkontrolujte si pros\u00edm ozna\u010den\u00ed domu \u010d\u00edslem popisn\u00fdm a&nbsp;orienta\u010dn\u00edm, zda je v&nbsp;souladu s&nbsp;platnou legislativou. N\u00ed\u017ee naleznete stru\u010dn\u00e9 podm\u00ednky pro osazen\u00ed domovn\u00edch \u010d\u00edsel a&nbsp;dal\u0161\u00ed podrobnosti. [\/perex] Podm\u00ednky pro osazen\u00ed domovn\u00edch \u010d\u00edsel popisn\u00e1 a&nbsp;orienta\u010dn\u00ed \u010d\u00edsla se navz\u00e1jem barevn\u011b li\u0161\u00ed\u00a0\u00a0\u00a0\u00a0\u00a0\u00a0\u00a0\u00a0 \u010d\u00edslo orienta\u010dn\u00ed (modr\u00e1 cedulka) se um\u00eds\u0165uje pod \u010d\u00edslo popisn\u00e9 (\u010derven\u00e1 cedulka) dle \u00a7 6 odst. [&hellip;]","protected":false},"author":251,"featured_media":86500,"comment_status":"closed","ping_status":"open","sticky":false,"template":"","format":"standard","meta":[],"categories":[34],"tags":[84],"_links":{"self":[{"href":"https:\/\/www.praha7.cz\/api\/wp\/v2\/posts\/86485"}],"collection":[{"href":"https:\/\/www.praha7.cz\/api\/wp\/v2\/posts"}],"about":[{"href":"https:\/\/www.praha7.cz\/api\/wp\/v2\/types\/post"}],"author":[{"embeddable":true,"href":"https:\/\/www.praha7.cz\/api\/wp\/v2\/users\/251"}],"replies":[{"embeddable":true,"href":"https:\/\/www.praha7.cz\/api\/wp\/v2\/comments?post=86485"}],"version-history":[{"count":4,"href":"https:\/\/www.praha7.cz\/api\/wp\/v2\/posts\/86485\/revisions"}],"predecessor-version":[{"id":86529,"href":"https:\/\/www.praha7.cz\/api\/wp\/v2\/posts\/86485\/revisions\/86529"}],"wp:featuredmedia":[{"embeddable":true,"href":"https:\/\/www.praha7.cz\/api\/wp\/v2\/media\/86500"}],"wp:attachment":[{"href":"https:\/\/www.praha7.cz\/api\/wp\/v2\/media?parent=86485"}],"wp:term":[{"taxonomy":"category","embeddable":true,"href":"https:\/\/www.praha7.cz\/api\/wp\/v2\/categories?post=86485"},{"taxonomy":"post_tag","embeddable":true,"href":"https:\/\/www.praha7.cz\/api\/wp\/v2\/tags?post=86485"}],"curies":[{"name":"wp","href":"https:\/\/api.w.org\/{rel}","templated":true}]}}