    
{"id":86477,"date":"2025-09-04T15:54:32","date_gmt":"2025-09-04T13:54:32","guid":{"rendered":"https:\/\/www.praha7.cz\/?p=86477"},"modified":"2025-09-07T19:48:43","modified_gmt":"2025-09-07T17:48:43","slug":"dozinky-v-sobotu-6-zari-na-vystavisti","status":"publish","type":"post","link":"https:\/\/www.praha7.cz\/dozinky-v-sobotu-6-zari-na-vystavisti\/","title":{"rendered":"Do\u017e\u00ednky v&nbsp;sobotu 6.&nbsp;z\u00e1\u0159\u00ed na V\u00fdstavi\u0161ti"},"content":{"rendered":"<p>[perex]<\/p>\r\n<p>Sedm\u00fd ro\u010dn\u00edk Do\u017e\u00ednek se letos p\u0159esouv\u00e1 z&nbsp;Letensk\u00e9 pl\u00e1n\u011b na V\u00fdstavi\u0161t\u011b Hole\u0161ovice pod nov\u00fdm n\u00e1zvem Do\u017e\u00ednkov\u00e9 slavnosti. Obsah ale z\u016fst\u00e1v\u00e1 zachov\u00e1n, t\u011b\u0161it se m\u016f\u017eete na nejv\u011bt\u0161\u00ed farm\u00e1\u0159sk\u00fd trh v&nbsp;Praze, tradi\u010dn\u00ed folklorn\u00ed vystoupen\u00ed, uk\u00e1zky \u0159emesel, ochutn\u00e1vky region\u00e1ln\u00edch specialit, sout\u011b\u017ee a&nbsp;\u0161irokou \u0161k\u00e1lu aktivit pro d\u011bti. Na V\u00fdstavi\u0161ti Hole\u0161ovice na v\u00e1s bude rovn\u011b\u017e \u010dekat p\u0159ehl\u00eddka farm\u00e1\u0159sk\u00fdch zv\u00ed\u0159at a&nbsp;zem\u011bd\u011blsk\u00e9 techniky. <a href=\"https:\/\/dozinkoveslavnosti.cz\/\" target=\"_blank\" rel=\"noopener\">Do\u017e\u00ednkov\u00e9 slavnosti<\/a> se konaj\u00ed v&nbsp;sobotu 6.&nbsp;z\u00e1\u0159\u00ed 2025 od 10 do 18 hodin, vstup zdarma.<\/p>\r\n<p>[\/perex]<\/p>\r\n<p>&nbsp;<\/p>\r\n<p>&nbsp;<\/p>","protected":false},"excerpt":{"rendered":"[perex] Sedm\u00fd ro\u010dn\u00edk Do\u017e\u00ednek se letos p\u0159esouv\u00e1 z&nbsp;Letensk\u00e9 pl\u00e1n\u011b na V\u00fdstavi\u0161t\u011b Hole\u0161ovice pod nov\u00fdm n\u00e1zvem Do\u017e\u00ednkov\u00e9 slavnosti. Obsah ale z\u016fst\u00e1v\u00e1 zachov\u00e1n, t\u011b\u0161it se m\u016f\u017eete na nejv\u011bt\u0161\u00ed farm\u00e1\u0159sk\u00fd trh v&nbsp;Praze, tradi\u010dn\u00ed folklorn\u00ed vystoupen\u00ed, uk\u00e1zky \u0159emesel, ochutn\u00e1vky region\u00e1ln\u00edch specialit, sout\u011b\u017ee a&nbsp;\u0161irokou \u0161k\u00e1lu aktivit pro d\u011bti. Na V\u00fdstavi\u0161ti Hole\u0161ovice na v\u00e1s bude rovn\u011b\u017e \u010dekat p\u0159ehl\u00eddka farm\u00e1\u0159sk\u00fdch zv\u00ed\u0159at a&nbsp;zem\u011bd\u011blsk\u00e9 [&hellip;]","protected":false},"author":251,"featured_media":86478,"comment_status":"closed","ping_status":"open","sticky":false,"template":"","format":"standard","meta":[],"categories":[34],"tags":[123,91],"_links":{"self":[{"href":"https:\/\/www.praha7.cz\/api\/wp\/v2\/posts\/86477"}],"collection":[{"href":"https:\/\/www.praha7.cz\/api\/wp\/v2\/posts"}],"about":[{"href":"https:\/\/www.praha7.cz\/api\/wp\/v2\/types\/post"}],"author":[{"embeddable":true,"href":"https:\/\/www.praha7.cz\/api\/wp\/v2\/users\/251"}],"replies":[{"embeddable":true,"href":"https:\/\/www.praha7.cz\/api\/wp\/v2\/comments?post=86477"}],"version-history":[{"count":1,"href":"https:\/\/www.praha7.cz\/api\/wp\/v2\/posts\/86477\/revisions"}],"predecessor-version":[{"id":86479,"href":"https:\/\/www.praha7.cz\/api\/wp\/v2\/posts\/86477\/revisions\/86479"}],"wp:featuredmedia":[{"embeddable":true,"href":"https:\/\/www.praha7.cz\/api\/wp\/v2\/media\/86478"}],"wp:attachment":[{"href":"https:\/\/www.praha7.cz\/api\/wp\/v2\/media?parent=86477"}],"wp:term":[{"taxonomy":"category","embeddable":true,"href":"https:\/\/www.praha7.cz\/api\/wp\/v2\/categories?post=86477"},{"taxonomy":"post_tag","embeddable":true,"href":"https:\/\/www.praha7.cz\/api\/wp\/v2\/tags?post=86477"}],"curies":[{"name":"wp","href":"https:\/\/api.w.org\/{rel}","templated":true}]}}