    
{"id":86468,"date":"2025-09-04T14:23:37","date_gmt":"2025-09-04T12:23:37","guid":{"rendered":"https:\/\/www.praha7.cz\/?p=86468"},"modified":"2025-09-07T19:50:14","modified_gmt":"2025-09-07T17:50:14","slug":"charitativni-odpoledne-pro-rodice-znovu-zarim","status":"publish","type":"post","link":"https:\/\/www.praha7.cz\/charitativni-odpoledne-pro-rodice-znovu-zarim\/","title":{"rendered":"Charitativn\u00ed odpoledne pro rodi\u010de Znovu z\u00e1\u0159\u00edm"},"content":{"rendered":"<p>[perex]<\/p>\r\n<p>Spolek <a href=\"https:\/\/majakprotebe.cz\/\" target=\"_blank\" rel=\"noopener\">Maj\u00e1k pro tebe<\/a> v\u00e1s srde\u010dn\u011b zve na kr\u00e1sn\u00e9 odpoledne v\u011bnovan\u00e9 rodi\u010d\u016fm, kte\u0159\u00ed pro\u0161li dom\u00e1c\u00edm n\u00e1sil\u00edm a&nbsp;st\u00e1le bojuj\u00ed v&nbsp;n\u00e1ro\u010dn\u00e9m syst\u00e9mu. Akce, kter\u00e1 se kon\u00e1 v&nbsp;sobotu 6.&nbsp;z\u00e1\u0159\u00ed 2025 od 14 hodin v&nbsp;P\u0159\u00edstavu (V&nbsp;P\u0159\u00edstavu 24),\u00a0 je otev\u0159en\u00e1 ve\u0159ejnosti \u2013 p\u0159ij\u010fte s&nbsp;n\u00e1mi sd\u00edlet chv\u00edle podpory, nad\u011bje a&nbsp;soun\u00e1le\u017eitosti.<\/p>\r\n<p>[\/perex]<\/p>\r\n<p>Ob\u010derstven\u00ed zaji\u0161t\u011bno.<\/p>\r\n<p>Ka\u017ed\u00fd z&nbsp;vybran\u00fdch rodi\u010d\u016f (4 maminky a&nbsp;2 tat\u00ednci) obdr\u017e\u00ed:<\/p>\r\n<ul>\r\n\t<li>5 profesion\u00e1ln\u00edch fotografi\u00ed od Pavla Koutn\u00e9ho<\/li>\r\n\t<li>3 outfity od Od\u011bvn\u00ed banky<\/li>\r\n\t<li>l\u00ed\u010den\u00ed od profesion\u00e1ln\u00ed viz\u00e1\u017eistky Marie Bella Mirabella<\/li>\r\n<\/ul>\r\n<p>Tito rodi\u010de budou doslova z\u00e1\u0159it \u2013 symbolicky i&nbsp;doslova \u2013 v&nbsp;P\u0159\u00edstavu.\u00a0<\/p>\r\n<p>https:\/\/www.praha7.cz\/wp-content\/uploads\/2025\/09\/plakat-znovu-zarim.jpg<\/p>\r\n<p>&nbsp;<\/p>","protected":false},"excerpt":{"rendered":"[perex] Spolek Maj\u00e1k pro tebe v\u00e1s srde\u010dn\u011b zve na kr\u00e1sn\u00e9 odpoledne v\u011bnovan\u00e9 rodi\u010d\u016fm, kte\u0159\u00ed pro\u0161li dom\u00e1c\u00edm n\u00e1sil\u00edm a&nbsp;st\u00e1le bojuj\u00ed v&nbsp;n\u00e1ro\u010dn\u00e9m syst\u00e9mu. Akce, kter\u00e1 se kon\u00e1 v&nbsp;sobotu 6.&nbsp;z\u00e1\u0159\u00ed 2025 od 14 hodin v&nbsp;P\u0159\u00edstavu (V&nbsp;P\u0159\u00edstavu 24),\u00a0 je otev\u0159en\u00e1 ve\u0159ejnosti \u2013 p\u0159ij\u010fte s&nbsp;n\u00e1mi sd\u00edlet chv\u00edle podpory, nad\u011bje a&nbsp;soun\u00e1le\u017eitosti. [\/perex] Ob\u010derstven\u00ed zaji\u0161t\u011bno. Ka\u017ed\u00fd z&nbsp;vybran\u00fdch rodi\u010d\u016f (4 maminky a&nbsp;2 tat\u00ednci) [&hellip;]","protected":false},"author":251,"featured_media":86472,"comment_status":"closed","ping_status":"open","sticky":false,"template":"","format":"standard","meta":[],"categories":[34],"tags":[117,110],"_links":{"self":[{"href":"https:\/\/www.praha7.cz\/api\/wp\/v2\/posts\/86468"}],"collection":[{"href":"https:\/\/www.praha7.cz\/api\/wp\/v2\/posts"}],"about":[{"href":"https:\/\/www.praha7.cz\/api\/wp\/v2\/types\/post"}],"author":[{"embeddable":true,"href":"https:\/\/www.praha7.cz\/api\/wp\/v2\/users\/251"}],"replies":[{"embeddable":true,"href":"https:\/\/www.praha7.cz\/api\/wp\/v2\/comments?post=86468"}],"version-history":[{"count":1,"href":"https:\/\/www.praha7.cz\/api\/wp\/v2\/posts\/86468\/revisions"}],"predecessor-version":[{"id":86473,"href":"https:\/\/www.praha7.cz\/api\/wp\/v2\/posts\/86468\/revisions\/86473"}],"wp:featuredmedia":[{"embeddable":true,"href":"https:\/\/www.praha7.cz\/api\/wp\/v2\/media\/86472"}],"wp:attachment":[{"href":"https:\/\/www.praha7.cz\/api\/wp\/v2\/media?parent=86468"}],"wp:term":[{"taxonomy":"category","embeddable":true,"href":"https:\/\/www.praha7.cz\/api\/wp\/v2\/categories?post=86468"},{"taxonomy":"post_tag","embeddable":true,"href":"https:\/\/www.praha7.cz\/api\/wp\/v2\/tags?post=86468"}],"curies":[{"name":"wp","href":"https:\/\/api.w.org\/{rel}","templated":true}]}}