    
{"id":86446,"date":"2025-09-03T18:32:14","date_gmt":"2025-09-03T16:32:14","guid":{"rendered":"https:\/\/www.praha7.cz\/?p=86446"},"modified":"2025-09-15T13:48:01","modified_gmt":"2025-09-15T11:48:01","slug":"zmena-vedeni-dopravy-v-ulici-u-sparty-a-jana-zajice","status":"publish","type":"post","link":"https:\/\/www.praha7.cz\/zmena-vedeni-dopravy-v-ulici-u-sparty-a-jana-zajice\/","title":{"rendered":"Zm\u011bna veden\u00ed dopravy v&nbsp;ulici U&nbsp;Sparty a&nbsp;Jana Zaj\u00edce"},"content":{"rendered":"<p>[perex]<\/p>\r\n<p>Upozor\u0148ujeme \u0159idi\u010de, \u017ee v\u00a0ulici U&nbsp;Sparty je v\u00a0\u00faseku Na V\u00fd\u0161in\u00e1ch \u2013 Jana Zaj\u00edce nyn\u00ed vedena doprava jednosm\u011brn\u011b ve sm\u011bru k\u00a0ulici Jana Zaj\u00edce. Zjednosm\u011brn\u011bn\u00e1 je tak\u00e9 ulice Jana Zaj\u00edce ve sm\u011bru k\u00a0ulici Korunova\u010dn\u00ed.<\/p>\r\n<p>[\/perex]<\/p>\r\n<p>D\u016fvodem t\u011bchto \u00faprav je velmi \u010dast\u00e9 obj\u00ed\u017ed\u011bn\u00ed tranzitn\u00ed ulice Korunova\u010dn\u00ed a&nbsp;k\u0159i\u017eovatky na Letensk\u00e9m n\u00e1m\u011bst\u00ed vedlej\u0161\u00edmi ulicemi Nad Kr\u00e1lovskou oborou a&nbsp;U&nbsp;Sparty do\u00a0ulice Milady Hor\u00e1kov\u00e9 (a&nbsp;to navzdory dlouhodob\u011b platn\u00e9 zna\u010dce pr\u016fjezd zak\u00e1z\u00e1n). Na velk\u00e9 mno\u017estv\u00ed takto proj\u00ed\u017ed\u011bj\u00edc\u00edch vozidel si \u010dasto opr\u00e1vn\u011bn\u011b st\u011b\u017eovali m\u00edstn\u00ed obyvatel\u00e9.<\/p>\r\n<p>D\u011bkujeme za pochopen\u00ed a&nbsp;pros\u00edme, sledujte dopravn\u00ed zna\u010den\u00ed.<\/p>\r\n\r\n<figure id=\"attachment_86448\" aria-describedby=\"caption-attachment-86448\" style=\"width: 640px\" class=\"wp-caption alignnone\"><img loading=\"lazy\" src=\"https:\/\/www.praha7.cz\/wp-content\/uploads\/2025\/09\/Jana-Zajice-x-Korunovacni-1333x1000.jpg\" alt=\"\" width=\"640\" height=\"480\" class=\"size-large wp-image-86448\" srcset=\"https:\/\/www.praha7.cz\/wp-content\/uploads\/2025\/09\/Jana-Zajice-x-Korunovacni-1333x1000.jpg 1333w, https:\/\/www.praha7.cz\/wp-content\/uploads\/2025\/09\/Jana-Zajice-x-Korunovacni-533x400.jpg 533w, https:\/\/www.praha7.cz\/wp-content\/uploads\/2025\/09\/Jana-Zajice-x-Korunovacni-768x576.jpg 768w, https:\/\/www.praha7.cz\/wp-content\/uploads\/2025\/09\/Jana-Zajice-x-Korunovacni-1536x1152.jpg 1536w, https:\/\/www.praha7.cz\/wp-content\/uploads\/2025\/09\/Jana-Zajice-x-Korunovacni-2048x1536.jpg 2048w\" sizes=\"(max-width: 640px) 100vw, 640px\" \/><figcaption id=\"caption-attachment-86448\" class=\"wp-caption-text\">ul. Jana Zaj\u00edce z&nbsp;ul. Korunova\u010dn\u00ed<\/figcaption><\/figure>\r\n\r\n<p>&nbsp;<\/p>","protected":false},"excerpt":{"rendered":"[perex] Upozor\u0148ujeme \u0159idi\u010de, \u017ee v\u00a0ulici U&nbsp;Sparty je v\u00a0\u00faseku Na V\u00fd\u0161in\u00e1ch \u2013 Jana Zaj\u00edce nyn\u00ed vedena doprava jednosm\u011brn\u011b ve sm\u011bru k\u00a0ulici Jana Zaj\u00edce. Zjednosm\u011brn\u011bn\u00e1 je tak\u00e9 ulice Jana Zaj\u00edce ve sm\u011bru k\u00a0ulici Korunova\u010dn\u00ed. [\/perex] D\u016fvodem t\u011bchto \u00faprav je velmi \u010dast\u00e9 obj\u00ed\u017ed\u011bn\u00ed tranzitn\u00ed ulice Korunova\u010dn\u00ed a&nbsp;k\u0159i\u017eovatky na Letensk\u00e9m n\u00e1m\u011bst\u00ed vedlej\u0161\u00edmi ulicemi Nad Kr\u00e1lovskou oborou a&nbsp;U&nbsp;Sparty do\u00a0ulice Milady [&hellip;]","protected":false},"author":5,"featured_media":86447,"comment_status":"closed","ping_status":"open","sticky":false,"template":"","format":"standard","meta":[],"categories":[34],"tags":[57],"_links":{"self":[{"href":"https:\/\/www.praha7.cz\/api\/wp\/v2\/posts\/86446"}],"collection":[{"href":"https:\/\/www.praha7.cz\/api\/wp\/v2\/posts"}],"about":[{"href":"https:\/\/www.praha7.cz\/api\/wp\/v2\/types\/post"}],"author":[{"embeddable":true,"href":"https:\/\/www.praha7.cz\/api\/wp\/v2\/users\/5"}],"replies":[{"embeddable":true,"href":"https:\/\/www.praha7.cz\/api\/wp\/v2\/comments?post=86446"}],"version-history":[{"count":1,"href":"https:\/\/www.praha7.cz\/api\/wp\/v2\/posts\/86446\/revisions"}],"predecessor-version":[{"id":86449,"href":"https:\/\/www.praha7.cz\/api\/wp\/v2\/posts\/86446\/revisions\/86449"}],"wp:featuredmedia":[{"embeddable":true,"href":"https:\/\/www.praha7.cz\/api\/wp\/v2\/media\/86447"}],"wp:attachment":[{"href":"https:\/\/www.praha7.cz\/api\/wp\/v2\/media?parent=86446"}],"wp:term":[{"taxonomy":"category","embeddable":true,"href":"https:\/\/www.praha7.cz\/api\/wp\/v2\/categories?post=86446"},{"taxonomy":"post_tag","embeddable":true,"href":"https:\/\/www.praha7.cz\/api\/wp\/v2\/tags?post=86446"}],"curies":[{"name":"wp","href":"https:\/\/api.w.org\/{rel}","templated":true}]}}