    
{"id":86431,"date":"2025-09-03T11:31:40","date_gmt":"2025-09-03T09:31:40","guid":{"rendered":"https:\/\/www.praha7.cz\/?p=86431"},"modified":"2025-09-03T11:31:40","modified_gmt":"2025-09-03T09:31:40","slug":"cviceni-hasicu-v-odlehcovacim-centru-kamenicka","status":"publish","type":"post","link":"https:\/\/www.praha7.cz\/cviceni-hasicu-v-odlehcovacim-centru-kamenicka\/","title":{"rendered":"Cvi\u010den\u00ed hasi\u010d\u016f v&nbsp;odleh\u010dovac\u00edm centru Kamenick\u00e1"},"content":{"rendered":"<p>[perex]<\/p>\r\n<p>Upozor\u0148ujeme, \u017ee v\u00a0p\u00e1tek 5.&nbsp;z\u00e1\u0159\u00ed 2025 prob\u011bhne v\u00a0rann\u00edch a&nbsp;dopoledn\u00edch hodin\u00e1ch cvi\u010den\u00ed Hasi\u010dsk\u00e9ho z\u00e1chrann\u00e9ho sboru hl. m. Prahy v\u00a0objektu Soci\u00e1ln\u011b odleh\u010dovac\u00edho centra na adrese Kamenick\u00e1 46.<\/p>\r\n<p>[\/perex]<\/p>\r\n<p>V\u00a0r\u00e1mci cvi\u010den\u00ed se budou v\u00a0ulici vyskytovat hasi\u010dsk\u00e9 vozy a&nbsp;dal\u0161\u00ed technika a&nbsp;pohybovat p\u0159\u00edslu\u0161n\u00edci HZS. M\u016f\u017ee zde doj\u00edt tak\u00e9 ke\u00a0kr\u00e1tkodob\u00e9mu omezen\u00ed dopravy.<\/p>\r\n<p>D\u011bkujeme za pochopen\u00ed. Mo\u017enost v\u00fdcviku bezpe\u010dnostn\u00edch a&nbsp;z\u00e1chrann\u00fdch slo\u017eek ve specifick\u00e9m prost\u0159ed\u00ed soci\u00e1ln\u00edch a&nbsp;zdravotnick\u00fdch za\u0159\u00edzen\u00ed v\u00fdznamn\u011b pom\u00e1h\u00e1 p\u0159i z\u00e1chran\u011b zdrav\u00ed a&nbsp;\u017eivot\u016f t\u011bch nejv\u00edce ohro\u017een\u00fdch osob b\u011bhem ostr\u00fdch z\u00e1sah\u016f.<\/p>","protected":false},"excerpt":{"rendered":"[perex] Upozor\u0148ujeme, \u017ee v\u00a0p\u00e1tek 5.&nbsp;z\u00e1\u0159\u00ed 2025 prob\u011bhne v\u00a0rann\u00edch a&nbsp;dopoledn\u00edch hodin\u00e1ch cvi\u010den\u00ed Hasi\u010dsk\u00e9ho z\u00e1chrann\u00e9ho sboru hl. m. Prahy v\u00a0objektu Soci\u00e1ln\u011b odleh\u010dovac\u00edho centra na adrese Kamenick\u00e1 46. [\/perex] V\u00a0r\u00e1mci cvi\u010den\u00ed se budou v\u00a0ulici vyskytovat hasi\u010dsk\u00e9 vozy a&nbsp;dal\u0161\u00ed technika a&nbsp;pohybovat p\u0159\u00edslu\u0161n\u00edci HZS. M\u016f\u017ee zde doj\u00edt tak\u00e9 ke\u00a0kr\u00e1tkodob\u00e9mu omezen\u00ed dopravy. D\u011bkujeme za pochopen\u00ed. Mo\u017enost v\u00fdcviku bezpe\u010dnostn\u00edch a&nbsp;z\u00e1chrann\u00fdch slo\u017eek ve [&hellip;]","protected":false},"author":5,"featured_media":86432,"comment_status":"closed","ping_status":"open","sticky":false,"template":"","format":"standard","meta":[],"categories":[34],"tags":[99],"_links":{"self":[{"href":"https:\/\/www.praha7.cz\/api\/wp\/v2\/posts\/86431"}],"collection":[{"href":"https:\/\/www.praha7.cz\/api\/wp\/v2\/posts"}],"about":[{"href":"https:\/\/www.praha7.cz\/api\/wp\/v2\/types\/post"}],"author":[{"embeddable":true,"href":"https:\/\/www.praha7.cz\/api\/wp\/v2\/users\/5"}],"replies":[{"embeddable":true,"href":"https:\/\/www.praha7.cz\/api\/wp\/v2\/comments?post=86431"}],"version-history":[{"count":1,"href":"https:\/\/www.praha7.cz\/api\/wp\/v2\/posts\/86431\/revisions"}],"predecessor-version":[{"id":86433,"href":"https:\/\/www.praha7.cz\/api\/wp\/v2\/posts\/86431\/revisions\/86433"}],"wp:featuredmedia":[{"embeddable":true,"href":"https:\/\/www.praha7.cz\/api\/wp\/v2\/media\/86432"}],"wp:attachment":[{"href":"https:\/\/www.praha7.cz\/api\/wp\/v2\/media?parent=86431"}],"wp:term":[{"taxonomy":"category","embeddable":true,"href":"https:\/\/www.praha7.cz\/api\/wp\/v2\/categories?post=86431"},{"taxonomy":"post_tag","embeddable":true,"href":"https:\/\/www.praha7.cz\/api\/wp\/v2\/tags?post=86431"}],"curies":[{"name":"wp","href":"https:\/\/api.w.org\/{rel}","templated":true}]}}