    
{"id":86417,"date":"2025-09-03T09:30:05","date_gmt":"2025-09-03T07:30:05","guid":{"rendered":"https:\/\/www.praha7.cz\/?p=86417"},"modified":"2025-09-03T09:30:05","modified_gmt":"2025-09-03T07:30:05","slug":"pocitacove-kurzy-seniori-25-2","status":"publish","type":"post","link":"https:\/\/www.praha7.cz\/pocitacove-kurzy-seniori-25-2\/","title":{"rendered":"Po\u010d\u00edta\u010dov\u00e9 kurzy pro seniory od \u0159\u00edjna 2025"},"content":{"rendered":"<p>[perex]<\/p>\r\n<p>Od \u0159\u00edjna 2025 jsme pro seniory star\u0161\u00ed 60 let trvale bydl\u00edc\u00ed v&nbsp;Praze 7 op\u011bt p\u0159ipravili po\u010d\u00edta\u010dov\u00e9 kurzy. Budou se konat ve vzd\u011bl\u00e1vac\u00edm a&nbsp;kulturn\u00edm centru Elpida \u2013 P\u0159\u00edstav, V&nbsp;P\u0159\u00edstavu 1639\/24. Kurzy jsou zdarma, \u00fa\u010dastn\u00edci hrad\u00ed pouze jednor\u00e1zov\u00fd poplatek ve v\u00fd\u0161i 50&nbsp;K\u010d p\u0159i registraci. Registrace na n\u00ed\u017ee uveden\u00e9 kurzy budou prob\u00edhat v&nbsp;p\u00e1tek 19.&nbsp;z\u00e1\u0159\u00ed 2025 od 9.00 do 13.00 v&nbsp;P\u0159\u00edstavu, pouze osobn\u011b.<\/p>\r\n<p>[\/perex]<\/p>\r\n<h3>Chytr\u00e9 telefony\/tablety<\/h3>\r\n<p><span style=\"color: #0000ff;\">Chytr\u00e9 telefony\/tablety pro za\u010d\u00e1te\u010dn\u00edky A\u00a0 \u00a0 \u00a0 \u00a0 \u00a0 \u00a0<\/span>\u00a0\u00a0\u00a0\u00a0\u00a0\u00a0\u00a0\u00a0\u00a0\u00a0\u00a0\u00a0\u00a0\u00a0\u00a0\u00a0\u00a0\u00a0 <br \/>\r\npond\u011bl\u00ed 9.00\u201310.00 | 6.&nbsp;10. \u2013 15.&nbsp;12.&nbsp;2025<\/p>\r\n<p><span style=\"color: #0000ff;\">Chytr\u00e9 telefony\/tablety pro m\u00edrn\u011b pokro\u010dil\u00e9 A\u00a0\u00a0\u00a0\u00a0\u00a0\u00a0\u00a0\u00a0<\/span>\u00a0\u00a0\u00a0\u00a0\u00a0\u00a0\u00a0\u00a0 <br \/>\r\np\u00e1tek 9.00\u201310.00 | 3.&nbsp;10. \u2013 5.&nbsp;12.&nbsp;2025<\/p>\r\n<p><span style=\"color: #0000ff;\">Chytr\u00e9 telefony\/tablety pro m\u00edrn\u011b pokro\u010dil\u00e9 B\u00a0\u00a0\u00a0\u00a0\u00a0\u00a0\u00a0\u00a0\u00a0<\/span>\u00a0\u00a0\u00a0\u00a0\u00a0\u00a0\u00a0 <br \/>\r\npond\u011bl\u00ed 10.15\u201311.15 | 6.&nbsp;10. \u2013 15.&nbsp;12.&nbsp;2025<\/p>\r\n<p><span style=\"color: #0000ff;\">Chytr\u00e9 telefony\/tablety pro m\u00edrn\u011b pokro\u010dil\u00e9 C\u00a0\u00a0\u00a0<\/span>\u00a0\u00a0\u00a0\u00a0\u00a0\u00a0\u00a0\u00a0\u00a0\u00a0\u00a0\u00a0\u00a0 <br \/>\r\np\u00e1tek 10.15\u201311.15 | 3.&nbsp;10. \u2013 5.&nbsp;12.&nbsp;2025<\/p>\r\n<p><span style=\"color: #0000ff;\">Chytr\u00e9 telefony\/tablety pro pokro\u010dil\u00e9 A&nbsp;\u00a0\u00a0\u00a0\u00a0\u00a0\u00a0\u00a0\u00a0\u00a0\u00a0\u00a0\u00a0\u00a0\u00a0\u00a0\u00a0\u00a0\u00a0\u00a0<\/span>\u00a0\u00a0\u00a0\u00a0\u00a0\u00a0\u00a0\u00a0\u00a0 <br \/>\r\npond\u011bl\u00ed 11.30\u201312.30 | 6.&nbsp;10. \u2013 5.&nbsp;12.&nbsp;2025<\/p>\r\n<p><span style=\"color: #0000ff;\">Chytr\u00e9 telefony\/tablety pro pokro\u010dil\u00e9 B \u00a0\u00a0<\/span>\u00a0\u00a0\u00a0\u00a0\u00a0\u00a0\u00a0\u00a0\u00a0\u00a0\u00a0\u00a0\u00a0\u00a0\u00a0\u00a0\u00a0\u00a0\u00a0\u00a0\u00a0\u00a0\u00a0\u00a0\u00a0\u00a0 <br \/>\r\np\u00e1tek 11.30\u201312.30 | 3.&nbsp;10. \u2013 5.&nbsp;12.&nbsp;2025<\/p>\r\n<h3><\/h3>\r\n<h3>Po\u010d\u00edta\u010dov\u00e9 kurzy<\/h3>\r\n<p><span style=\"color: #0000ff;\">PC pro m\u00edrn\u011b pokro\u010dil\u00e9\u00a0 \u00a0 <\/span>\u00a0\u00a0\u00a0\u00a0\u00a0\u00a0\u00a0\u00a0\u00a0\u00a0\u00a0\u00a0\u00a0\u00a0\u00a0\u00a0\u00a0\u00a0\u00a0\u00a0\u00a0\u00a0\u00a0\u00a0\u00a0\u00a0\u00a0\u00a0\u00a0\u00a0\u00a0\u00a0\u00a0\u00a0\u00a0\u00a0\u00a0\u00a0\u00a0\u00a0\u00a0\u00a0\u00a0\u00a0\u00a0\u00a0\u00a0\u00a0\u00a0\u00a0\u00a0\u00a0\u00a0\u00a0\u00a0\u00a0\u00a0\u00a0\u00a0 <br \/>\r\nst\u0159eda 10.15\u201312.15 | 1.&nbsp;10. \u2013 3.&nbsp;12.&nbsp;2025<\/p>\r\n<p><span style=\"color: #0000ff;\">Nejlep\u0161\u00ed mobiln\u00ed aplikace, webov\u00e9 str\u00e1nky a&nbsp;program\u00a0\u00a0\u00a0\u00a0 <\/span>\u00a0\u00a0\u00a0\u00a0\u00a0\u00a0\u00a0\u00a0\u00a0\u00a0\u00a0\u00a0\u00a0\u00a0\u00a0\u00a0\u00a0\u00a0\u00a0\u00a0\u00a0\u00a0\u00a0\u00a0\u00a0\u00a0\u00a0\u00a0\u00a0\u00a0\u00a0\u00a0\u00a0\u00a0\u00a0\u00a0\u00a0\u00a0\u00a0\u00a0\u00a0\u00a0 <br \/>\r\n\u010dtvrtek 11.15\u201313.15 | 2.&nbsp;10. \u2013 4.&nbsp;12.&nbsp;2025<\/p>\r\n<p><span style=\"color: #0000ff;\">PC pro pokro\u010dil\u00e9 \u00a0\u00a0\u00a0\u00a0\u00a0\u00a0\u00a0\u00a0\u00a0\u00a0\u00a0\u00a0\u00a0\u00a0\u00a0\u00a0 <\/span>\u00a0\u00a0\u00a0\u00a0\u00a0\u00a0\u00a0\u00a0\u00a0\u00a0\u00a0\u00a0\u00a0\u00a0\u00a0\u00a0\u00a0\u00a0\u00a0\u00a0\u00a0\u00a0\u00a0\u00a0\u00a0\u00a0\u00a0\u00a0\u00a0\u00a0\u00a0\u00a0\u00a0\u00a0\u00a0\u00a0\u00a0\u00a0\u00a0\u00a0\u00a0\u00a0\u00a0\u00a0\u00a0\u00a0 <br \/>\r\n\u010dtvrtek 14.00\u201316.00 | 2.&nbsp;10. \u2013 4.&nbsp;12.&nbsp;2025<\/p>\r\n<hr \/>\r\n<p>Po\u010det m\u00edst je omezen. V\u00fduka bude prob\u00edhat ve skupin\u00e1ch o&nbsp;max. 9 \u00fa\u010dastn\u00edk\u016f. Registrace na kurzy bude omezena na jeden kurz na osobu. V&nbsp;p\u0159\u00edpad\u011b voln\u00e9 kapacity na jednotliv\u00fdch kurzech maj\u00ed mo\u017enost se p\u0159ihl\u00e1sit i&nbsp;z\u00e1jemci, kte\u0159\u00ed jsou ji\u017e na jin\u00fdch kurzech zaregistrovan\u00ed. V&nbsp;p\u0159\u00edpad\u011b t\u0159\u00ed neomluven\u00fdch absenc\u00ed je klient z&nbsp;kurzu automaticky odhl\u00e1\u0161en a&nbsp;uvol\u0148uje m\u00edsto n\u00e1hradn\u00edk\u016fm.<\/p>\r\n<hr \/>\r\n<h4>Spojen\u00ed do P\u0159\u00edstavu<\/h4>\r\n<p><strong>bus 156<\/strong> \u2013 zast\u00e1vka V&nbsp;P\u0159\u00edstavu (80 m, 1 minuta ch\u016fze)<\/p>\r\n<p><strong>tram 1, 6, 14, 25<\/strong> \u2013 zast\u00e1vka Ortenovo n\u00e1m\u011bst\u00ed nebo U&nbsp;Pr\u016fhonu (650 m, 9 minut ch\u016fze)<\/p>\r\n<p>tel.: <strong>222&nbsp;264&nbsp;846<\/strong>, e-mail: <a href=\"mailto:pristav@elpida.cz\">pristav@elpida.cz<\/a><\/p>\r\n<p>&nbsp;<\/p>\r\n<p>&nbsp;<\/p>","protected":false},"excerpt":{"rendered":"[perex] Od \u0159\u00edjna 2025 jsme pro seniory star\u0161\u00ed 60 let trvale bydl\u00edc\u00ed v&nbsp;Praze 7 op\u011bt p\u0159ipravili po\u010d\u00edta\u010dov\u00e9 kurzy. Budou se konat ve vzd\u011bl\u00e1vac\u00edm a&nbsp;kulturn\u00edm centru Elpida \u2013 P\u0159\u00edstav, V&nbsp;P\u0159\u00edstavu 1639\/24. Kurzy jsou zdarma, \u00fa\u010dastn\u00edci hrad\u00ed pouze jednor\u00e1zov\u00fd poplatek ve v\u00fd\u0161i 50&nbsp;K\u010d p\u0159i registraci. Registrace na n\u00ed\u017ee uveden\u00e9 kurzy budou prob\u00edhat v&nbsp;p\u00e1tek 19.&nbsp;z\u00e1\u0159\u00ed 2025 od 9.00 [&hellip;]","protected":false},"author":251,"featured_media":63607,"comment_status":"closed","ping_status":"open","sticky":false,"template":"","format":"standard","meta":[],"categories":[34],"tags":[115,91],"_links":{"self":[{"href":"https:\/\/www.praha7.cz\/api\/wp\/v2\/posts\/86417"}],"collection":[{"href":"https:\/\/www.praha7.cz\/api\/wp\/v2\/posts"}],"about":[{"href":"https:\/\/www.praha7.cz\/api\/wp\/v2\/types\/post"}],"author":[{"embeddable":true,"href":"https:\/\/www.praha7.cz\/api\/wp\/v2\/users\/251"}],"replies":[{"embeddable":true,"href":"https:\/\/www.praha7.cz\/api\/wp\/v2\/comments?post=86417"}],"version-history":[{"count":1,"href":"https:\/\/www.praha7.cz\/api\/wp\/v2\/posts\/86417\/revisions"}],"predecessor-version":[{"id":86421,"href":"https:\/\/www.praha7.cz\/api\/wp\/v2\/posts\/86417\/revisions\/86421"}],"wp:featuredmedia":[{"embeddable":true,"href":"https:\/\/www.praha7.cz\/api\/wp\/v2\/media\/63607"}],"wp:attachment":[{"href":"https:\/\/www.praha7.cz\/api\/wp\/v2\/media?parent=86417"}],"wp:term":[{"taxonomy":"category","embeddable":true,"href":"https:\/\/www.praha7.cz\/api\/wp\/v2\/categories?post=86417"},{"taxonomy":"post_tag","embeddable":true,"href":"https:\/\/www.praha7.cz\/api\/wp\/v2\/tags?post=86417"}],"curies":[{"name":"wp","href":"https:\/\/api.w.org\/{rel}","templated":true}]}}