    
{"id":86410,"date":"2025-09-02T15:22:06","date_gmt":"2025-09-02T13:22:06","guid":{"rendered":"https:\/\/www.praha7.cz\/?p=86410"},"modified":"2025-09-07T19:40:27","modified_gmt":"2025-09-07T17:40:27","slug":"dopravni-opatreni-v-souvislosti-s-bezeckymi-zavody-6-zari","status":"publish","type":"post","link":"https:\/\/www.praha7.cz\/dopravni-opatreni-v-souvislosti-s-bezeckymi-zavody-6-zari\/","title":{"rendered":"Dopravn\u00ed opat\u0159en\u00ed v&nbsp;souvislosti s&nbsp;b\u011b\u017eeck\u00fdmi z\u00e1vody 6.&nbsp;z\u00e1\u0159\u00ed"},"content":{"rendered":"<p>[perex]<\/p>\r\n<p>Z d\u016fvodu kon\u00e1n\u00ed b\u011b\u017eeck\u00fdch z\u00e1vod\u016f doch\u00e1z\u00ed v&nbsp;sobotu 6.&nbsp;z\u00e1\u0159\u00ed 2025 p\u0159ibli\u017en\u011b od 16.00 hodin p\u0159ibli\u017en\u011b do 21.30 hodin k&nbsp;n\u00ed\u017ee uveden\u00fdm dopravn\u00edm opat\u0159en\u00edm v&nbsp;individu\u00e1ln\u00ed i&nbsp;hromadn\u00e9 doprav\u011b. Dot\u010den\u00e9 linky: 6, 8, 15, 17, 26, 41, 42, 194, 207.\u00a0<\/p>\r\n<p>[\/perex]<\/p>\r\n<h3>MHD<\/h3>\r\n<p>V souvislosti se z\u00e1vody adidas B\u011bh pro \u017eeny 5 km (start 18.00) a&nbsp;Birell ve\u010dern\u00ed b\u011bh na 10 km (start 19.30) je v&nbsp;dob\u011b p\u0159ibli\u017en\u011b od 16.00 hodin p\u0159ibli\u017en\u011b do 21.30 hodin obousm\u011brn\u011b p\u0159eru\u0161en provoz tramvaj\u00ed v&nbsp;oblasti n\u00e1m\u011bst\u00ed Republiky, Revolu\u010dn\u00ed ulice, \u0160tef\u00e1nikova mostu, \u010cechova mostu, n\u00e1b\u0159e\u017e\u00ed Edvarda Bene\u0161e a&nbsp;n\u00e1b\u0159e\u017e\u00ed Kapit\u00e1na Jaro\u0161e.<\/p>\r\n<ul>\r\n\t<li>Dot\u010den\u00e9 tramvajov\u00e9 linky\u00a06,\u00a08,\u00a015,\u00a017,\u00a026\u00a0a historick\u00e9 linky\u00a041\u00a0a\u00a042\u00a0jsou vedeny po odklonov\u00fdch tras\u00e1ch.<\/li>\r\n\t<li>Bli\u017e\u0161\u00ed informace o&nbsp;odklonech jednotliv\u00fdch linek jsou uvedeny na zast\u00e1vk\u00e1ch v&nbsp;dot\u010den\u00fdch oblastech.<\/li>\r\n<\/ul>\r\n<h4>Dopravn\u00ed opat\u0159en\u00ed v&nbsp;provozu autobus\u016f<\/h4>\r\n<ul>\r\n\t<li>P\u0159ibli\u017en\u011b od\u00a016.00\u00a0hodin p\u0159ibli\u017en\u011b\u00a0do\u00a018.30\u00a0hodin jsou pro linku \u010d\u00edslo\u00a0207\u00a0v obou sm\u011brech zru\u0161eny zast\u00e1vky\u00a0B\u00edl\u00e1 labu\u0165,\u00a0N\u00e1m\u011bst\u00ed Republiky\u00a0a\u00a0Dlouh\u00e1 t\u0159\u00edda.<\/li>\r\n\t<li>P\u0159ibli\u017en\u011b od\u00a018.30\u00a0hodin p\u0159ibli\u017en\u011b\u00a0do\u00a021.30\u00a0hodin je linka \u010d\u00edslo\u00a0207\u00a0zkr\u00e1cena do trasy\u00a0<em>Ohrada \u2013 Florenc<\/em>.<\/li>\r\n\t<li>Provoz linky \u010d\u00edslo\u00a0194\u00a0je p\u0159ibli\u017en\u011b od\u00a016.00\u00a0hodin do ukon\u010den\u00ed jej\u00edho provozu realizov\u00e1n pouze v&nbsp;\u00faseku zast\u00e1vek\u00a0<em>Nemocnice pod Pet\u0159\u00ednem \u2013 Starom\u011bstsk\u00e1<\/em>, zast\u00e1vky v&nbsp;\u00faseku\u00a0<em>Starom\u011bstsk\u00e1 \u2013 Florenc\u00a0<\/em>jsou\u00a0zru\u0161eny.<\/li>\r\n<\/ul>\r\n<hr \/>\r\n<h3>Automobilov\u00e1 doprava<\/h3>\r\n<p><span>V sobotu 6.&nbsp;z\u00e1\u0159\u00ed 2025 v&nbsp;\u010dase 12.00\u201322.00 bude omezeno parkov\u00e1n\u00ed (z\u00e1kaz zastaven\u00ed) v&nbsp;lokalit\u00e1ch: n\u00e1b\u0159e\u017e\u00ed Edvarda Bene\u0161e, n\u00e1b\u0159e\u017e\u00ed Kapit\u00e1na Jaro\u0161e (v&nbsp;\u00faseku \u0160tef\u00e1nik\u016fv most \u2013 ul. Dukelsk\u00fdch hrdin\u016f), Dvo\u0159\u00e1kovo n\u00e1b\u0159e\u017e\u00ed (v&nbsp;\u00faseku \u0160tef\u00e1nik\u016fv most \u2013 \u010cech\u016fv most), Rohansk\u00e9 n\u00e1b\u0159e\u017e\u00ed, podjezdy \u010cechova mostu a&nbsp;\u0160tef\u00e1nikova mostu.<\/span><\/p>\r\n<p>V \u010dase p\u0159ibli\u017en\u011b 17.30\u201321.00 nastane \u00fapln\u00e1 uzav\u00edrka \u0160tef\u00e1nikova mostu, Letensk\u00e9ho tunelu, \u010cechova mostu a&nbsp;n\u00e1b\u0159e\u017e\u00ed Kapit\u00e1na Jaro\u0161e.\u00a0<\/p>\r\n<p><strong>\u00dapln\u00e9 dopravn\u00ed informace najdete <a href=\"https:\/\/www.runczech.com\/cs\/akce\/birell-10k-race-2025\/dopravni-informace-2\" target=\"_blank\" rel=\"noopener\">na str\u00e1nk\u00e1ch po\u0159adatele z\u00e1vodu<\/a>.<\/strong><\/p>","protected":false},"excerpt":{"rendered":"[perex] Z&nbsp;d\u016fvodu kon\u00e1n\u00ed b\u011b\u017eeck\u00fdch z\u00e1vod\u016f doch\u00e1z\u00ed v&nbsp;sobotu 6.&nbsp;z\u00e1\u0159\u00ed 2025 p\u0159ibli\u017en\u011b od 16.00 hodin p\u0159ibli\u017en\u011b do 21.30 hodin k&nbsp;n\u00ed\u017ee uveden\u00fdm dopravn\u00edm opat\u0159en\u00edm v&nbsp;individu\u00e1ln\u00ed i&nbsp;hromadn\u00e9 doprav\u011b. Dot\u010den\u00e9 linky: 6, 8, 15, 17, 26, 41, 42, 194, 207.\u00a0 [\/perex] MHD V&nbsp;souvislosti se z\u00e1vody adidas B\u011bh pro \u017eeny 5 km (start 18.00) a&nbsp;Birell ve\u010dern\u00ed b\u011bh na 10 [&hellip;]","protected":false},"author":251,"featured_media":86411,"comment_status":"closed","ping_status":"open","sticky":false,"template":"","format":"standard","meta":[],"categories":[34],"tags":[57,82],"_links":{"self":[{"href":"https:\/\/www.praha7.cz\/api\/wp\/v2\/posts\/86410"}],"collection":[{"href":"https:\/\/www.praha7.cz\/api\/wp\/v2\/posts"}],"about":[{"href":"https:\/\/www.praha7.cz\/api\/wp\/v2\/types\/post"}],"author":[{"embeddable":true,"href":"https:\/\/www.praha7.cz\/api\/wp\/v2\/users\/251"}],"replies":[{"embeddable":true,"href":"https:\/\/www.praha7.cz\/api\/wp\/v2\/comments?post=86410"}],"version-history":[{"count":2,"href":"https:\/\/www.praha7.cz\/api\/wp\/v2\/posts\/86410\/revisions"}],"predecessor-version":[{"id":86416,"href":"https:\/\/www.praha7.cz\/api\/wp\/v2\/posts\/86410\/revisions\/86416"}],"wp:featuredmedia":[{"embeddable":true,"href":"https:\/\/www.praha7.cz\/api\/wp\/v2\/media\/86411"}],"wp:attachment":[{"href":"https:\/\/www.praha7.cz\/api\/wp\/v2\/media?parent=86410"}],"wp:term":[{"taxonomy":"category","embeddable":true,"href":"https:\/\/www.praha7.cz\/api\/wp\/v2\/categories?post=86410"},{"taxonomy":"post_tag","embeddable":true,"href":"https:\/\/www.praha7.cz\/api\/wp\/v2\/tags?post=86410"}],"curies":[{"name":"wp","href":"https:\/\/api.w.org\/{rel}","templated":true}]}}