    
{"id":86356,"date":"2025-09-01T12:17:13","date_gmt":"2025-09-01T10:17:13","guid":{"rendered":"https:\/\/www.praha7.cz\/?p=86356"},"modified":"2025-09-01T12:19:07","modified_gmt":"2025-09-01T10:19:07","slug":"sila-komunit","status":"publish","type":"post","link":"https:\/\/www.praha7.cz\/sila-komunit\/","title":{"rendered":"S\u00edla komunit"},"content":{"rendered":"<p>[perex]<\/p>\r\n<p>Co kdyby z&nbsp;va\u0161\u00ed ulice na jeden den zmizela zaparkovan\u00e1 auta a&nbsp;jejich prostor zabraly koncerty, divadeln\u00ed vystoupen\u00ed, dom\u00e1c\u00ed dobroty, d\u00edlny pro d\u011bti, p\u0159edstaven\u00ed m\u00edstn\u00edch spolk\u016f a&nbsp;p\u0159edev\u0161\u00edm sousedsk\u00e1 setk\u00e1n\u00ed? Tak tomu bude v&nbsp;sobotu 20.&nbsp;z\u00e1\u0159\u00ed na sedmi m\u00edstech Prahy&nbsp;7 v&nbsp;r\u00e1mci akce Za\u017e\u00edt m\u011bsto jinak.<br \/>\r\n\u00a0<br \/>\r\n[\/perex]<\/p>\r\n<p>V\u0161echno za\u010dalo v&nbsp;roce 2006 na Smetanov\u011b n\u00e1b\u0159e\u017e\u00ed. Spolek AutoMat tehdy uspo\u0159\u00e1dal prvn\u00ed slavnosti Za\u017e\u00edt m\u011bsto jinak a&nbsp;na v\u00edkend o\u017eivil toto ikonick\u00e9 m\u00edsto \u017eivou kulturou. Od t\u00e9 doby se akce roz\u0161\u00ed\u0159ila do cel\u00e9 Prahy i&nbsp;cel\u00e9ho \u010ceska a&nbsp;princip navracen\u00ed ve\u0159ejn\u00e9ho prostoru m\u00edstn\u00edm lidem si p\u0159isvojily stovky dobrovoln\u00fdch organiz\u00e1tor\u016f a&nbsp;organiz\u00e1torek. V\u00fdjimku netvo\u0159\u00ed ani Sedmi\u010dka, kter\u00e1 pat\u0159\u00ed k&nbsp;tradi\u010dn\u00edm ba\u0161t\u00e1m tohoto projektu.<\/p>\r\n<p><strong>Do it yourself<\/strong><br \/>\r\nKoncept a\u00a0princip slavnost\u00ed z\u016fst\u00e1v\u00e1 u\u017e 20 let stejn\u00fd. Je zalo\u017een\u00fd na principu \u201eud\u011blej si s\u00e1m\u201c, nez\u00e1visle, apoliticky, nekomer\u010dn\u011b. \u201eTo n\u00e1s odli\u0161uje od nejr\u016fzn\u011bj\u0161\u00edch food a\u00a0design festival\u016f. Prost\u011b jak\u00e9 si to ud\u011bl\u00e1me, takov\u00e9 to m\u00e1me. Udr\u017eiteln\u00e9 a\u00a0tak\u00e9 v\u00a0souladu s\u00a0etick\u00fdm kodexem. P\u0159ilo\u017eit ruku k\u00a0d\u00edlu m\u016f\u017ee ka\u017ed\u00fd,\u201c \u0159\u00edk\u00e1 Anna Koci\u00e1nov\u00e1 z\u00a0po\u0159adatelsk\u00e9ho spolku AutoMat. Spolek p\u0159e\u0161el postupn\u011b z\u00a0role programov\u011b-produk\u010dn\u00ed do role mentorsk\u00e9 a\u00a0koordina\u010dn\u00ed. Organiz\u00e1tor\u016fm zaji\u0161\u0165uje administrativn\u00ed podporu cel\u00e9 akce, propagaci a\u00a0p\u0159ed\u00e1v\u00e1n\u00ed dlouholet\u00e9ho know-how.<\/p>\r\n<p>Za\u017e\u00edt m\u011bsto jinak je v\u00fdznamn\u00fdm ob\u010dansk\u00fdm inkub\u00e1torem \u2013 propojuje aktivn\u00ed lidi v&nbsp;dan\u00e9 lokalit\u011b, spolky a&nbsp;instituce. Pom\u00e1h\u00e1 artikulovat pot\u0159eby m\u00edstn\u00edch a&nbsp;st\u00e1t se n\u00e1strojem skute\u010dn\u00e9 participace. Dopady se nepo\u010d\u00edtaj\u00ed na vypit\u00e9 k\u00e1vy a&nbsp;sn\u011bden\u00e9 klob\u00e1sy, ale na nov\u011b zalo\u017een\u00e9 spolky a&nbsp;iniciativy, nov\u00e9 vazby a&nbsp;trvalej\u0161\u00ed prom\u011bny ve\u0159ejn\u00e9ho prostoru. Mottem leto\u0161n\u00edho ro\u010dn\u00edku je \u201eS\u00edla komunit\u201c. Na Sedmi\u010dce m\u00e1 tato my\u0161lenka hlubok\u00e9 ko\u0159eny. Mnoh\u00e9 z&nbsp;dne\u0161n\u00edch komunitn\u00edch projekt\u016f a&nbsp;spolk\u016f, kter\u00e9 h\u00fdbou \u017eivotem t\u00e9to m\u011bstsk\u00e9 \u010d\u00e1sti, maj\u00ed sv\u00e9 po\u010d\u00e1tky pr\u00e1v\u011b ve slavnostech Za\u017e\u00edt m\u011bsto jinak. My\u0161lenka souvis\u00ed tak\u00e9 s&nbsp;podporou lok\u00e1ln\u00ed ekonomiky a&nbsp;konceptem 15minutov\u00e9ho m\u011bsta \u2013 kde \u010dlov\u011bk najde v\u011bt\u0161inu pot\u0159ebn\u00fdch slu\u017eeb v&nbsp;doch\u00e1zkov\u00e9 vzd\u00e1lenosti, \u010d\u00edm\u017e se omezuje tak\u00e9 ne\u017e\u00e1douc\u00ed a&nbsp;zbytn\u00e1 individu\u00e1ln\u00ed automobilov\u00e1 doprava.<\/p>\r\n<p><strong>T\u0159et\u00ed sobota v\u00a0z\u00e1\u0159\u00ed<\/strong><br \/>\r\nTerm\u00edn Za\u017e\u00edt m\u011bsto jinak p\u0159ipad\u00e1 u\u017e tradi\u010dn\u011b na t\u0159et\u00ed z\u00e1\u0159ijovou sobotu. Pro\u010d? Slavnosti vznikly v&nbsp;souvislosti s&nbsp;Evropsk\u00fdm t\u00fddnem mobility a&nbsp;Dnem bez aut. Ty upozor\u0148uj\u00ed na dopady automobilov\u00e9 dopravy ve m\u011bstech a&nbsp;podporuj\u00ed udr\u017eiteln\u00e9 zp\u016fsoby pohybu \u2013 ch\u016fzi, j\u00edzdu MHD nebo na kole. M\u011bsta po cel\u00e9 Evrop\u011b po\u0159\u00e1daj\u00ed v&nbsp;tomto term\u00ednu akce zam\u011b\u0159en\u00e9 na udr\u017eitelnou mobilitu a&nbsp;kultivaci ve\u0159ejn\u00e9ho prostoru. C\u00edlem je vystoupit alespo\u0148 na chv\u00edli ze zajet\u00fdch kolej\u00ed a&nbsp;vid\u011bt sv\u00e9 okol\u00ed z&nbsp;jin\u00e9 perspektivy. Je to i&nbsp;forma taktick\u00e9ho urbanismu \u2013 vyzkou\u0161et si na vlastn\u00ed k\u016f\u017ei do\u010dasn\u011b zm\u011bny, kter\u00fdch se lid\u00e9 mohou b\u00e1t.<\/p>\r\n<hr \/>\r\n<p><strong>U\u00a0Akademie \u2013 m\u00edsto, kde se setk\u00e1vaj\u00ed soused\u00e9<br \/>\r\n<\/strong>Jedna z&nbsp;nejd\u00e9le funguj\u00edc\u00edch lokalit Za\u017e\u00edt m\u011bsto jinak v\u016fbec a&nbsp;slu\u017eebn\u011b nejstar\u0161\u00ed sedmi\u010dkov\u00e1 lokalita se nach\u00e1z\u00ed na Letn\u00e9 U&nbsp;Akademie p\u0159ed Lajkou. Letos se m\u016f\u017eete t\u011b\u0161it na setk\u00e1n\u00ed se sousedy a&nbsp;sousedkami, \u017eivou hudbu, ble\u0161\u00e1ky i&nbsp;dom\u00e1c\u00ed ob\u010derstven\u00ed v\u010detn\u011b v\u00fdte\u010dn\u00e9ho piva. Pokud m\u00e1te z\u00e1jem se letos p\u0159idat a&nbsp;spoluvytvo\u0159it program, ozv\u011bte se. V\u00edt\u00e1ni jsou divadeln\u00edci, muzikanti, showmani, performe\u0159i nebo workshopy.<\/p>\r\n<hr \/>\r\n<p><strong>Strossmayerovo n\u00e1m\u011bst\u00ed \u2013 slavnost s\u00a0posl\u00e1n\u00edm<br \/>\r\n<\/strong>Na \u201eStrossu\u201c se uskute\u010dn\u00ed Za\u017e\u00edt m\u011bsto jinak u\u017e podev\u00e1t\u00e9. Po lokalit\u011b U&nbsp;Akademie je tak Strossmayerovo n\u00e1m\u011bst\u00ed druh\u00fdm nejstar\u0161\u00edm epicentrem zdej\u0161\u00edch sousedsk\u00fdch slavnost\u00ed. Program je letos nachystan\u00fd od 13 do 17.30 hodin a&nbsp;zam\u011b\u0159\u00ed se na osudy lid\u00ed na okraji spole\u010dnosti \u2013 senior\u016f, osob s&nbsp;psychick\u00fdmi probl\u00e9my, lid\u00ed bez domova, nemocn\u00fdch, t\u00fdran\u00fdch d\u011bt\u00ed \u010di d\u011bt\u00ed, jejich\u017e rodi\u010de jsou ve v\u011bzen\u00ed.<\/p>\r\n<p>P\u0159ed kostelem sv. Anton\u00edna se p\u0159edstav\u00ed \u0159ada organizac\u00ed: Fokus Praha, Medici na ulici, Charita Hole\u0161ovice, Pe\u010dovatelsk\u00e9 centrum Praha&nbsp;7, Centrum LOCIKA, P\u0159\u00edstav 7, Mezin\u00e1rodn\u00ed v\u011bze\u0148sk\u00e9 spole\u010denstv\u00ed, \u010cerven\u00fd k\u0159\u00ed\u017e, Spolek Ignisio, Rodinn\u00e9 centrum Letn\u00e1 a&nbsp;dal\u0161\u00ed.<\/p>\r\n<p>Doprovodn\u00fd program nab\u00eddne d\u011btsk\u00e9 d\u00edlni\u010dky, koncert, divadlo a&nbsp;sousedsk\u00fd piknik. V&nbsp;Anton\u00ednov\u011b peka\u0159stv\u00ed si d\u011bti mohou upl\u00e9st housku. Spolek Ignisio zajist\u00ed v\u00fdstupy na v\u011b\u017ee kostela s&nbsp;v\u00fdkladem. Pokud m\u016f\u017eete, p\u0159ineste si vlastn\u00ed hrn\u00ed\u010dek \u2013 jednor\u00e1zov\u00fdm kel\u00edmk\u016fm se tu sna\u017e\u00ed vyhnout. Slavnost navazuje na celoro\u010dn\u00ed komunitn\u00ed aktivity v&nbsp;lokalit\u011b \u2013 ned\u011bln\u00ed setk\u00e1n\u00ed, v\u00fdlety, brig\u00e1dy i&nbsp;setk\u00e1v\u00e1n\u00ed senior\u016f.<\/p>\r\n<p><span style=\"color: #0000ff;\"><strong>Na slov\u00ed\u010dko s&nbsp;Janem Rundem<\/strong><\/span><\/p>\r\n<p><strong>Jak v\u00e1s napadlo st\u00e1t se m\u00edstn\u00edm organiz\u00e1torem va\u0161\u00ed ulice?<br \/>\r\n<\/strong><span style=\"color: #0000ff;\">Sousedsk\u00fdch slavnost\u00ed Za\u017e\u00edt m\u011bsto jinak se \u00fa\u010dastn\u00edme ji\u017e od roku 2017. Tehdy jsme cht\u011bli p\u0159ed kostelem sv. Anton\u00edna spolu s\u00a0Charitou Praha-Hole\u0161ovice, Cestou dom\u016f a\u00a0Komunitou Sant&#8217;Egidio upozornit na p\u0159\u00edb\u011bhy na\u0161ich soused\u016f, kte\u0159\u00ed z\u016fst\u00e1vaj\u00ed na okraji ve\u0159ejn\u00e9ho z\u00e1jmu (senio\u0159i, um\u00edraj\u00edc\u00ed, chud\u00ed, lid\u00e9 bez st\u0159echy nad hlavou). T\u00e9ma n\u00e1m z\u016fstalo stejn\u00e9, ale po\u010det zapojen\u00fdch charitativn\u00edch organizac\u00ed se rozrostl. Za\u010d\u00ednali jsme se \u010dty\u0159mi p\u00e1rty stany a\u00a0v\u00a0lo\u0148sk\u00e9m roce jsme si jich museli p\u016fj\u010dit patn\u00e1ct. Kolik jich budeme pot\u0159ebovat letos, v\u00a0tuto chv\u00edli je\u0161t\u011b nev\u00edm.<\/span><\/p>\r\n<p><strong>Jak se do akce zapojuj\u00ed obyvatel\u00e9 dan\u00e9ho m\u00edsta? P\u0159ich\u00e1zej\u00ed sami, nebo je oslovujete?<\/strong><br \/>\r\n<span style=\"color: #0000ff;\">Co se t\u00fd\u010de aktivn\u00edho zapojen\u00ed na\u0161ich soused\u016f do akce, oslovuji Google skupinu okolo farnosti sv. Anton\u00edna, ve kter\u00e9 je p\u0159es 200 e-mailov\u00fdch adres. V\u017edy se najde dostatek dobrovoln\u00edk\u016f, kte\u0159\u00ed p\u0159ijdou p\u0159ed akc\u00ed postavit stany, nape\u010dou dobroty na sousedsk\u00fd piknik a\u00a0po akci v\u0161e rozeberou a\u00a0uklid\u00ed. Jsou to poka\u017ed\u00e9 trochu nervy, proto\u017ee na v\u00fdzvu reaguje pouze p\u00e1r jedinc\u016f, ale nakonec b\u00fdv\u00e1m mile p\u0159ekvapen, kolik pomocn\u00edk\u016f se sejde. Nedok\u00e1\u017eu odhadnout, kolik lid\u00ed se v\u00a0pr\u016fb\u011bhu odpoledne u\u00a0st\u00e1nk\u016f zastav\u00ed, ale m\u00e1me spo\u010d\u00edt\u00e1no, \u017ee v\u00a0lo\u0148sk\u00e9m roce na svatoanton\u00ednsk\u00e9 v\u011b\u017ee, kter\u00e9 jsou p\u0159i akci p\u0159\u00edstupn\u00e9, vystoupalo 207 n\u00e1v\u0161t\u011bvn\u00edk\u016f. Charitativn\u00ed organizace, kter\u00e9 se do slavnost\u00ed zapojuj\u00ed, jsme oslovovali s\u00a0nab\u00eddkou \u00fa\u010dasti, ale v\u017edy se ozve i\u00a0n\u011bkdo, kdo se o\u00a0akci dozv\u011bd\u011bl na internetu. Spolek AutoMat, kter\u00fd akci Za\u017e\u00edt m\u011bsto jinak vymyslel a\u00a0v\u0161echny lokality zast\u0159e\u0161uje, toti\u017e poskytuje m\u00edstn\u00edm organiz\u00e1tor\u016fm skv\u011blou podporu v\u00a0podob\u011b centr\u00e1ln\u00ed propagace v\u010detn\u011b webov\u00fdch str\u00e1nek s\u00a0programem v\u0161ech m\u00edst.<\/span><\/p>\r\n<p><strong>V\u00a0\u010dem je akce d\u016fle\u017eit\u00e1?<br \/>\r\n<\/strong><span style=\"color: #0000ff;\">D\u016fle\u017eitost akce spat\u0159uji hned v\u00a0n\u011bkolika rovin\u00e1ch. Sousedsk\u00e9 slavnosti maj\u00ed potenci\u00e1l pos\u00edlit m\u00edstn\u00ed komunitu, prohloubit sousedsk\u00e9 vztahy a\u00a0t\u0159eba i\u00a0nav\u00e1zat nov\u00e1 p\u0159\u00e1telstv\u00ed. Tomu odpov\u00edd\u00e1 i\u00a0t\u00e9ma leto\u0161n\u00edho ro\u010dn\u00edku: s\u00edla komunit. U\u00a0n\u00e1s na Strossmayerov\u011b n\u00e1m\u011bst\u00ed pova\u017euji za d\u016fle\u017eit\u00e9, \u017ee se m\u016f\u017ee ve\u0159ejnost na jednom m\u00edst\u011b p\u0159i pohodov\u00e9 akci sezn\u00e1mit s\u00a0\u010dinnost\u00ed r\u016fzn\u00fdch charitativn\u00edch organizac\u00ed. Z\u00e1rove\u0148 oce\u0148uji nekomer\u010dnost akce, kdy nem\u00e1me \u017e\u00e1dn\u00e9 \u010dist\u011b prodejn\u00ed st\u00e1nky. Ob\u010derstven\u00ed nab\u00edz\u00edme zdarma z\u00a0toho, co kdo doma nape\u010de a\u00a0p\u0159inese, a\u00a0v\u00fdt\u011b\u017eek baz\u00e1rku nejen d\u011btsk\u00e9ho oble\u010den\u00ed, kter\u00fd organizuje Rodinn\u00e9 centrum Letn\u00e1, v\u017edy putuje na n\u011bjak\u00fd charitativn\u00ed projekt.<\/span><\/p>\r\n<p><strong>Jak vn\u00edm\u00e1te prom\u011bnu va\u0161\u00ed \u010dtvrti v\u00a0posledn\u00edch letech a\u00a0jak do n\u00ed Za\u017e\u00edt m\u011bsto jinak zapad\u00e1?<\/strong><br \/>\r\n<span style=\"color: #0000ff;\">Do Prahy&nbsp;7 jsme trvale p\u0159es\u00eddlil na sklonku minul\u00e9ho stolet\u00ed a\u00a0od t\u00e9 doby se tato m\u011bstsk\u00e1 \u010d\u00e1st prom\u011bnila v\u00fdrazn\u011b. Obzvl\u00e1\u0161\u0165 v\u00a0posledn\u00edch letech vn\u00edm\u00e1m, \u017ee je to \u010dtvr\u0165 st\u00e1le p\u0159\u00edv\u011btiv\u011bj\u0161\u00ed k\u00a0\u017eivotu. A\u0165 se jedn\u00e1 o\u00a0zklidn\u011bn\u00ed dopravy t\u0159eba pr\u00e1v\u011b na Strossmayerov\u011b n\u00e1m\u011bst\u00ed, vysazov\u00e1n\u00ed nov\u00fdch strom\u016f v\u00a0ulic\u00edch, nab\u00eddku soci\u00e1ln\u00edch program\u016f pro pot\u0159ebn\u00e9, nebo pr\u00e1v\u011b rozvoj komunitn\u00edho \u017eivota. Stejn\u00fd c\u00edl sleduj\u00ed i\u00a0sousedsk\u00e9 slavnosti Za\u017e\u00edt m\u011bsto jinak. Konkr\u00e9tn\u011b: o\u017eivit ve\u0159ejn\u00fd prostor, pos\u00edlit sousedsk\u00e9 vztahy a\u00a0podpo\u0159it udr\u017eitelnou m\u011bstskou mobilitu.<\/span><\/p>\r\n<p><strong>M\u00e1te n\u011bjak\u00fd osobn\u00ed z\u00e1\u017eitek nebo moment z\u00a0minul\u00fdch ro\u010dn\u00edk\u016f, kter\u00fd v\u00e1m utkv\u011bl v\u00a0pam\u011bti?<br \/>\r\n<\/strong><span style=\"color: #0000ff;\">Ka\u017ed\u00fd ro\u010dn\u00edk byl bohat\u00fd na z\u00e1\u017eitky. Ur\u010dit\u011b nezapomenu na ten prvn\u00ed, kdy jsme sice sehnali stany a&nbsp;stoly s&nbsp;lavicemi k&nbsp;zap\u016fj\u010den\u00ed, ale do posledn\u00ed chv\u00edle jsme nem\u011bli zaji\u0161t\u011bnu jejich dopravu. Nakonec se nab\u00eddl pan far\u00e1\u0159, \u017ee je doveze sv\u00fdm osob\u00e1kem, kdy\u017e n\u00e1m n\u011bkdo p\u016fj\u010d\u00ed voz\u00edk. Sehnali jsme snad ten nejmen\u0161\u00ed voz\u00edk za auto, co kdy vyrobili, tak\u017ee z&nbsp;n\u011bj stoly a&nbsp;lavice p\u0159e\u010dn\u00edvaly. Mlad\u00edk v&nbsp;p\u016fj\u010dovn\u011b \u0159\u00edkal, \u017ee toho za\u017eil ji\u017e hodn\u011b, \u017ee p\u016fj\u010doval vybaven\u00ed r\u016fzn\u00fdm pank\u00e1\u010d\u016fm, ale takhle punkovou dopravu pr\u00fd je\u0161t\u011b nevid\u011bl\u2026 Vypad\u00e1 to, \u017ee si n\u00e1v\u0161t\u011bvn\u00edci sousedsk\u00e9 slavnosti na Strossmayerov\u011b n\u00e1m\u011bst\u00ed obl\u00edbili, proto\u017ee se k&nbsp;n\u00e1m vracej\u00ed. Ke st\u00e1nku s&nbsp;ob\u010derstven\u00edm se p\u0159i\u0161la zeptat pan\u00ed, zda m\u00e1me ty skv\u011bl\u00e9 kynut\u00e9 buchty jako p\u0159ed rokem a&nbsp;zda by na n\u011b mohla z\u00edskat recept. Buchty jsme m\u011bli a&nbsp;s&nbsp;nimi si odnesla i&nbsp;recept, tak douf\u00e1m, \u017ee letos n\u00e1s pan\u00ed op\u011bt nav\u0161t\u00edv\u00ed a&nbsp;p\u0159inese ochutnat, jak se j\u00ed recept osv\u011bd\u010dil:-).<\/span><\/p>\r\n<hr \/>\r\n<p><strong>V\u00a0H\u00e1ji \/ P\u0159\u00edstavn\u00ed \u2013 kus Barcelony v\u00a0Praze<\/strong><br \/>\r\nNov\u011b vznikl\u00e1 lokalita Za\u017e\u00edt m\u011bsto jinak v&nbsp;srdci Hole\u0161ovic p\u0159edstav\u00ed pilotn\u00ed \u00fapravu ve\u0159ejn\u00e9ho prostoru na k\u0159i\u017eovatce mezi ulicemi V&nbsp;H\u00e1ji a&nbsp;P\u0159\u00edstavn\u00ed. Spolek Soused\u00e9 P\u0159\u00edstavn\u00ed ve spolupr\u00e1ci s&nbsp;partnery jako Prazelenina, P\u0159\u00edstav 7, Elpida, Kokoza, komunitn\u00ed d\u00edlna Ponk \u010di Mech\u00e1rium prom\u011bn\u00ed k\u0159i\u017eovatku ve ve\u0159ejn\u00e9 n\u00e1m\u011bst\u00ed s&nbsp;posezen\u00edm a&nbsp;zelen\u00ed.<\/p>\r\n<p><span style=\"color: #ff00ff;\"><strong>Program<\/strong><\/span><\/p>\r\n<p><span style=\"color: #ff00ff;\">\u2192 Sousedsk\u00e1 hostina u&nbsp;dlouh\u00e9ho stolu<\/span><br \/>\r\nP\u0159iprav\u00edme, co dok\u00e1\u017eeme, a\u00a0moc ocen\u00edme, kdy\u017e p\u0159inesete n\u011bjakou dobrotu i\u00a0vy. Poj\u010fme hodovat, pov\u00eddat si a\u00a0sn\u00edt o\u00a0tom, co by \u0161lo i\u00a0u\u00a0n\u00e1s. (13\u201320 hodin)<br \/>\r\n<span style=\"color: #ff00ff;\">\u2192 V\u00fdstava Komunity o\u010dima v\u00e1guse<\/span><br \/>\r\nFotografie samozvan\u00e9ho v\u00e1guse, kter\u00fd bydl\u00ed za rohem \u2013 pohled na komunitu z\u00a0ulice. (13\u201320 hodin)<br \/>\r\n<span style=\"color: #ff00ff;\">\u2192 Mech ve sklenici<\/span><br \/>\r\nMech nemus\u00ed r\u016fst jen v\u00a0lese \u2013 p\u0159ij\u010fte si vyrobit vlastn\u00ed mech\u00e1rium. (13\u201317 hodin)<br \/>\r\n<span style=\"color: #ff00ff;\">\u2192 Oprav si s\u00e1m<\/span><br \/>\r\nP\u0159edstav\u00edme v\u00e1m komunitn\u00ed d\u00edlnu, kde je n\u00e1\u0159ad\u00ed i\u00a0lid\u00e9, kte\u0159\u00ed v\u011bd\u00ed, jak na opravy n\u00e1bytku. (13\u201318 hodin)<br \/>\r\n<span style=\"color: #ff00ff;\">\u2192 Odpad, nebo poklad?<\/span><br \/>\r\nP\u0159ineste v\u011bci, kter\u00e9 u\u017e nepot\u0159ebujete \u2013 oble\u010den\u00ed, knihy, n\u00e1dob\u00ed\u2026 a\u00a0odneste si poklady jin\u00fdch. Ble\u0161\u00ed trh s\u00a0cenami 0\u2013200&nbsp;K\u010d. (13\u201318 hodin)<br \/>\r\n<span style=\"color: #ff00ff;\">\u2192 Park m\u00edsto k\u0159i\u017eovatky<\/span><br \/>\r\nM\u00edsto aut stromy a\u00a0lavi\u010dky? Na jeden den to uvid\u00edte i\u00a0v\u00a0Praze, inspirov\u00e1no Barcelonou. (13\u201321 hodin)<br \/>\r\n<span style=\"color: #ff00ff;\">\u2192 Vy\u0161\u00edvejme, ale radik\u00e1ln\u011b!<\/span><br \/>\r\nKdo \u0159\u00edk\u00e1, \u017ee vy\u0161\u00edv\u00e1n\u00ed je jen tich\u00e9 a\u00a0poslu\u0161n\u00e9? Zkuste to s\u00a0n\u00e1mi trochu jinak. (14\u201317 hodin)<br \/>\r\n<span style=\"color: #ff00ff;\">\u2192 Sukn\u011b a\u00a0r\u016f\u017ee<\/span><br \/>\r\nRozto\u010d\u00edme sukn\u011b z&nbsp;dvaceti metr\u016f l\u00e1tky! Tane\u010dn\u00ed performance, kter\u00e1 v\u00e1s vt\u00e1hne. (15\u201316 hodin)<\/p>\r\n<p><em>\u201eJsme lid\u00e9 bydl\u00edc\u00ed kousek od sebe a&nbsp;dali jsme se dohromady, abychom na jeden den p\u0159edstavili ulici takovou, jak\u00e1 by se n\u00e1m l\u00edbila. Se zelen\u00ed, m\u00edstem pro d\u011bti, dosp\u011bl\u00e9 a&nbsp;seniory, p\u011b\u0161\u00ed i&nbsp;cyklisty, zkr\u00e1tka pro v\u0161echny. Aby ulice nebyla jen tranzitn\u00edm m\u00edstem, ale tak\u00e9 roz\u0161\u00ed\u0159en\u00fdm domovem. Za\u017e\u00edt m\u011bsto jinak po\u0159\u00e1d\u00e1me poprv\u00e9, inspirov\u00e1ni velkorys\u00fdmi ulicemi Barcelony, kter\u00e9 byly p\u0159em\u011bn\u011bny na tzv. superbloky. Cht\u011bli bychom tuto my\u0161lenku p\u0159edstavit i&nbsp;lidem v&nbsp;Praze, aby vid\u011bli, jak by to mohlo vypadat, kdyby byla v\u016fle prost\u0159ed\u00ed ulic m\u011bnit,\u201c zvou organiz\u00e1to\u0159i.\u00a0<\/em><\/p>\r\n<hr \/>\r\n<p><strong>U\u00a0Pr\u016fhonu \u2013 ulice jako h\u0159i\u0161t\u011b<\/strong><\/p>\r\n<p>Lokalita U\u00a0Pr\u016fhonu se stala synonymem pro sousedsk\u00e9 nad\u0161en\u00ed, \u017eivou atmosf\u00e9ru a\u00a0bezpe\u010dn\u00fd prostor, kde se potk\u00e1vaj\u00ed d\u011bti, rodi\u010de i\u00a0prarodi\u010de. I\u00a0letos se tu v\u00a0sobotu prom\u011bn\u00ed \u010d\u00e1st ulice v\u00a0m\u00edsto pln\u00e9 her, sd\u00edlen\u00ed, pohody a\u00a0radosti ze spole\u010dn\u011b tr\u00e1ven\u00e9ho \u010dasu.<\/p>\r\n<p>Slavit se tu bude od 12 do 18 hodin a\u00a0st\u0159edobodem v\u0161eho je sousedsk\u00fd st\u016fl \u2013 p\u0159ineste si vlastn\u00ed \u017eidli a\u00a0n\u011bco na zub a\u00a0p\u0159isedn\u011bte k\u00a0ostatn\u00edm. T\u011b\u0161it se m\u016f\u017eete na bohat\u00fd program pro v\u0161echny v\u011bkov\u00e9 kategorie.<br \/>\r\n<br \/>\r\n<span style=\"color: #ff00ff;\"><strong>Program<\/strong><\/span><br \/>\r\n<span style=\"color: #ff00ff;\">\u2192 Knihkupectv\u00ed 2veverky<\/span>\u00a0nab\u00eddne kni\u017en\u00ed inspiraci i\u00a0prostor ke klidn\u00e9mu listov\u00e1n\u00ed.<br \/>\r\n<span style=\"color: #ff00ff;\">\u2192 Pleten\u00ed a\u00a0zp\u00edv\u00e1n\u00ed s\u00a0centrem Elpida<\/span>\u00a0propoj\u00ed generace a\u00a0rozezn\u00ed ulici.<br \/>\r\n<span style=\"color: #ff00ff;\">\u2192 Bosochodeck\u00fd chodn\u00edk<\/span>\u00a0prov\u011b\u0159\u00ed va\u0161e smysly.<br \/>\r\n<span style=\"color: #ff00ff;\">\u2192 Workshop Trikoo s\u00a0Ejou<\/span>\u00a0\u2013 p\u0159ineste star\u00e9 tri\u010dko a\u00a0odneste si origin\u00e1ln\u00ed nov\u00fd kousek.<br \/>\r\n<span style=\"color: #ff00ff;\">\u2192 Hrav\u00e1 d\u00edlna s\u00a0Adamem a\u00a0Hr\u00e1tky s\u00a0Mamatata<\/span>\u00a0zaujmou d\u011bti tvo\u0159ivost\u00ed a\u00a0pohybem.<br \/>\r\n<span style=\"color: #ff00ff;\">\u2192 Akrobacie s\u00a0TJ Slavoj i\u00a0j\u00f3gov\u00e9 hr\u00e1tky s\u00a0Radkou a\u00a0Lubkou<\/span>\u00a0rozh\u00fdbou t\u011blo i\u00a0n\u00e1ladu.<br \/>\r\n<span style=\"color: #ff00ff;\">\u2192 Sousedsk\u00e1 v\u00fdm\u011bna pokojovek, hra\u010dek a\u00a0oble\u010den\u00ed<\/span>\u00a0podpo\u0159\u00ed udr\u017eiteln\u00fd \u017eivotn\u00ed styl.<br \/>\r\n<span style=\"color: #ff00ff;\">\u2192 Pek\u00e1rna Polo Caf\u00e9<\/span>\u00a0se postar\u00e1 o\u00a0v\u00fdbornou k\u00e1vu a\u00a0sladk\u00e9 dobroty.<br \/>\r\n<br \/>\r\n<span style=\"color: #0000ff;\"><strong>Na slov\u00ed\u010dko s\u00a0Mari\u00ed Sehnalovou<\/strong><\/span><\/p>\r\n<p><strong>Jak se do akce zapojuj\u00ed obyvatel\u00e9 dan\u00e9ho m\u00edsta? P\u0159ich\u00e1zej\u00ed sami, nebo je oslovujete?<br \/>\r\n<\/strong><span style=\"color: #0000ff;\">P\u0159i na\u0161em prvn\u00edm ro\u010dn\u00edku jsme um\u00edstili asi 10 plak\u00e1t\u016f na ru\u0161n\u00fdch m\u00edstech \u010dtvrti a&nbsp;p\u0159\u00edmo v&nbsp;lokalit\u011b, letos po\u0159\u00e1d\u00e1me akci pot\u0159et\u00ed, lidi si to \u0159eknou a&nbsp;u\u017e p\u0159ich\u00e1zej\u00ed sami. \u010casto zaslechnu, \u017ee by akce mohla b\u00fdt \u010dast\u011bji, t\u0159eba ka\u017edou prvn\u00ed sobotu v&nbsp;m\u011bs\u00edci. Osobn\u011b bych uv\u00edtala zklidnit \u010d\u00e1sti ulic trvale. Vytv\u00e1\u0159et m\u00edsta pro setk\u00e1v\u00e1n\u00ed r\u016fzn\u00fdch skupin obyvatelstva bez povinnosti platit za konzumaci nebo za vstup pova\u017euju za z\u00e1kladn\u00ed stavebn\u00ed k\u00e1men dobr\u00e9ho sousedstv\u00ed.<\/span><\/p>\r\n<p><strong>V\u00a0\u010dem je akce d\u016fle\u017eit\u00e1?<\/strong><br \/>\r\n<span style=\"color: #0000ff;\">Krom\u011b toho, \u017ee je to p\u0159\u00edle\u017eitost za\u017e\u00edt ulice, kter\u00e9 poslou\u017e\u00ed obyvatelstvu jinak ne\u017e jako parkovi\u0161t\u011b, m\u00e1 akce v\u00fdznamn\u00fd rozm\u011br budov\u00e1n\u00ed komunity. D\u011bl\u00e1 z\u00a0anonymn\u00edho m\u011bsta vesnici, kde se lidi znaj\u00ed. Mn\u011b osobn\u011b v\u00fdznamn\u011b zvy\u0161uje pocit bezpe\u010d\u00ed. D\u011bti se neboj\u00edm pou\u0161t\u011bt samotn\u00e9, v\u00edm, \u017ee kdyby m\u011bly n\u011bjak\u00e9 trable, v\u017edycky bude v\u00a0okol\u00ed n\u011bjak\u00fd zn\u00e1m\u00fd dosp\u011bl\u00fd spolurodi\u010d, kter\u00fd pom\u016f\u017ee, zavol\u00e1, doprovod\u00ed, pofouk\u00e1\u2026<\/span><\/p>\r\n<p><strong>Jak vn\u00edm\u00e1te prom\u011bnu va\u0161\u00ed \u010dtvrti v\u00a0posledn\u00edch letech a\u00a0jak do n\u00ed Za\u017e\u00edt m\u011bsto jinak zapad\u00e1?<br \/>\r\n<\/strong><span style=\"color: #0000ff;\">N\u011bkter\u00e9 zm\u011bny jsou veskrze pozitivn\u00ed \u2013 v&nbsp;ulici m\u00e1me novou radnici, kterou si jezd\u00ed fotit i&nbsp;turist\u00e9\u2026 jen ne v\u0161ichni si m\u016f\u017eeme dovolit u\u017e\u00edt kav\u00e1rny a&nbsp;restaurace, o&nbsp;cen\u00e1ch bydlen\u00ed a&nbsp;s&nbsp;t\u00edm i&nbsp;cen n\u00e1jm\u016f bych rad\u011bji ani neza\u010d\u00ednala\u2026 Chci v\u00edc bezpe\u010dn\u00fdch pobytov\u00fdch prostor\u016f pro rodi\u010de a&nbsp;d\u011bti, seniory. Lamentuje se nad n\u00edzkou porodnost\u00ed, ale jestli maj\u00ed m\u00edt lidi d\u011bti, mus\u00edme m\u00edt m\u011bsto, ve kter\u00e9m se d\u00e1 s&nbsp;rodinou dob\u0159e \u017e\u00edt. Vysunujeme d\u011bti z&nbsp;ve\u0159ejn\u00e9ho \u017eivota, obhajujeme to t\u00edm, \u017ee jsou otravn\u00e9 a&nbsp;hlu\u010dn\u00e9. Jen\u017ee s&nbsp;nimi vysunujeme i&nbsp;rodi\u010de a&nbsp;izolace od spole\u010dnosti nikomu nesv\u011bd\u010d\u00ed. Mysl\u00edm, \u017ee jsme hodn\u011b v&nbsp;interi\u00e9rech, proto\u017ee b\u00fdt venku je nejen pro rodi\u010de mal\u00fdch d\u011bt\u00ed stresuj\u00edc\u00ed. S&nbsp;d\u00edt\u011btem za ruku a&nbsp;druh\u00fdm v\/na b\u0159i\u0161e nebo s&nbsp;berlemi a&nbsp;invalidn\u00edm voz\u00edkem za\u010dnete m\u011bsto vn\u00edmat jinak. Pot\u0159ebujeme v\u00edc m\u00edst, jako je Prazelenina, a&nbsp;bezpe\u010dn\u00e9 koridory s&nbsp;lavi\u010dkami v\u0161ude. Sta\u0159\u00ed jednou budeme v\u0161ichni a&nbsp;d\u011bti jsou 30&nbsp;% sou\u010dasnosti, ale 100&nbsp;% budoucnosti, maj\u00ed b\u00fdt radost, ne probl\u00e9m a&nbsp;\u017eivotn\u00ed komplikace.<\/span><\/p>\r\n<hr \/>\r\n<p><strong>Hole\u0161ovick\u00e1 tr\u017enice \u2013 Reuse den<\/strong><\/p>\r\n<p>Hole\u0161ovick\u00e1 tr\u017enice se na jeden den prom\u011bn\u00ed v\u00a0m\u00edsto, kde v\u011bci dost\u00e1vaj\u00ed novou \u0161anci. V\u00a0sobotu 20.&nbsp;z\u00e1\u0159\u00ed v\u00e1s v\u00a0hale 13A prob\u011bhne Reuse den \u2013 akce pln\u00e1 v\u00fdm\u011bn, n\u00e1pad\u016f a\u00a0inspirace. Mo\u017en\u00e1 si dom\u016f odnesete \u0161perk m\u00edsto \u0161at\u016f, hrnek za konvici nebo origin\u00e1ln\u00ed v\u00fd\u0161ivku m\u00edsto oby\u010dejn\u00e9ho tri\u010dka.<\/p>\r\n<p>Pravidla jsou jednoduch\u00e1: p\u0159ineste maxim\u00e1ln\u011b 10 kus\u016f oble\u010den\u00ed a\/nebo 2 ta\u0161ky jin\u00fdch v\u011bc\u00ed a&nbsp;odneste si to, co se v\u00e1m hod\u00ed a&nbsp;l\u00edb\u00ed. Vym\u011b\u0148ovat lze oble\u010den\u00ed, dopl\u0148ky, textil do dom\u00e1cnosti, n\u00e1dob\u00ed, sklo, porcel\u00e1n, pokojov\u00e9 rostliny i&nbsp;r\u016fzn\u00e9 dekorace. V\u0161echny p\u0159edm\u011bty se p\u0159edem rozt\u0159\u00edd\u00ed a&nbsp;p\u0159ehledn\u011b vystav\u00ed na \u0161tendrech a&nbsp;stolech, aby se v\u00e1m dob\u0159e vyb\u00edralo.<\/p>\r\n<p>Sou\u010d\u00e1st\u00ed programu jsou i&nbsp;tvo\u0159iv\u00e9 workshopy. Vyzkou\u0161\u00edte si upcyklov\u00e1n\u00ed oble\u010den\u00ed, nau\u010d\u00edte se vyrobit p\u0159\u00edzi ze star\u00fdch bavln\u011bn\u00fdch tri\u010dek, vytvo\u0159it vo\u0148avou kl\u00ed\u010denku z&nbsp;recyklovan\u00e9ho materi\u00e1lu nebo z\u00edsk\u00e1te tipy na p\u00e9\u010di o&nbsp;rostliny. A&nbsp;pokud na tvo\u0159en\u00ed nebudete m\u00edt n\u00e1ladu, m\u016f\u017eete se jen zastavit na dom\u00e1c\u00ed limon\u00e1du nebo sladkost z&nbsp;lok\u00e1ln\u00edho bistra.<\/p>\r\n<p>Reuse den po\u0159\u00e1d\u00e1 cirkul\u00e1rn\u00ed spot Sto\u00b7re v\u00a0Hole\u0161ovick\u00e9 tr\u017enici ve spolupr\u00e1ci s\u00a0M\u010c Praha&nbsp;7, za podpory Hlavn\u00edho m\u011bsta Prahy a\u00a0iniciativy Cirkul\u00e1rn\u00ed Praha. V\u00edce informac\u00ed na stran\u011b 24.<\/p>\r\n<hr \/>\r\n<p><strong>Nad \u0160tolou 20 \u2013 otev\u0159en\u00fd ateli\u00e9r<br \/>\r\n<\/strong>Um\u011bleck\u00fd p\u00e1r M\u00e1\u0161a a\u00a0Jakub K\u00f6nigovi otev\u0159e od\u00a010 do 18 hodin sv\u016fj ateli\u00e9r v\u00a0nejvy\u0161\u0161\u00edm pat\u0159e \u010din\u017eovn\u00edho domu. Program zahrnuje komentovan\u00e9 prohl\u00eddky mini galerie, t\u0159i akustick\u00e9 koncerty a\u00a0v\u00fdstavu ilustrac\u00ed. C\u00edlem je vytvo\u0159it komorn\u00ed\u00a0atmosf\u00e9ru a\u00a0p\u0159ibl\u00ed\u017eit um\u011bn\u00ed jako p\u0159irozenou sou\u010d\u00e1st ka\u017edodennosti. Letos se kon\u00e1 poprv\u00e9.<\/p>\r\n<hr \/>\r\n<p><strong>Povltavsk\u00e1 21 \u2013 kde se komunita nehled\u00e1, ale \u017eije<br \/>\r\n<\/strong>Za\u017e\u00edt m\u011bsto jinak v&nbsp;trojsk\u00e9 ulici Povltavsk\u00e1 nen\u00ed jen jednor\u00e1zovou slavnost\u00ed \u2013 je to pokra\u010dov\u00e1n\u00ed n\u011b\u010deho, co tu u\u017e zako\u0159enilo. M\u00edstn\u00ed komunitu tu letos op\u011bt aktivn\u011b propojuje organizace Za sklem, o. s., kter\u00e1 se v\u011bnuje d\u011btem a&nbsp;rodin\u00e1m na spektru autismu. Osv\u011btov\u00e1 pr\u00e1ce, empatie a&nbsp;inkluze se tu ale p\u0159irozen\u011b m\u00eds\u00ed se z\u00e1bavou, tvo\u0159ivost\u00ed i&nbsp;radost\u00ed z&nbsp;pohybu. Celou akci zaji\u0161\u0165uje t\u00fdm zhruba \u0161esti nad\u0161en\u00fdch organiz\u00e1tor\u016f a&nbsp;organiz\u00e1torek za podpory m\u011bstsk\u00e9 \u010d\u00e1sti Praha-Troja.<\/p>\r\n<p><span style=\"color: #ff00ff;\"><strong>Program<\/strong><\/span><\/p>\r\n<p><span style=\"color: #ff00ff;\">\u2192 Hudebn\u00ed program<\/span>\u00a0na zahrad\u011b<br \/>\r\n<span style=\"color: #ff00ff;\">\u2192 Divad\u00e9lko pro d\u011bti<\/span><br \/>\r\n<span style=\"color: #ff00ff;\">\u2192 Orienta\u010dn\u00ed b\u011bh pro d\u011bti<\/span>,\u00a0kter\u00fd pob\u011b\u017e\u00ed nap\u0159\u00ed\u010d cel\u00fdm odpolednem<br \/>\r\n<span style=\"color: #ff00ff;\">\u2192 J\u00f3ga pro d\u011bti i\u00a0rodi\u010de<\/span><br \/>\r\n<span style=\"color: #ff00ff;\">\u2192 Z\u00e1\u017eitkov\u00e9 a\u00a0sebezku\u0161enostn\u00ed aktivity<\/span>,\u00a0v\u010detn\u011b simul\u00e1toru autismu<br \/>\r\n<span style=\"color: #ff00ff;\">\u2192 Ob\u010derstven\u00ed<\/span>,\u00a0dom\u00e1c\u00ed dobroty a\u00a0p\u0159\u00e1telsk\u00e1 atmosf\u00e9ra<\/p>\r\n<hr \/>\r\n<p><strong>Jak n\u00e1pad uzav\u0159\u00edt ulici prom\u011bnil \u010desk\u00e1 m\u011bsta<br \/>\r\n<\/strong>V\u00a0z\u00e1\u0159\u00ed 2006 se na Smetanov\u011b n\u00e1b\u0159e\u017e\u00ed stalo n\u011bco nev\u00eddan\u00e9ho. Ulice pln\u00e1 aut se na jeden den prom\u011bnila v\u00a0p\u011b\u0161\u00ed z\u00f3nu s\u00a0hudbou, st\u00e1nky a\u00a0lidmi. Nikdo tehdy netu\u0161il, \u017ee tu vznik\u00e1 tradice, kter\u00e1 o\u00a0dvacet let pozd\u011bji propoj\u00ed stovky \u010dtvrt\u00ed a\u00a0des\u00edtky m\u011bst nap\u0159\u00ed\u010d \u010ceskem. Za\u017e\u00edt m\u011bsto jinak za\u010dalo jako spont\u00e1nn\u00ed n\u00e1pad. Cykloaktivista Jan Bouchal tehdy p\u0159i\u0161el do divadla Alfred ve dvo\u0159e s\u00a0viz\u00ed, \u017ee by kultura a\u00a0ve\u0159ejn\u00fd prostor mohly kr\u00e1\u010det ruku v\u00a0ruce. Prvn\u00ed ro\u010dn\u00edk byl sou\u010d\u00e1st\u00ed Dne bez aut, ale u\u017e tehdy bylo jasn\u00e9, \u017ee tu jde o\u00a0v\u00edc ne\u017e jen o\u00a0uzav\u0159enou silnici.<\/p>\r\n<p>\u201eCht\u011bli jsme uk\u00e1zat, \u017ee m\u011bsto nen\u00ed jen pro auta, ale p\u0159edev\u0161\u00edm pro lidi,\u201c vzpom\u00edn\u00e1 \u0160\u00e1rka Havl\u00ed\u010dkov\u00e1. A&nbsp;lid\u00e9 p\u0159i\u0161li \u2013 stovky, mo\u017en\u00e1 tis\u00edce. V&nbsp;dal\u0161\u00edch letech se slavnosti \u0161\u00ed\u0159ily lavinovit\u011b: Rumunsk\u00e1, Karl\u00edn, Vinohrady, Letn\u00e1. Ka\u017ed\u00fd rok p\u0159ibyly nov\u00e9 lokality. M\u00edsto centr\u00e1ln\u00edho \u0159\u00edzen\u00ed ale vznikl model, kdy si jednotliv\u00e9 komunity slavnosti po\u0159\u00e1daj\u00ed samy. \u201eByli jsme komunitn\u00ed inkub\u00e1tor,\u201c \u0159\u00edk\u00e1 dnes Jakub Hradilek. \u201eUk\u00e1zali jsme, \u017ee kdy\u017e dostanete kousek ulice, m\u016f\u017eete s&nbsp;n\u00ed ud\u011blat divy \u2013 a&nbsp;potkat sousedy, kter\u00e9 jinak jen m\u00edj\u00edte.\u201c<\/p>\r\n<p>Z\u00a0p\u016fvodn\u00edho kulturn\u011b-aktivistick\u00e9ho experimentu se stal fenom\u00e9n a\u00a0Sedmi\u010dka byla u\u00a0toho. Od prvn\u00edch zapojen\u00fdch ulic a\u017e po dne\u0161n\u00edch sedm origin\u00e1ln\u00edch lokalit. Ka\u017ed\u00e1 m\u00e1 svou unik\u00e1tn\u00ed atmosf\u00e9ru, ale v\u0161echny spojuje my\u0161lenka, \u017ee m\u011bsto je sd\u00edlen\u00fd prostor.\u00a0\u25cb<\/p>\r\n<hr \/>\r\n<p><strong>Jak se zapojit<\/strong><br \/>\r\n\u2192 <em>Zaujal v\u00e1s program nebo popis n\u011bkter\u00e9 z&nbsp;lokalit? Cht\u011bli byste se p\u0159idat? Organiz\u00e1to\u0159i ve v\u0161ech \u010d\u00e1stech Sedmi\u010dky r\u00e1di uv\u00edtaj\u00ed nov\u00e9 dobrovoln\u00edky, um\u011blce i&nbsp;pomocn\u00edky. Podrobnosti o&nbsp;programu a&nbsp;kontakty najdete na webu zazitmestojinak.cz. A&nbsp;pokud v\u00e1s letos oslov\u00ed atmosf\u00e9ra slavnost\u00ed, p\u0159\u00ed\u0161t\u011b m\u016f\u017eete b\u00fdt jejich sou\u010d\u00e1st\u00ed i&nbsp;vy. Akci m\u016f\u017eete podpo\u0159it i&nbsp;zakoupen\u00edm virtu\u00e1ln\u00ed Soused\u011bnky v&nbsp;libovoln\u00e9 v\u00fd\u0161i. Akci po\u0159\u00e1d\u00e1 spolek AutoMat spolu s&nbsp;m\u00edstn\u00edmi.<\/em><\/p>","protected":false},"excerpt":{"rendered":"[perex] Co kdyby z&nbsp;va\u0161\u00ed ulice na jeden den zmizela zaparkovan\u00e1 auta a&nbsp;jejich prostor zabraly koncerty, divadeln\u00ed vystoupen\u00ed, dom\u00e1c\u00ed dobroty, d\u00edlny pro d\u011bti, p\u0159edstaven\u00ed m\u00edstn\u00edch spolk\u016f a&nbsp;p\u0159edev\u0161\u00edm sousedsk\u00e1 setk\u00e1n\u00ed? Tak tomu bude v&nbsp;sobotu 20.&nbsp;z\u00e1\u0159\u00ed na sedmi m\u00edstech Prahy&nbsp;7 v&nbsp;r\u00e1mci akce Za\u017e\u00edt m\u011bsto jinak. \u00a0 [\/perex] V\u0161echno za\u010dalo v&nbsp;roce 2006 na Smetanov\u011b n\u00e1b\u0159e\u017e\u00ed. Spolek AutoMat tehdy uspo\u0159\u00e1dal [&hellip;]","protected":false},"author":292,"featured_media":86357,"comment_status":"closed","ping_status":"open","sticky":false,"template":"","format":"standard","meta":[],"categories":[37],"tags":[],"_links":{"self":[{"href":"https:\/\/www.praha7.cz\/api\/wp\/v2\/posts\/86356"}],"collection":[{"href":"https:\/\/www.praha7.cz\/api\/wp\/v2\/posts"}],"about":[{"href":"https:\/\/www.praha7.cz\/api\/wp\/v2\/types\/post"}],"author":[{"embeddable":true,"href":"https:\/\/www.praha7.cz\/api\/wp\/v2\/users\/292"}],"replies":[{"embeddable":true,"href":"https:\/\/www.praha7.cz\/api\/wp\/v2\/comments?post=86356"}],"version-history":[{"count":3,"href":"https:\/\/www.praha7.cz\/api\/wp\/v2\/posts\/86356\/revisions"}],"predecessor-version":[{"id":86360,"href":"https:\/\/www.praha7.cz\/api\/wp\/v2\/posts\/86356\/revisions\/86360"}],"wp:featuredmedia":[{"embeddable":true,"href":"https:\/\/www.praha7.cz\/api\/wp\/v2\/media\/86357"}],"wp:attachment":[{"href":"https:\/\/www.praha7.cz\/api\/wp\/v2\/media?parent=86356"}],"wp:term":[{"taxonomy":"category","embeddable":true,"href":"https:\/\/www.praha7.cz\/api\/wp\/v2\/categories?post=86356"},{"taxonomy":"post_tag","embeddable":true,"href":"https:\/\/www.praha7.cz\/api\/wp\/v2\/tags?post=86356"}],"curies":[{"name":"wp","href":"https:\/\/api.w.org\/{rel}","templated":true}]}}