    
{"id":86325,"date":"2025-08-28T15:09:04","date_gmt":"2025-08-28T13:09:04","guid":{"rendered":"https:\/\/www.praha7.cz\/?p=86325"},"modified":"2025-08-28T15:09:04","modified_gmt":"2025-08-28T13:09:04","slug":"mit-pocit-domova","status":"publish","type":"post","link":"https:\/\/www.praha7.cz\/mit-pocit-domova\/","title":{"rendered":"M\u00edt pocit domova"},"content":{"rendered":"<p>Narodil se jako druh\u00fd ze dvou bratr\u016f a&nbsp;o&nbsp;tom star\u0161\u00edm se sm\u00edchem \u0159\u00edk\u00e1, \u017ee \u201emu sebral centimetry.\u201c P\u0159esto jsou si velmi bl\u00edzc\u00ed a&nbsp;bratr byl pro <a href=\"https:\/\/www.instagram.com\/luke.petrusek\/\" target=\"_blank\" rel=\"noopener\">Luk\u00e1\u0161e Petruska<\/a> do \u017eivota vzorem a&nbsp;pr\u016fkopn\u00edkem. Do p\u011bti let Luk\u00e1\u0161 nechodil a&nbsp;l\u00e9ka\u0159i predikovali, \u017ee nebude chodit nikdy. On v\u0161ak sv\u016fj hendikep \u201ejednodu\u0161e\u201c rozb\u011bhal \u2013 a&nbsp;hranice sv\u00fdch mo\u017enost\u00ed od t\u00e9 doby p\u0159ekra\u010duje tak\u0159ka pravideln\u011b. Pamatuje si na legend\u00e1rn\u00ed v\u011btu sv\u00e9ho ortopeda, \u017ee nikdy nebude b\u011bhat maratony. Dnes jich m\u00e1 za sebou 44, ale jak s\u00e1m \u0159\u00edk\u00e1, m\u00e1vat ortopedovi medailemi p\u0159ed o\u010dima u\u017e nechod\u00ed. \u201eByl by ze m\u011b na pr\u00e1\u0161ky,\u201c sm\u011bje se. \u201eJ\u00e1 s\u00e1m sebe beru jako mal\u00e9ho zdrav\u00e9ho \u010dlov\u011bka. M\u00fdm limitem je jen v\u00fd\u0161ka a&nbsp;nedosl\u00fdchavost. Jsem vlastn\u011b alb\u00edn mezi hendikepovan\u00fdmi.\u201c<\/p>\r\n<p>Navzdory jist\u00fdm omezen\u00edm mu nerovn\u00fd start do \u017eivota tak\u00e9 mnoh\u00e9 dal a\u00a0svou p\u00edl\u00ed a\u00a0optimismem v\u00a0c\u00edlov\u00e9 rovince porazil nejednoho zdrav\u00e9ho \u010dlov\u011bka. \u201eNorm\u00e1ln\u00edch b\u011b\u017ec\u016f jsou miliony a\u00a0\u010dasto jsou p\u0159ekvapen\u00ed, \u017ee potkaj\u00ed na startu takov\u00e9ho ,pr\u010folu\u2018, jako jsem j\u00e1. Pak m\u011b bav\u00ed, kdy\u017e jim to nand\u00e1m,\u201c vysv\u011btluje Luk\u00e1\u0161, kter\u00fd t\u00e9m\u011b\u0159 cel\u00fd sv\u016fj \u017eivot bydl\u00ed na Letn\u00e9. Krom\u011b touhy p\u0159ekonat nep\u0159ekonateln\u00e9 z\u00edskal d\u00edky sv\u00e9mu vrozen\u00e9mu znev\u00fdhodn\u011bn\u00ed velkou pokoru a\u00a0d\u00edky tomu, \u017ee cel\u00fd \u017eivot z\u016fst\u00e1v\u00e1, jak s\u00e1m \u0159\u00edk\u00e1, v\u00a0d\u011btsk\u00e9 velikosti, tak\u00e9 jist\u00fd nadhled. \u201eKdy\u017e m\u011b t\u0159eba potk\u00e1 d\u00edt\u011b v\u00a0tramvaji a\u00a0\u0159ekne: Hele, mami, tady je dosp\u011bl\u00e9 miminko, tak se tomu spolu zasm\u011bjeme,\u201c vypr\u00e1v\u00ed. Kouzlem hendikepu je podle n\u011bj i\u00a0schopnost um\u011bt zpomalit a\u00a0uv\u011bdomit si, v\u00a0\u010dem je jeho s\u00edla \u2013 zkr\u00e1tka schopnost ocenit i\u00a0to, co zdrav\u00fdm lidem b\u011b\u017en\u011b prote\u010de mezi prsty.<\/p>\r\n<p>Nejen ve sportu Luk\u00e1\u0161e ale nakonec nejv\u00edc\u00a0bav\u00ed b\u00fdt mezi nehendikepovan\u00fdmi. Neuzav\u00edrat se do \u017e\u00e1dn\u00fdch \u0161katulek, nem\u00edt zbyte\u010dn\u00e9 bari\u00e9ry. Dne\u0161n\u00ed doba se mu mnohdy zd\u00e1 zbyte\u010dn\u011b korektn\u00ed, p\u0159itom on s\u00e1m nejv\u00edc ocen\u00ed, kdy\u017e se v\u011bci \u0159\u00edkaj\u00ed nap\u0159\u00edmo tak, jak skute\u010dn\u011b jsou. K\u00a0pohybu ho v\u00a0d\u011btstv\u00ed nejv\u00edc motivovalo h\u0159i\u0161t\u011b v\u00a0Kosteln\u00ed ulici, d\u00edky bratrovi fotbal, jeho\u017e se cht\u011bl za ka\u017edou cenu tak\u00e9 z\u00fa\u010dastnit, a\u00a0mamin\u010dina turistika. Dnes je z\u00a0n\u011bj hlavn\u011b b\u011b\u017eec\u00a0a\u00a0v\u00a0zim\u011b b\u011b\u017eka\u0159. Jeho obl\u00edben\u00fdmi b\u011b\u017eeck\u00fdmi destinacemi jsou krom\u011b Prahy a\u00a0Jizersk\u00fdch hor t\u0159eba N\u011bmecko a\u00a0Skandin\u00e1vie. \u201eNejv\u011bt\u0161\u00ed radost\u00ed je pro m\u011b ale nakonec vr\u00e1tit se z\u00a0cest zp\u00e1tky na Sedmi\u010dku a\u00a0m\u00edt pocit domova,\u201c dod\u00e1v\u00e1 Luk\u00e1\u0161.<\/p>\r\n<p>B\u011bh pro n\u011bj ov\u0161em nen\u00ed jen sport, vn\u00edm\u00e1 ho jako p\u0159\u00edle\u017eitost pro\u017e\u00edvat m\u011bsto v\u00a0jeho kontextu, jako mo\u017enost poc\u00edtit ve\u0159ejn\u00fd prostor na vlastn\u00ed k\u016f\u017ei. Jako Achillovu patu Prahy by oproti jin\u00fdm evropsk\u00fdm m\u011bst\u016fm, nap\u0159\u00edklad Kodani, Berl\u00ednu \u010di Helsink\u00e1m, ozna\u010dil v\u00fdrazn\u00fd reklamn\u00ed a\u00a0vizu\u00e1ln\u00ed smog. \u201ePraha pak ve srovn\u00e1n\u00ed s\u00a0jin\u00fdmi m\u011bsty vych\u00e1z\u00ed jako lacin\u00e1 tr\u017enice, p\u0159itom tu m\u00e1me tolik kr\u00e1sn\u00fdch m\u00edst. Jsme ale schopn\u00ed zahalit je do lacin\u00e9ho kab\u00e1tu,\u201c podot\u00fdk\u00e1.<\/p>\r\n<p>A a\u010dkoli m\u00e1 podle Luk\u00e1\u0161e \u010cesko co doh\u00e1n\u011bt i&nbsp;v&nbsp;pomoci a&nbsp;n\u00e1hledu na hendikepovan\u00e9, ka\u017ed\u00fd v\u00fdchoz\u00ed stav je v&nbsp;jeho o\u010d\u00edch p\u0159\u00edle\u017eitost k&nbsp;tomu b\u00fdt lep\u0161\u00ed, posunout se. On s\u00e1m se pr\u00e1v\u011b chyst\u00e1 na auto\u0161kolu, aby byl v&nbsp;budoucnu l\u00e9pe mobiln\u00ed a&nbsp;dovezl s\u00e1m sebe t\u0159eba na dal\u0161\u00ed maraton.<\/p>","protected":false},"excerpt":{"rendered":"Narodil se jako druh\u00fd ze dvou bratr\u016f a&nbsp;o&nbsp;tom star\u0161\u00edm se sm\u00edchem \u0159\u00edk\u00e1, \u017ee \u201emu sebral centimetry.\u201c P\u0159esto jsou si velmi bl\u00edzc\u00ed a&nbsp;bratr byl pro Luk\u00e1\u0161e Petruska do \u017eivota vzorem a&nbsp;pr\u016fkopn\u00edkem. Do p\u011bti let Luk\u00e1\u0161 nechodil a&nbsp;l\u00e9ka\u0159i predikovali, \u017ee nebude chodit nikdy. On v\u0161ak sv\u016fj hendikep \u201ejednodu\u0161e\u201c rozb\u011bhal \u2013 a&nbsp;hranice sv\u00fdch mo\u017enost\u00ed od t\u00e9 doby p\u0159ekra\u010duje [&hellip;]","protected":false},"author":292,"featured_media":86326,"comment_status":"closed","ping_status":"open","sticky":false,"template":"","format":"standard","meta":[],"categories":[37],"tags":[],"_links":{"self":[{"href":"https:\/\/www.praha7.cz\/api\/wp\/v2\/posts\/86325"}],"collection":[{"href":"https:\/\/www.praha7.cz\/api\/wp\/v2\/posts"}],"about":[{"href":"https:\/\/www.praha7.cz\/api\/wp\/v2\/types\/post"}],"author":[{"embeddable":true,"href":"https:\/\/www.praha7.cz\/api\/wp\/v2\/users\/292"}],"replies":[{"embeddable":true,"href":"https:\/\/www.praha7.cz\/api\/wp\/v2\/comments?post=86325"}],"version-history":[{"count":1,"href":"https:\/\/www.praha7.cz\/api\/wp\/v2\/posts\/86325\/revisions"}],"predecessor-version":[{"id":86327,"href":"https:\/\/www.praha7.cz\/api\/wp\/v2\/posts\/86325\/revisions\/86327"}],"wp:featuredmedia":[{"embeddable":true,"href":"https:\/\/www.praha7.cz\/api\/wp\/v2\/media\/86326"}],"wp:attachment":[{"href":"https:\/\/www.praha7.cz\/api\/wp\/v2\/media?parent=86325"}],"wp:term":[{"taxonomy":"category","embeddable":true,"href":"https:\/\/www.praha7.cz\/api\/wp\/v2\/categories?post=86325"},{"taxonomy":"post_tag","embeddable":true,"href":"https:\/\/www.praha7.cz\/api\/wp\/v2\/tags?post=86325"}],"curies":[{"name":"wp","href":"https:\/\/api.w.org\/{rel}","templated":true}]}}