    
{"id":86276,"date":"2025-08-27T11:15:31","date_gmt":"2025-08-27T09:15:31","guid":{"rendered":"https:\/\/www.praha7.cz\/?p=86276"},"modified":"2025-09-20T19:41:30","modified_gmt":"2025-09-20T17:41:30","slug":"reuse-den-25","status":"publish","type":"post","link":"https:\/\/www.praha7.cz\/reuse-den-25\/","title":{"rendered":"Reuse den a&nbsp;velk\u00e1 v\u00fdm\u011bna v\u011bc\u00ed 20.&nbsp;z\u00e1\u0159\u00ed"},"content":{"rendered":"<p>[perex]<\/p>\r\n<p>P\u0159ij\u010fte vym\u011bnit \u0161aty za \u0161perk, opravenou konvici za dobrou k\u00e1vu nebo tri\u010dko za vy\u0161itou kyti\u010dku. Reuse den, to je z\u00e1bavn\u00e9 a&nbsp;inspirativn\u00ed setk\u00e1n\u00ed pro v\u0161echny, kte\u0159\u00ed necht\u011bj\u00ed, aby jejich v\u011bci skon\u010dily na skl\u00e1dce jen proto, \u017ee u\u017e je nepot\u0159ebuj\u00ed. Ve spolupr\u00e1ci s&nbsp;cirkul\u00e1rn\u00edm m\u00edstem Sto.re v\u00e1s zveme na velkou v\u00fdm\u011bnu v\u011bc\u00ed, kreativn\u00ed workshopy i&nbsp;do mal\u00e9 oprav\u00e1rensk\u00e9 d\u00edlny. Ud\u00e1lost se uskute\u010dn\u00ed <strong>v sobotu 20.&nbsp;z\u00e1\u0159\u00ed 2025 od\u00a010 do 18 hodin v\u00a0Hole\u0161ovick\u00e9 tr\u017enici v&nbsp;hale 13A<\/strong>. Vstupn\u00e9 dobrovoln\u00e9.<\/p>\r\n<p>[\/perex]<\/p>\r\n<p>&nbsp;<\/p>\r\n<h3>sobota 20.&nbsp;z\u00e1\u0159\u00ed 2025<\/h3>\r\n<h3>10\u201318 hodin<\/h3>\r\n<h3>Sto.re, Hole\u0161ovick\u00e1 tr\u017enice, hala 13A<\/h3>\r\n<h3><a href=\"https:\/\/www.facebook.com\/events\/744536058371267\" target=\"_blank\" rel=\"noopener\">ud\u00e1lost na FB<\/a><\/h3>\r\n<p>&nbsp;<\/p>\r\n<p>Hlavn\u00ed hv\u011bzdou cel\u00e9ho dne bude <strong>velk\u00fd swap<\/strong> \u2013 tedy v\u00fdm\u011bna v\u011bc\u00ed. Ve venkovn\u00edch prostorech p\u0159ed Sto\u00b7re v&nbsp;hale 13A budou rozm\u00edst\u011bny \u0161tendry a&nbsp;stoly s&nbsp;oble\u010den\u00edm, dom\u00e1c\u00edmi pot\u0159ebami i&nbsp;dal\u0161\u00edmi v\u011bcmi. Krom\u011b oble\u010den\u00ed m\u016f\u017ee nov\u00fd domov naj\u00edt t\u0159eba i&nbsp;hrne\u010dek, v\u00e1za nebo miska po babi\u010dce.<\/p>\r\n<p>&nbsp;<\/p>\r\n<p><strong>10.00\u201311.00 \u2013 Oprava elektroniky<\/strong><\/p>\r\n<p>S Karlem Zaj\u00ed\u010dkem (Oprav\u00e1rna) \u2013 drobn\u00e9 spot\u0159ebi\u010de nemus\u00ed hned do elektroodpadu. P\u0159ij\u010fte zjistit, jak jim d\u00e1t druhou \u0161anci.<\/p>\r\n<p>&nbsp;<\/p>\r\n<p><strong>11.00\u201312.30 \u2013 Repair caf\u00e9<\/strong><\/p>\r\n<p>S Martinem Cinkem \u2013 uvoln\u011bn\u00e1 d\u00edlna, kde spole\u010dn\u011b oprav\u00edme rozviklanou stoli\u010dku, zlomenou hra\u010dku nebo jin\u00fd mal\u00fd kousek, co \u010dek\u00e1 na z\u00e1chranu.<\/p>\r\n<p>&nbsp;<\/p>\r\n<p><strong>14.00\u201315.00 \u2013 Malov\u00e1n\u00ed na porcel\u00e1n<\/strong><\/p>\r\n<p>S Terkou Korbelovou \u2013 tvo\u0159iv\u00fd workshop, kde se fantazii meze nekladou. Vytvo\u0159te si vlastn\u00ed hrnek nebo tal\u00ed\u0159 s&nbsp;origin\u00e1ln\u00edm motivem, kter\u00fd vydr\u017e\u00ed i&nbsp;myt\u00ed.<\/p>\r\n<p>&nbsp;<\/p>\r\n<p><strong>14.00\u201316.00 \u2013 Poradna oprav \u0161perk\u016f<\/strong><\/p>\r\n<p>S Victori\u00ed Belyaevou (Agora7) \u2013 doneste sv\u00e9 po\u0161kozen\u00e9 \u0161perky a&nbsp;nechte si poradit, jak jim vr\u00e1tit kr\u00e1su i&nbsp;funk\u010dnost.<\/p>\r\n<p>&nbsp;<\/p>\r\n<p>Komu se nechce tvo\u0159it, m\u016f\u017ee si alespo\u0148 pochutnat na dom\u00e1c\u00edch limon\u00e1d\u00e1ch a&nbsp;sladkostech z&nbsp;lok\u00e1ln\u00edho bistra.<\/p>\r\n<p>&nbsp;<\/p>\r\n<p>Reuse den se kon\u00e1 v&nbsp;r\u00e1mci festivalu <a href=\"https:\/\/zazitmestojinak.cz\/\" target=\"_blank\" rel=\"noopener\">Za\u017e\u00edt m\u011bsto jinak<\/a>.<\/p>\r\n<p>&nbsp;<\/p>\r\n<p><a href=\"https:\/\/www.praha7.cz\/wp-content\/uploads\/2025\/08\/zazit-mesto-jinak_reuse_plakat-25.jpg\"><img loading=\"lazy\" src=\"https:\/\/www.praha7.cz\/wp-content\/uploads\/2025\/08\/zazit-mesto-jinak_reuse_plakat-25-800x1000.jpg\" alt=\"\" width=\"640\" height=\"800\" class=\"alignnone size-large wp-image-86277\" srcset=\"https:\/\/www.praha7.cz\/wp-content\/uploads\/2025\/08\/zazit-mesto-jinak_reuse_plakat-25-800x1000.jpg 800w, https:\/\/www.praha7.cz\/wp-content\/uploads\/2025\/08\/zazit-mesto-jinak_reuse_plakat-25-320x400.jpg 320w, https:\/\/www.praha7.cz\/wp-content\/uploads\/2025\/08\/zazit-mesto-jinak_reuse_plakat-25-768x960.jpg 768w, https:\/\/www.praha7.cz\/wp-content\/uploads\/2025\/08\/zazit-mesto-jinak_reuse_plakat-25.jpg 1080w\" sizes=\"(max-width: 640px) 100vw, 640px\" \/><\/a><\/p>\r\n<p>&nbsp;<\/p>\r\n<p>&nbsp;<\/p>","protected":false},"excerpt":{"rendered":"[perex] P\u0159ij\u010fte vym\u011bnit \u0161aty za \u0161perk, opravenou konvici za dobrou k\u00e1vu nebo tri\u010dko za vy\u0161itou kyti\u010dku. Reuse den, to je z\u00e1bavn\u00e9 a&nbsp;inspirativn\u00ed setk\u00e1n\u00ed pro v\u0161echny, kte\u0159\u00ed necht\u011bj\u00ed, aby jejich v\u011bci skon\u010dily na skl\u00e1dce jen proto, \u017ee u\u017e je nepot\u0159ebuj\u00ed. Ve spolupr\u00e1ci s&nbsp;cirkul\u00e1rn\u00edm m\u00edstem Sto.re v\u00e1s zveme na velkou v\u00fdm\u011bnu v\u011bc\u00ed, kreativn\u00ed workshopy i&nbsp;do mal\u00e9 oprav\u00e1rensk\u00e9 [&hellip;]","protected":false},"author":251,"featured_media":86278,"comment_status":"closed","ping_status":"open","sticky":false,"template":"","format":"standard","meta":[],"categories":[36],"tags":[110,124],"_links":{"self":[{"href":"https:\/\/www.praha7.cz\/api\/wp\/v2\/posts\/86276"}],"collection":[{"href":"https:\/\/www.praha7.cz\/api\/wp\/v2\/posts"}],"about":[{"href":"https:\/\/www.praha7.cz\/api\/wp\/v2\/types\/post"}],"author":[{"embeddable":true,"href":"https:\/\/www.praha7.cz\/api\/wp\/v2\/users\/251"}],"replies":[{"embeddable":true,"href":"https:\/\/www.praha7.cz\/api\/wp\/v2\/comments?post=86276"}],"version-history":[{"count":6,"href":"https:\/\/www.praha7.cz\/api\/wp\/v2\/posts\/86276\/revisions"}],"predecessor-version":[{"id":86702,"href":"https:\/\/www.praha7.cz\/api\/wp\/v2\/posts\/86276\/revisions\/86702"}],"wp:featuredmedia":[{"embeddable":true,"href":"https:\/\/www.praha7.cz\/api\/wp\/v2\/media\/86278"}],"wp:attachment":[{"href":"https:\/\/www.praha7.cz\/api\/wp\/v2\/media?parent=86276"}],"wp:term":[{"taxonomy":"category","embeddable":true,"href":"https:\/\/www.praha7.cz\/api\/wp\/v2\/categories?post=86276"},{"taxonomy":"post_tag","embeddable":true,"href":"https:\/\/www.praha7.cz\/api\/wp\/v2\/tags?post=86276"}],"curies":[{"name":"wp","href":"https:\/\/api.w.org\/{rel}","templated":true}]}}