    
{"id":86267,"date":"2025-08-26T12:27:13","date_gmt":"2025-08-26T10:27:13","guid":{"rendered":"https:\/\/www.praha7.cz\/?p=86267"},"modified":"2025-08-27T17:44:08","modified_gmt":"2025-08-27T15:44:08","slug":"spanila-jizda-motocyklu-30-srpna-2025","status":"publish","type":"post","link":"https:\/\/www.praha7.cz\/spanila-jizda-motocyklu-30-srpna-2025\/","title":{"rendered":"Spanil\u00e1 j\u00edzda motocykl\u016f 30.&nbsp;srpna 2025"},"content":{"rendered":"<p>[perex]<\/p>\r\n<p>V sobotu 30.&nbsp;srpna 2025 se v&nbsp;r\u00e1mci Prague Harley Days 2025 uskute\u010dn\u00ed spanil\u00e1 j\u00edzda, p\u0159i kter\u00e9 projede a\u017e 800 motocykl\u016f ulicemi Prahy 1, 2, 4, 7 a&nbsp;8. Kolona vyraz\u00ed v&nbsp;10.30 z&nbsp;V\u00fdstavi\u0161t\u011b Praha Hole\u0161ovice a&nbsp;vr\u00e1t\u00ed se kolem 12.00.<\/p>\r\n<p>[\/perex]<\/p>\r\n<p>Trasa povede ulicemi Za Elektr\u00e1rnou a&nbsp;pokra\u010duje se ulicemi: Bubensk\u00e1, Hl\u00e1vk\u016fv most&#8230;, n\u00e1vrat p\u0159es n\u00e1b\u0159e\u017e\u00ed Edvarda Bene\u0161e, n\u00e1b\u0159e\u017e\u00ed Kapit\u00e1na Jaro\u0161e, ulice Bubensk\u00e1, Argentinsk\u00e1, Plyn\u00e1rn\u00ed, \u017delezni\u010d\u00e1\u0159\u016f, Za Elektr\u00e1rnou.<\/p>\r\n<p>V\u00edce informac\u00ed najdete na <a href=\"https:\/\/pragueharleydays.cz\/cs\/novinky\/20251908-spanila-jizda\/\" target=\"_blank\" rel=\"noopener\">webu akce<\/a>.\u00a0<\/p>\r\n<p><a href=\"https:\/\/pragueharleydays.cz\/cs\/kontakt\/\" target=\"_blank\" rel=\"noopener\">Kontakt na po\u0159adatele<\/a><\/p>\r\n<p>&nbsp;<\/p>","protected":false},"excerpt":{"rendered":"[perex] V&nbsp;sobotu 30.&nbsp;srpna 2025 se v&nbsp;r\u00e1mci Prague Harley Days 2025 uskute\u010dn\u00ed spanil\u00e1 j\u00edzda, p\u0159i kter\u00e9 projede a\u017e 800 motocykl\u016f ulicemi Prahy 1, 2, 4, 7 a&nbsp;8. Kolona vyraz\u00ed v&nbsp;10.30 z&nbsp;V\u00fdstavi\u0161t\u011b Praha Hole\u0161ovice a&nbsp;vr\u00e1t\u00ed se kolem 12.00. [\/perex] Trasa povede ulicemi Za Elektr\u00e1rnou a&nbsp;pokra\u010duje se ulicemi: Bubensk\u00e1, Hl\u00e1vk\u016fv most&#8230;, n\u00e1vrat p\u0159es n\u00e1b\u0159e\u017e\u00ed Edvarda Bene\u0161e, n\u00e1b\u0159e\u017e\u00ed [&hellip;]","protected":false},"author":251,"featured_media":86268,"comment_status":"closed","ping_status":"open","sticky":false,"template":"","format":"standard","meta":[],"categories":[34],"tags":[57,91],"_links":{"self":[{"href":"https:\/\/www.praha7.cz\/api\/wp\/v2\/posts\/86267"}],"collection":[{"href":"https:\/\/www.praha7.cz\/api\/wp\/v2\/posts"}],"about":[{"href":"https:\/\/www.praha7.cz\/api\/wp\/v2\/types\/post"}],"author":[{"embeddable":true,"href":"https:\/\/www.praha7.cz\/api\/wp\/v2\/users\/251"}],"replies":[{"embeddable":true,"href":"https:\/\/www.praha7.cz\/api\/wp\/v2\/comments?post=86267"}],"version-history":[{"count":4,"href":"https:\/\/www.praha7.cz\/api\/wp\/v2\/posts\/86267\/revisions"}],"predecessor-version":[{"id":86302,"href":"https:\/\/www.praha7.cz\/api\/wp\/v2\/posts\/86267\/revisions\/86302"}],"wp:featuredmedia":[{"embeddable":true,"href":"https:\/\/www.praha7.cz\/api\/wp\/v2\/media\/86268"}],"wp:attachment":[{"href":"https:\/\/www.praha7.cz\/api\/wp\/v2\/media?parent=86267"}],"wp:term":[{"taxonomy":"category","embeddable":true,"href":"https:\/\/www.praha7.cz\/api\/wp\/v2\/categories?post=86267"},{"taxonomy":"post_tag","embeddable":true,"href":"https:\/\/www.praha7.cz\/api\/wp\/v2\/tags?post=86267"}],"curies":[{"name":"wp","href":"https:\/\/api.w.org\/{rel}","templated":true}]}}