    
{"id":86223,"date":"2025-08-22T11:01:24","date_gmt":"2025-08-22T09:01:24","guid":{"rendered":"https:\/\/www.praha7.cz\/?p=86223"},"modified":"2025-09-03T11:32:53","modified_gmt":"2025-09-03T09:32:53","slug":"dalsi-etapa-rekonstrukce-siti-v-ovenecke-od-zari","status":"publish","type":"post","link":"https:\/\/www.praha7.cz\/dalsi-etapa-rekonstrukce-siti-v-ovenecke-od-zari\/","title":{"rendered":"Dal\u0161\u00ed etapa rekonstrukce s\u00edt\u00ed v&nbsp;Oveneck\u00e9 od z\u00e1\u0159\u00ed"},"content":{"rendered":"<p>[perex]<\/p>\r\n<p>Pra\u017esk\u00e1 vodohospod\u00e1\u0159sk\u00e1 spole\u010dnost pokra\u010duje v&nbsp;rekonstrukci kanalizace a&nbsp;vodovod\u016f v&nbsp;ul. Oveneck\u00e1 ji\u017en\u011b od ul. Milady Hor\u00e1kov\u00e9. Od 1.&nbsp;z\u00e1\u0159\u00ed zhruba do konce \u0159\u00edjna budou prob\u00edhat pr\u00e1ce v\u00a0\u00faseku Milady Hor\u00e1kov\u00e9 \u2013 Dobrovsk\u00e9ho. V\u00a0m\u00edst\u011b realizace v\u00fdkop\u016f je t\u0159eba po\u010d\u00edtat s\u00a0nezbytn\u00fdm omezen\u00edm dopravy a&nbsp;parkov\u00e1n\u00ed. V\u00a0n\u00e1sleduj\u00edc\u00ed etap\u011b se pr\u00e1ce posunou do\u00a0\u00faseku Dobrovsk\u00e9ho \u2013 Letohradsk\u00e1. Po jejich dokon\u010den\u00ed bude TSK v&nbsp;ulici realizovat rekonstrukce povrch\u016f, v\u00fdsadbu strom\u016f a&nbsp;\u00fapravy k\u0159i\u017eovatek.<\/p>\r\n<p>[\/perex]<\/p>\r\n<h3>Dopravn\u00ed opat\u0159en\u00ed<\/h3>\r\n<p>V r\u00e1mci etapy prac\u00ed od 1.&nbsp;z\u00e1\u0159\u00ed do 31.&nbsp;\u0159\u00edjna bude ul. Oveneck\u00e1 kompletn\u011b uzav\u0159ena v\u00a0\u00faseku Dobrovsk\u00e9ho \u2013 Jire\u010dkova. V&nbsp;\u00faseku Jire\u010dkova \u2013 Milady Hor\u00e1kov\u00e9 bude doprava vedena jednosm\u011brn\u011b k&nbsp;ul. Milady Hor\u00e1kov\u00e9.<\/p>\r\n<p><a href=\"https:\/\/www.praha7.cz\/wp-content\/uploads\/2025\/08\/ovenecka-etapa-zari.png\" target=\"_blank\" rel=\"noopener\"><img loading=\"lazy\" src=\"https:\/\/www.praha7.cz\/wp-content\/uploads\/2025\/08\/ovenecka-etapa-zari.png\" alt=\"\" width=\"1063\" height=\"370\" class=\"alignnone size-full wp-image-86224\" srcset=\"https:\/\/www.praha7.cz\/wp-content\/uploads\/2025\/08\/ovenecka-etapa-zari.png 1063w, https:\/\/www.praha7.cz\/wp-content\/uploads\/2025\/08\/ovenecka-etapa-zari-600x209.png 600w, https:\/\/www.praha7.cz\/wp-content\/uploads\/2025\/08\/ovenecka-etapa-zari-768x267.png 768w\" sizes=\"(max-width: 1063px) 100vw, 1063px\" \/><\/a><\/p>\r\n<p>&nbsp;<\/p>\r\n<p>Harmonogram dal\u0161\u00edch prac\u00ed bude ze strany realiz\u00e1tor\u016f dopln\u011bn.<\/p>\r\n<p>V p\u0159\u00edpad\u011b dotaz\u016f \u010di p\u0159ipom\u00ednek se m\u016f\u017eete obracet na Pra\u017eskou vodohospod\u00e1\u0159skou spole\u010dnost: <a href=\"https:\/\/www.pvs.cz\/kontakty\" target=\"_blank\" rel=\"noopener\">www.pvs.cz\/kontakty<\/a><\/p>\r\n<p>D\u011bkujeme za pochopen\u00ed a&nbsp;trp\u011blivost.<\/p>","protected":false},"excerpt":{"rendered":"[perex] Pra\u017esk\u00e1 vodohospod\u00e1\u0159sk\u00e1 spole\u010dnost pokra\u010duje v&nbsp;rekonstrukci kanalizace a&nbsp;vodovod\u016f v&nbsp;ul. Oveneck\u00e1 ji\u017en\u011b od ul. Milady Hor\u00e1kov\u00e9. Od 1.&nbsp;z\u00e1\u0159\u00ed zhruba do konce \u0159\u00edjna budou prob\u00edhat pr\u00e1ce v\u00a0\u00faseku Milady Hor\u00e1kov\u00e9 \u2013 Dobrovsk\u00e9ho. V\u00a0m\u00edst\u011b realizace v\u00fdkop\u016f je t\u0159eba po\u010d\u00edtat s\u00a0nezbytn\u00fdm omezen\u00edm dopravy a&nbsp;parkov\u00e1n\u00ed. V\u00a0n\u00e1sleduj\u00edc\u00ed etap\u011b se pr\u00e1ce posunou do\u00a0\u00faseku Dobrovsk\u00e9ho \u2013 Letohradsk\u00e1. Po jejich dokon\u010den\u00ed bude TSK v&nbsp;ulici realizovat [&hellip;]","protected":false},"author":5,"featured_media":83811,"comment_status":"closed","ping_status":"open","sticky":false,"template":"","format":"standard","meta":[],"categories":[34],"tags":[57,125],"_links":{"self":[{"href":"https:\/\/www.praha7.cz\/api\/wp\/v2\/posts\/86223"}],"collection":[{"href":"https:\/\/www.praha7.cz\/api\/wp\/v2\/posts"}],"about":[{"href":"https:\/\/www.praha7.cz\/api\/wp\/v2\/types\/post"}],"author":[{"embeddable":true,"href":"https:\/\/www.praha7.cz\/api\/wp\/v2\/users\/5"}],"replies":[{"embeddable":true,"href":"https:\/\/www.praha7.cz\/api\/wp\/v2\/comments?post=86223"}],"version-history":[{"count":3,"href":"https:\/\/www.praha7.cz\/api\/wp\/v2\/posts\/86223\/revisions"}],"predecessor-version":[{"id":86227,"href":"https:\/\/www.praha7.cz\/api\/wp\/v2\/posts\/86223\/revisions\/86227"}],"wp:featuredmedia":[{"embeddable":true,"href":"https:\/\/www.praha7.cz\/api\/wp\/v2\/media\/83811"}],"wp:attachment":[{"href":"https:\/\/www.praha7.cz\/api\/wp\/v2\/media?parent=86223"}],"wp:term":[{"taxonomy":"category","embeddable":true,"href":"https:\/\/www.praha7.cz\/api\/wp\/v2\/categories?post=86223"},{"taxonomy":"post_tag","embeddable":true,"href":"https:\/\/www.praha7.cz\/api\/wp\/v2\/tags?post=86223"}],"curies":[{"name":"wp","href":"https:\/\/api.w.org\/{rel}","templated":true}]}}