    
{"id":86149,"date":"2025-08-18T17:17:16","date_gmt":"2025-08-18T15:17:16","guid":{"rendered":"https:\/\/www.praha7.cz\/?p=86149"},"modified":"2025-08-19T16:29:12","modified_gmt":"2025-08-19T14:29:12","slug":"vyluka-vody-simackova","status":"publish","type":"post","link":"https:\/\/www.praha7.cz\/vyluka-vody-simackova\/","title":{"rendered":"V\u00fdluka vody v&nbsp;ulici \u0160im\u00e1\u010dkova 20.&nbsp;8."},"content":{"rendered":"<p>[perex]<\/p>\r\n<p>Na z\u00e1klad\u011b informac\u00ed od spole\u010dnosti Pra\u017esk\u00e9 vodovody a&nbsp;kanalizace upozor\u0148ujeme na v\u00fdluku vody v&nbsp;ul. \u0160im\u00e1\u010dkova. V\u00fdluka prob\u011bhne ve st\u0159edu 20.&nbsp;srpna 2025 od 9 do 14 hodin.<\/p>\r\n<p>[\/perex]<\/p>\r\n<p>V\u00fdluka vody se bude t\u00fdkat odb\u011brn\u00fdch m\u00edst v&nbsp;ulici \u0160im\u00e1\u010dkova \u010d.p.\/\u010d.o.: 1451\/11, 916\/13, 917\/15, 915\/18, 914\/20, 913\/22.<\/p>\r\n<p>D\u016fvodem je prov\u00e1d\u011bn\u00ed pl\u00e1novan\u00fdch oprav, udr\u017eovac\u00edch a&nbsp;revizn\u00edch prac\u00ed.<\/p>\r\n<p>Aktu\u00e1ln\u00ed informace sledujte na <a href=\"https:\/\/www.pvk.cz\/aktuality\/planovane-vyluky\/preruseni-dodavky-vody-v-casti-praha-7-holesovice-v-ulici-simackova-dne-20-8-2025\/\" target=\"_blank\" rel=\"noopener\">str\u00e1nk\u00e1ch PVK<\/a>.<\/p>","protected":false},"excerpt":{"rendered":"[perex] Na z\u00e1klad\u011b informac\u00ed od spole\u010dnosti Pra\u017esk\u00e9 vodovody a&nbsp;kanalizace upozor\u0148ujeme na v\u00fdluku vody v&nbsp;ul. \u0160im\u00e1\u010dkova. V\u00fdluka prob\u011bhne ve st\u0159edu 20.&nbsp;srpna 2025 od 9 do 14 hodin. [\/perex] V\u00fdluka vody se bude t\u00fdkat odb\u011brn\u00fdch m\u00edst v&nbsp;ulici \u0160im\u00e1\u010dkova \u010d.p.\/\u010d.o.: 1451\/11, 916\/13, 917\/15, 915\/18, 914\/20, 913\/22. D\u016fvodem je prov\u00e1d\u011bn\u00ed pl\u00e1novan\u00fdch oprav, udr\u017eovac\u00edch a&nbsp;revizn\u00edch prac\u00ed. Aktu\u00e1ln\u00ed informace sledujte na [&hellip;]","protected":false},"author":5,"featured_media":76621,"comment_status":"closed","ping_status":"open","sticky":false,"template":"","format":"standard","meta":[],"categories":[34],"tags":[139,125],"_links":{"self":[{"href":"https:\/\/www.praha7.cz\/api\/wp\/v2\/posts\/86149"}],"collection":[{"href":"https:\/\/www.praha7.cz\/api\/wp\/v2\/posts"}],"about":[{"href":"https:\/\/www.praha7.cz\/api\/wp\/v2\/types\/post"}],"author":[{"embeddable":true,"href":"https:\/\/www.praha7.cz\/api\/wp\/v2\/users\/5"}],"replies":[{"embeddable":true,"href":"https:\/\/www.praha7.cz\/api\/wp\/v2\/comments?post=86149"}],"version-history":[{"count":4,"href":"https:\/\/www.praha7.cz\/api\/wp\/v2\/posts\/86149\/revisions"}],"predecessor-version":[{"id":86159,"href":"https:\/\/www.praha7.cz\/api\/wp\/v2\/posts\/86149\/revisions\/86159"}],"wp:featuredmedia":[{"embeddable":true,"href":"https:\/\/www.praha7.cz\/api\/wp\/v2\/media\/76621"}],"wp:attachment":[{"href":"https:\/\/www.praha7.cz\/api\/wp\/v2\/media?parent=86149"}],"wp:term":[{"taxonomy":"category","embeddable":true,"href":"https:\/\/www.praha7.cz\/api\/wp\/v2\/categories?post=86149"},{"taxonomy":"post_tag","embeddable":true,"href":"https:\/\/www.praha7.cz\/api\/wp\/v2\/tags?post=86149"}],"curies":[{"name":"wp","href":"https:\/\/api.w.org\/{rel}","templated":true}]}}