    
{"id":85998,"date":"2025-08-12T17:00:17","date_gmt":"2025-08-12T15:00:17","guid":{"rendered":"https:\/\/www.praha7.cz\/?p=85998"},"modified":"2025-08-13T18:32:15","modified_gmt":"2025-08-13T16:32:15","slug":"open-call-vlajka-pro-karlinsky-vor-na-stvanici","status":"publish","type":"post","link":"https:\/\/www.praha7.cz\/open-call-vlajka-pro-karlinsky-vor-na-stvanici\/","title":{"rendered":"Open call: Vlajka pro Karl\u00ednsk\u00fd vor na \u0160tvanici"},"content":{"rendered":"<p>[perex]<\/p>\r\n<p>Na st\u011b\u017eni Karl\u00ednsk\u00e9ho voru, d\u0159ev\u011bn\u00e9ho objektu od Adama Koval\u010d\u00edka, kter\u00fd se po sv\u00e9m p\u016fsoben\u00ed v\u00a0Hole\u0161ovick\u00e9 tr\u017enici p\u0159em\u00edstil k\u00a0plov\u00e1rn\u011b Baden Baden, nic nevis\u00ed. Vor vznikl v\u00a0r\u00e1mci programu <a href=\"https:\/\/umenipromesto.eu\/\" target=\"_blank\" rel=\"noopener\">Um\u011bn\u00ed pro m\u011bsto<\/a> jako um\u011bleck\u00e1 intervence ve ve\u0159ejn\u00e9m prostoru. V&nbsp;sou\u010dasn\u00e9 dob\u011b hled\u00e1 vlajku, kter\u00e1 ho dopln\u00ed a&nbsp;pom\u016f\u017ee mu zako\u0159enit na nov\u00e9m m\u00edst\u011b.<\/p>\r\n<p>Otev\u0159en\u00e1 v\u00fdzva na nov\u00fd symbol ostrova \u0160tvanice b\u011b\u017e\u00ed do 7.&nbsp;z\u00e1\u0159\u00ed 2025. Sv\u00e9 n\u00e1vrhy m\u016f\u017eete pos\u00edlat na: <a href=\"mailto:rebeka.pojarova@ghmp.cz\">rebeka.pojarova@ghmp.cz<\/a><\/p>\r\n<p>[\/perex]<\/p>\r\n<p>Vlajka m\u016f\u017ee vyj\u00e1d\u0159it, co ostrov \u0160tvanice znamen\u00e1 dnes \u2013 a&nbsp;z\u00e1rove\u0148 nab\u00eddnout vizi, \u010d\u00edm by mohl b\u00fdt. Jeho sou\u010dasn\u00fdmi znaky jsou voda, pivo a&nbsp;sport. Ale ostrov m\u00e1 i&nbsp;temnou minulost spojenou s\u00a0krvav\u00fdmi \u0161tvanicemi. Dnes se v\u0161ak prom\u011b\u0148uje v\u00a0prostor pro odpo\u010dinek, kulturu a&nbsp;setk\u00e1v\u00e1n\u00ed, kter\u00fd si lid\u00e9 p\u0159ivlast\u0148uj\u00ed po sv\u00e9m.<\/p>\r\n<p>Vlajka pro ostrov \u0160tvanice by m\u011bla b\u00fdt hrav\u00fdm, otev\u0159en\u00fdm gestem p\u0159ich\u00e1zej\u00edc\u00edm od lid\u00ed, kte\u0159\u00ed maj\u00ed k\u00a0ostrovu vztah. Vlajka jako forma \u2013 ofici\u00e1ln\u00ed ale s\u00a0lehkost\u00ed a&nbsp;ironi\u00ed \u2013 m\u016f\u017ee b\u00fdt i&nbsp;zp\u016fsobem, jak propojit lok\u00e1ln\u00ed akt\u00e9ry, iniciativy i&nbsp;n\u00e1v\u0161t\u011bvn\u00edky.<\/p>\r\n<p>&nbsp;<\/p>\r\n<p><a href=\"https:\/\/www.praha7.cz\/wp-content\/uploads\/2025\/08\/vlajka_webformat-scaled.jpg\"><img loading=\"lazy\" src=\"https:\/\/www.praha7.cz\/wp-content\/uploads\/2025\/08\/vlajka_webformat-1500x959.jpg\" alt=\"\" width=\"859\" height=\"549\" class=\"alignnone  wp-image-85999\" srcset=\"https:\/\/www.praha7.cz\/wp-content\/uploads\/2025\/08\/vlajka_webformat-1500x959.jpg 1500w, https:\/\/www.praha7.cz\/wp-content\/uploads\/2025\/08\/vlajka_webformat-600x384.jpg 600w, https:\/\/www.praha7.cz\/wp-content\/uploads\/2025\/08\/vlajka_webformat-768x491.jpg 768w, https:\/\/www.praha7.cz\/wp-content\/uploads\/2025\/08\/vlajka_webformat-1536x982.jpg 1536w, https:\/\/www.praha7.cz\/wp-content\/uploads\/2025\/08\/vlajka_webformat-2048x1310.jpg 2048w\" sizes=\"(max-width: 859px) 100vw, 859px\" \/><\/a><\/p>","protected":false},"excerpt":{"rendered":"[perex] Na st\u011b\u017eni Karl\u00ednsk\u00e9ho voru, d\u0159ev\u011bn\u00e9ho objektu od Adama Koval\u010d\u00edka, kter\u00fd se po sv\u00e9m p\u016fsoben\u00ed v\u00a0Hole\u0161ovick\u00e9 tr\u017enici p\u0159em\u00edstil k\u00a0plov\u00e1rn\u011b Baden Baden, nic nevis\u00ed. Vor vznikl v\u00a0r\u00e1mci programu Um\u011bn\u00ed pro m\u011bsto jako um\u011bleck\u00e1 intervence ve ve\u0159ejn\u00e9m prostoru. V&nbsp;sou\u010dasn\u00e9 dob\u011b hled\u00e1 vlajku, kter\u00e1 ho dopln\u00ed a&nbsp;pom\u016f\u017ee mu zako\u0159enit na nov\u00e9m m\u00edst\u011b. Otev\u0159en\u00e1 v\u00fdzva na nov\u00fd symbol ostrova [&hellip;]","protected":false},"author":5,"featured_media":86000,"comment_status":"closed","ping_status":"open","sticky":false,"template":"","format":"standard","meta":[],"categories":[34],"tags":[106,110],"_links":{"self":[{"href":"https:\/\/www.praha7.cz\/api\/wp\/v2\/posts\/85998"}],"collection":[{"href":"https:\/\/www.praha7.cz\/api\/wp\/v2\/posts"}],"about":[{"href":"https:\/\/www.praha7.cz\/api\/wp\/v2\/types\/post"}],"author":[{"embeddable":true,"href":"https:\/\/www.praha7.cz\/api\/wp\/v2\/users\/5"}],"replies":[{"embeddable":true,"href":"https:\/\/www.praha7.cz\/api\/wp\/v2\/comments?post=85998"}],"version-history":[{"count":2,"href":"https:\/\/www.praha7.cz\/api\/wp\/v2\/posts\/85998\/revisions"}],"predecessor-version":[{"id":86021,"href":"https:\/\/www.praha7.cz\/api\/wp\/v2\/posts\/85998\/revisions\/86021"}],"wp:featuredmedia":[{"embeddable":true,"href":"https:\/\/www.praha7.cz\/api\/wp\/v2\/media\/86000"}],"wp:attachment":[{"href":"https:\/\/www.praha7.cz\/api\/wp\/v2\/media?parent=85998"}],"wp:term":[{"taxonomy":"category","embeddable":true,"href":"https:\/\/www.praha7.cz\/api\/wp\/v2\/categories?post=85998"},{"taxonomy":"post_tag","embeddable":true,"href":"https:\/\/www.praha7.cz\/api\/wp\/v2\/tags?post=85998"}],"curies":[{"name":"wp","href":"https:\/\/api.w.org\/{rel}","templated":true}]}}