    
{"id":85995,"date":"2025-08-12T14:08:16","date_gmt":"2025-08-12T12:08:16","guid":{"rendered":"https:\/\/www.praha7.cz\/?p=85995"},"modified":"2025-08-17T22:30:53","modified_gmt":"2025-08-17T20:30:53","slug":"docasne-uzavreni-prujezdu-z-ul-bubenska-do-ul-za-elektrarnou","status":"publish","type":"post","link":"https:\/\/www.praha7.cz\/docasne-uzavreni-prujezdu-z-ul-bubenska-do-ul-za-elektrarnou\/","title":{"rendered":"Do\u010dasn\u00e9 uzav\u0159en\u00ed pr\u016fjezdu z&nbsp;ul. Bubensk\u00e1 do ul. Za Elektr\u00e1rnou"},"content":{"rendered":"<p>[perex]<\/p>\r\n<p>Upozor\u0148ujeme, \u017ee v\u00a0r\u00e1mci realizace nov\u00fdch povrch\u016f vozovky bude od 13.&nbsp;do 16.&nbsp;srpna 2025 uzav\u0159en pr\u016fjezd mezi\u00a0ulicemi Bubensk\u00e1 a&nbsp;Za Elektr\u00e1rnou.<\/p>\r\n<p>[\/perex]<\/p>\r\n<p>Dopravn\u00ed obsluha ul. Za Elektr\u00e1rnou bude po tuto dobu vedena z\u00a0ul. Partyz\u00e1nsk\u00e1 p\u0159es parkovi\u0161t\u011b u&nbsp;V\u00fdstavi\u0161t\u011b. Sledujte, pros\u00edm, m\u00edstn\u00ed dopravn\u00ed zna\u010den\u00ed.<\/p>\r\n<p>Po dokon\u010den\u00ed prac\u00ed se k\u0159i\u017eovatka vr\u00e1t\u00ed k\u00a0dosavadn\u00edmu dopravn\u00edmu re\u017eimu. Pr\u016fjezd mezi ul. Bubensk\u00e1 a&nbsp;Za Elektr\u00e1rnou bude obnoven, dal\u0161\u00ed ramena k\u0159i\u017eovatky budou nad\u00e1le uzav\u0159ena do dokon\u010den\u00ed stavebn\u00edch prac\u00ed v\u00a0ul. U&nbsp;V\u00fdstavi\u0161t\u011b.<\/p>\r\n<p>D\u011bkujeme za pochopen\u00ed a&nbsp;trp\u011blivost. O&nbsp;dal\u0161\u00edm v\u00fdvoji stavby v\u00a0t\u00e9to lokalit\u011b v\u00e1s budeme informovat.<\/p>","protected":false},"excerpt":{"rendered":"[perex] Upozor\u0148ujeme, \u017ee v\u00a0r\u00e1mci realizace nov\u00fdch povrch\u016f vozovky bude od 13.&nbsp;do 16.&nbsp;srpna 2025 uzav\u0159en pr\u016fjezd mezi\u00a0ulicemi Bubensk\u00e1 a&nbsp;Za Elektr\u00e1rnou. [\/perex] Dopravn\u00ed obsluha ul. Za Elektr\u00e1rnou bude po tuto dobu vedena z\u00a0ul. Partyz\u00e1nsk\u00e1 p\u0159es parkovi\u0161t\u011b u&nbsp;V\u00fdstavi\u0161t\u011b. Sledujte, pros\u00edm, m\u00edstn\u00ed dopravn\u00ed zna\u010den\u00ed. Po dokon\u010den\u00ed prac\u00ed se k\u0159i\u017eovatka vr\u00e1t\u00ed k\u00a0dosavadn\u00edmu dopravn\u00edmu re\u017eimu. Pr\u016fjezd mezi ul. Bubensk\u00e1 a&nbsp;Za Elektr\u00e1rnou [&hellip;]","protected":false},"author":5,"featured_media":85996,"comment_status":"closed","ping_status":"open","sticky":false,"template":"","format":"standard","meta":[],"categories":[34],"tags":[57,125],"_links":{"self":[{"href":"https:\/\/www.praha7.cz\/api\/wp\/v2\/posts\/85995"}],"collection":[{"href":"https:\/\/www.praha7.cz\/api\/wp\/v2\/posts"}],"about":[{"href":"https:\/\/www.praha7.cz\/api\/wp\/v2\/types\/post"}],"author":[{"embeddable":true,"href":"https:\/\/www.praha7.cz\/api\/wp\/v2\/users\/5"}],"replies":[{"embeddable":true,"href":"https:\/\/www.praha7.cz\/api\/wp\/v2\/comments?post=85995"}],"version-history":[{"count":1,"href":"https:\/\/www.praha7.cz\/api\/wp\/v2\/posts\/85995\/revisions"}],"predecessor-version":[{"id":85997,"href":"https:\/\/www.praha7.cz\/api\/wp\/v2\/posts\/85995\/revisions\/85997"}],"wp:featuredmedia":[{"embeddable":true,"href":"https:\/\/www.praha7.cz\/api\/wp\/v2\/media\/85996"}],"wp:attachment":[{"href":"https:\/\/www.praha7.cz\/api\/wp\/v2\/media?parent=85995"}],"wp:term":[{"taxonomy":"category","embeddable":true,"href":"https:\/\/www.praha7.cz\/api\/wp\/v2\/categories?post=85995"},{"taxonomy":"post_tag","embeddable":true,"href":"https:\/\/www.praha7.cz\/api\/wp\/v2\/tags?post=85995"}],"curies":[{"name":"wp","href":"https:\/\/api.w.org\/{rel}","templated":true}]}}