    
{"id":85959,"date":"2025-09-01T14:39:42","date_gmt":"2025-09-01T12:39:42","guid":{"rendered":"https:\/\/www.praha7.cz\/?p=85959"},"modified":"2025-09-05T16:35:19","modified_gmt":"2025-09-05T14:35:19","slug":"zari-s-aktivitami-pro-seniory-v-tusarove-42","status":"publish","type":"post","link":"https:\/\/www.praha7.cz\/zari-s-aktivitami-pro-seniory-v-tusarove-42\/","title":{"rendered":"Z\u00e1\u0159\u00ed s&nbsp;aktivitami pro seniory v&nbsp;Tusarov\u011b 42"},"content":{"rendered":"<p>[perex]<\/p>\r\n<p>Seniory zveme do domu v&nbsp;Tusarov\u011b 42, kde na v\u00e1s v&nbsp;z\u00e1\u0159\u00ed 2025 \u010dek\u00e1 \u0159ada aktivit. V\u0161e je zdarma, bez registrace, sta\u010d\u00ed p\u0159ij\u00edt deset minut p\u0159ed za\u010d\u00e1tkem programu.\u00a0<\/p>\r\n<p>[\/perex]<\/p>\r\n<h3>Program<\/h3>\r\n<p><strong>2.&nbsp;9.&nbsp;v&nbsp;15.00<\/strong> Filip\u00ednsk\u00e1 svatba \u2013 cestovatelsk\u00e1 p\u0159edn\u00e1\u0161ka Evy Mahrov\u00e9<\/p>\r\n<p><strong>8.&nbsp;9.&nbsp;ve 14.00<\/strong> Tr\u00e9nink pam\u011bti s&nbsp;tren\u00e9rkou Adrianou Rohde Kabele<\/p>\r\n<p><strong>9.&nbsp;9.&nbsp;v&nbsp;15.00<\/strong> Beseda s&nbsp;Na\u010fou \u0160ormovou, legend\u00e1rn\u00ed opern\u00ed p\u011bvkyn\u00ed a&nbsp;dlouholetou s\u00f3listkou ND, moderuje Jakub Horv\u00e1th<\/p>\r\n<p><strong>10.&nbsp;9.&nbsp;ve 14.00<\/strong> Zp\u00edv\u00e1n\u00ed na p\u0159\u00e1n\u00ed s&nbsp;muzikoterapeutkou Adrianou Rohde Kabele<\/p>\r\n<p><strong>29.&nbsp;9.&nbsp;ve 14.00<\/strong> Tr\u00e9nink pam\u011bti s&nbsp;tren\u00e9rkou Hankou Dvo\u0159\u00e1kovou<\/p>\r\n<p><strong>30.&nbsp;9.&nbsp;v&nbsp;15.00<\/strong> Uli\u010dkami Star\u00e9ho m\u011bsta z&nbsp;Plat\u00fdzu do Plat\u00fdzu \u2013 p\u0159edn\u00e1\u0161ka z&nbsp;cyklu Proch\u00e1zky Prahou s&nbsp;pr\u016fvodkyn\u00ed Vla\u010fkou Kredbovou<\/p>\r\n<p>&nbsp;<\/p>\r\n<p>Akce se konaj\u00ed v&nbsp;j\u00eddeln\u011b domu Tusarova 42, z\u00e1jemce vyzvedneme v\u017edy 10 min. p\u0159ed za\u010d\u00e1tkem programu u&nbsp;vchodu do domu. V&nbsp;p\u0159\u00edpad\u011b dotaz\u016f se m\u016f\u017eete obracet na komunitn\u00ed pracovnice Helenu Bro\u017ekovou, e-mail: <a href=\"mailto:BrozkovaH@praha7.cz\">BrozkovaH@praha7.cz<\/a>, tel. 736&nbsp;213&nbsp;708, nebo\u00a0Alenu Zagorovou, e-mail: <a href=\"mailto:ZagorovaA@praha7.cz\">ZagorovaA@praha7.cz<\/a>, tel. 733&nbsp;618&nbsp;601.<\/p>","protected":false},"excerpt":{"rendered":"[perex] Seniory zveme do domu v&nbsp;Tusarov\u011b 42, kde na v\u00e1s v&nbsp;z\u00e1\u0159\u00ed 2025 \u010dek\u00e1 \u0159ada aktivit. V\u0161e je zdarma, bez registrace, sta\u010d\u00ed p\u0159ij\u00edt deset minut p\u0159ed za\u010d\u00e1tkem programu.\u00a0 [\/perex] Program 2.&nbsp;9.&nbsp;v&nbsp;15.00 Filip\u00ednsk\u00e1 svatba \u2013 cestovatelsk\u00e1 p\u0159edn\u00e1\u0161ka Evy Mahrov\u00e9 8.&nbsp;9.&nbsp;ve 14.00 Tr\u00e9nink pam\u011bti s&nbsp;tren\u00e9rkou Adrianou Rohde Kabele 9.&nbsp;9.&nbsp;v&nbsp;15.00 Beseda s&nbsp;Na\u010fou \u0160ormovou, legend\u00e1rn\u00ed opern\u00ed p\u011bvkyn\u00ed a&nbsp;dlouholetou s\u00f3listkou ND, [&hellip;]","protected":false},"author":251,"featured_media":86365,"comment_status":"closed","ping_status":"open","sticky":false,"template":"","format":"standard","meta":[],"categories":[34],"tags":[115],"_links":{"self":[{"href":"https:\/\/www.praha7.cz\/api\/wp\/v2\/posts\/85959"}],"collection":[{"href":"https:\/\/www.praha7.cz\/api\/wp\/v2\/posts"}],"about":[{"href":"https:\/\/www.praha7.cz\/api\/wp\/v2\/types\/post"}],"author":[{"embeddable":true,"href":"https:\/\/www.praha7.cz\/api\/wp\/v2\/users\/251"}],"replies":[{"embeddable":true,"href":"https:\/\/www.praha7.cz\/api\/wp\/v2\/comments?post=85959"}],"version-history":[{"count":4,"href":"https:\/\/www.praha7.cz\/api\/wp\/v2\/posts\/85959\/revisions"}],"predecessor-version":[{"id":86366,"href":"https:\/\/www.praha7.cz\/api\/wp\/v2\/posts\/85959\/revisions\/86366"}],"wp:featuredmedia":[{"embeddable":true,"href":"https:\/\/www.praha7.cz\/api\/wp\/v2\/media\/86365"}],"wp:attachment":[{"href":"https:\/\/www.praha7.cz\/api\/wp\/v2\/media?parent=85959"}],"wp:term":[{"taxonomy":"category","embeddable":true,"href":"https:\/\/www.praha7.cz\/api\/wp\/v2\/categories?post=85959"},{"taxonomy":"post_tag","embeddable":true,"href":"https:\/\/www.praha7.cz\/api\/wp\/v2\/tags?post=85959"}],"curies":[{"name":"wp","href":"https:\/\/api.w.org\/{rel}","templated":true}]}}