    
{"id":85957,"date":"2025-09-17T12:47:12","date_gmt":"2025-09-17T10:47:12","guid":{"rendered":"https:\/\/www.praha7.cz\/?p=85957"},"modified":"2025-09-29T08:52:20","modified_gmt":"2025-09-29T06:52:20","slug":"kotlina-25","status":"publish","type":"post","link":"https:\/\/www.praha7.cz\/kotlina-25\/","title":{"rendered":"Den pro Trojskou kotlinu v&nbsp;parku U&nbsp;Vody 28.&nbsp;z\u00e1\u0159\u00ed"},"content":{"rendered":"<p>[perex]<\/p>\r\n<p>M\u00edstem setk\u00e1n\u00ed 5.&nbsp;ro\u010dn\u00edku Dne pro Trojskou kotlinu, kter\u00fd se kon\u00e1 v&nbsp;ned\u011bli 28.&nbsp;z\u00e1\u0159\u00ed 2025 a&nbsp;je sou\u010d\u00e1st\u00ed celopra\u017esk\u00e9ho festivalu <a href=\"https:\/\/poznejvltavu.cz\/\" target=\"_blank\" rel=\"noopener\">Poznej Vltavu<\/a>, bude op\u011bt park U&nbsp;Vody a&nbsp;tak\u00e9 <a href=\"https:\/\/poznejvltavu.cz\/udalost\/95-den-pro-trojskou-kotlinu-v-trojskem-pivovaru\" target=\"_blank\" rel=\"noopener\">are\u00e1l Trojsk\u00e9ho pivovaru<\/a>. Akce propojuje m\u011bstsk\u00fd \u017eivot s&nbsp;\u017eivlem vody, p\u0159ipom\u00edn\u00e1 ekologick\u00fd v\u00fdznam \u0159eky, udr\u017eiteln\u00fd vztah m\u011bsta a&nbsp;\u0159eky a&nbsp;nab\u00edz\u00ed mo\u017enost pro\u017e\u00edt den v&nbsp;m\u011bstsk\u00e9 p\u0159\u00edrod\u011b. Vstup zdarma.<br \/>\r\n[\/perex]<\/p>\r\n<h2>Program v&nbsp;parku U&nbsp;Vody v&nbsp;ned\u011bli 28.&nbsp;z\u00e1\u0159\u00ed 2025<\/h2>\r\n<p><a href=\"https:\/\/www.praha7.cz\/wp-content\/uploads\/2025\/09\/mapa_den-pro-tk_page-0001.jpg\"><img loading=\"lazy\" src=\"https:\/\/www.praha7.cz\/wp-content\/uploads\/2025\/09\/mapa_den-pro-tk_page-0001-1413x1000.jpg\" alt=\"\" width=\"640\" height=\"453\" class=\"alignnone size-large wp-image-86894\" srcset=\"https:\/\/www.praha7.cz\/wp-content\/uploads\/2025\/09\/mapa_den-pro-tk_page-0001-1413x1000.jpg 1413w, https:\/\/www.praha7.cz\/wp-content\/uploads\/2025\/09\/mapa_den-pro-tk_page-0001-565x400.jpg 565w, https:\/\/www.praha7.cz\/wp-content\/uploads\/2025\/09\/mapa_den-pro-tk_page-0001-768x543.jpg 768w, https:\/\/www.praha7.cz\/wp-content\/uploads\/2025\/09\/mapa_den-pro-tk_page-0001-1536x1087.jpg 1536w, https:\/\/www.praha7.cz\/wp-content\/uploads\/2025\/09\/mapa_den-pro-tk_page-0001.jpg 1754w\" sizes=\"(max-width: 640px) 100vw, 640px\" \/><\/a><\/p>\r\n<p>&nbsp;<\/p>\r\n<p>\ud83d\udd39 10\u201316&nbsp;h \ud83d\udd39 <strong>AC<\/strong> <a href=\"https:\/\/sparta.cz\/\"><strong>Sparta Praha<\/strong><\/a> \u2013 fotbalov\u00e1 \u0161koli\u010dka a&nbsp;aktivity pro mal\u00e9 sportovce<\/p>\r\n<p><em>Sou\u010d\u00e1st\u00ed aktivit bude d\u00e1le stoln\u00ed fotb\u00e1lek, fotbalov\u00fd kule\u010dn\u00edk a&nbsp;stoln\u00ed pukec, ale tak\u00e9 malov\u00e1n\u00ed na obli\u010dej.<\/em><\/p>\r\n<p>&nbsp;<\/p>\r\n<p>\ud83d\udd39 14\u201317&nbsp;h \ud83d\udd39 <a href=\"https:\/\/h2ospodar.cz\/\"><strong>H2Ospoda\u0159!<\/strong><\/a> \u2013 ekologick\u00fd workshop pro d\u011bti o&nbsp;vod\u011b v&nbsp;krajin\u011b, kolob\u011bhu a&nbsp;udr\u017eiteln\u00e9m hospoda\u0159en\u00ed s&nbsp;vodou<\/p>\r\n<p><em>Voda je nepostradatelnou sou\u010d\u00e1st\u00ed na\u0161ich \u017eivot\u016f. Pou\u017e\u00edv\u00e1me ji denn\u011b, a&nbsp;ne zrovna m\u00e1lo! V\u00edte, \u017ee pr\u016fm\u011brn\u00fd obyvatel \u010cesk\u00e9 republiky pou\u017eije za jeden den p\u0159es 90 litr\u016f pitn\u00e9 vody? Jak\u00e1 je v\u016fbec cesta pitn\u00e9 vody? A&nbsp;jak je to s\u00a0vodou t\u0159eba v\u00a0\u0159ece nebo v\u00a0krajin\u011b kolem n\u00e1s? Pot\u0159ebujeme ji tam? K\u00a0\u010demu tam je? Jak se chov\u00e1? Poj\u010fte to spole\u010dn\u011b s&nbsp;H2Ospoda\u0159! prozkoumat a&nbsp;naj\u00edt odpov\u011bdi!<\/em><\/p>\r\n<p>&nbsp;<\/p>\r\n<p>\ud83d\udd39 14\u201317&nbsp;h \ud83d\udd39 <a href=\"https:\/\/vosatheatre.cz\/portfolio\/ryby\/\"><strong>Interaktivn\u00ed p\u0159edstaven\u00ed Ryby<\/strong><\/a> <strong>Divadla V.O.S.A <\/strong>\u2013 pro v\u0161echny v\u011bkov\u00e9 skupiny s&nbsp;t\u00e9matem p\u0159\u00edrody<strong><br \/>\r\n<\/strong><em><\/em><\/p>\r\n<p><em>Z proudu sladkovodn\u00edch \u0159ek a&nbsp;z&nbsp;hlubin jezer a&nbsp;rybn\u00edk\u016f n\u00e1s p\u0159ijeli nav\u0161t\u00edvit nezvykl\u00ed turist\u00e9. Jejich mohutn\u00e1 t\u011bla ladn\u011b proplouvaj\u00ed ulicemi a&nbsp;n\u00e1m\u011bst\u00edmi. Dv\u011b ob\u0159\u00ed loutky ryb jsou jako vyst\u0159i\u017een\u00e9 z&nbsp;\u010desk\u00e9 poh\u00e1dky \u2013 vesel\u00e9, barevn\u00e9 a&nbsp;v\u0161ete\u010dn\u00e9. Miluj\u00ed pr\u016fvody, ale r\u00e1d si i&nbsp;pluj\u00ed jen tak a&nbsp;dost mo\u017en\u00e1 p\u0159ipluj\u00ed a\u017e k&nbsp;v\u00e1m.<\/em><\/p>\r\n<p><em>Autorkami loutek jsou Erika \u010ci\u010dmanov\u00e1 a&nbsp;Jarmila Enochov\u00e1.<\/em><\/p>\r\n<p><em>\u00a0<\/em><\/p>\r\n<p>\ud83d\udd39 15\u201318&nbsp;h \ud83d\udd39 <strong>v\u00fdtvarn\u00e9 d\u00edlny Barvy hladiny s&nbsp;um\u011blkyn\u011bmi Lenkou Kubelovou a&nbsp;Petrou Lacinovou<\/strong><\/p>\r\n<p><em>\u00da\u010dastn\u00edci v\u00fdtvarn\u00e9ho workshopu se pomoc\u00ed akvarelu \u201epono\u0159\u00ed\u201c do barev a&nbsp;struktury vln \u0159eky Vltavy. Sou\u010d\u00e1st\u00ed workshopu je i&nbsp;v\u00fdstava v\u00fdtvor\u016f u&nbsp;\u0159eky.<\/em><\/p>\r\n<p>&nbsp;<\/p>\r\n<p>\ud83d\udd39 cel\u00fd den \ud83d\udd39 <strong>komunitn\u00ed zahrada <\/strong><a href=\"https:\/\/www.prazelenina.cz\/\"><strong>Prazelenina<\/strong><\/a> \u2013 otev\u0159en\u00e1 zahrada s&nbsp;ob\u010derstven\u00edm<\/p>\r\n<p><strong><em>Voda, vlny a&nbsp;mech na Prazelenin\u011b<\/em><\/strong><\/p>\r\n<p><em>Vlny nejsou jen na vod\u011b nebo na pletac\u00edch jehlic\u00edch. N\u011bkdy mohou b\u00fdt i&nbsp;na plot\u011b. P\u0159ij\u010fte se s\u00a0n\u00e1mi trochu zapl\u00e9st a&nbsp;t\u0159eba se s\u00a0n\u00e1mi i&nbsp;zavlnit. Od 11 hod jsme p\u0159ipravili vlnit\u00fd workshop vhodn\u00fd i&nbsp;pro d\u011bti. <\/em><\/p>\r\n<p><em>Mechu se da\u0159\u00ed tam, kde je vlhko. Roste v\u00a0les\u00edch, ve sp\u00e1r\u00e1ch mezi dla\u017edicemi nebo na kamenech na b\u0159ez\u00edch \u0159ek. Co se ale stane, kdy\u017e expanduje do m\u011bsta? \u0158eka jako plynouc\u00ed proud a&nbsp;mech jako n\u011bco, co se p\u0159ichyt\u00ed. Od 14 hod si p\u0159ij\u010fte vyzkou\u0161et mechov\u00e9 graffiti.<\/em><\/p>\r\n<p><em>Ve\u010der od 18.30 v\u00e1s potom u&nbsp;ohni\u0161t\u011b v&nbsp;Parku U&nbsp;Vody op\u0159ede Justin Svoboda sv\u00fdmi vl\u00e1kny fantazie. Propag\u00e1tor storytellingu, vysok\u00fd mu\u017e s&nbsp;\u0161ednouc\u00edmi vousy, si p\u0159ipravil vodou inspirovan\u00e9 vypr\u00e1v\u011bn\u00ed, jeho\u017e podobu m\u016f\u017eete ovlivnit p\u0159\u00edmo vy. Kam a\u017e ho pust\u00edte a&nbsp;kam a\u017e on dovede v\u00e1s? Bude to poklidn\u00e1 plavba nebo boj o&nbsp;p\u0159e\u017eit\u00ed? <\/em><\/p>\r\n<p>&nbsp;<\/p>\r\n<p>\ud83d\udd39 cel\u00fd den \ud83d\udd39 <strong>Cryptomania<\/strong> \u2013 \u0161ifrovac\u00ed d\u00edlna, uk\u00e1zka m\u011bstsk\u00e9 hry a&nbsp;sout\u011b\u017e o&nbsp;ceny pro d\u011bti i&nbsp;dosp\u011bl\u00e9. Mo\u017enost hran\u00ed dvou her vytvo\u0159en\u00fdch pro Sedmi\u010dku: <a href=\"https:\/\/trails.cryptomania.cz\/trail\/zapomenute-pribehy\/\">Zapomenut\u00e9 p\u0159\u00edb\u011bhy<\/a> v&nbsp;parku U&nbsp;Vody a&nbsp;<a href=\"https:\/\/trails.cryptomania.cz\/trail\/sedm-ze-sedmicky\/\">Sedm ze Sedmi\u010dky<\/a> v&nbsp;parku U&nbsp;Vody, Stromovce a&nbsp;v&nbsp;Praze-Troji.<\/p>\r\n<p>&nbsp;<\/p>\r\n<p>\ud83d\udd39 cel\u00fd den \ud83d\udd39 <a href=\"https:\/\/www.prahoproject.com\/\"><strong>PRAHO! Project<\/strong><\/a> \u2013 zapojen\u00ed n\u00e1v\u0161t\u011bvn\u00edk\u016f do budouc\u00edho muralu od Tom\u00e1\u0161e Sta\u0148ka na pil\u00ed\u0159\u00edch mostu Barik\u00e1dn\u00edk\u016f vze\u0161l\u00e9ho z&nbsp;um\u011bleck\u00e9 sout\u011b\u017ee. V&nbsp;pr\u016fb\u011bhu dne bude prob\u00edhat sb\u011br v\u00fdpov\u011bd\u00ed n\u00e1v\u0161t\u011bvn\u00edk\u016f o&nbsp;t\u00e9matech komunikace, tabu, ve\u0159ejn\u00e9ho prostoru a&nbsp;svobody, je\u017e se stanou podkladem pro v\u00fdsledn\u00fd vizu\u00e1ln\u00ed i&nbsp;obsahov\u00fd n\u00e1vrh velkoplo\u0161n\u00e9 malby. Prob\u011bhnou prezentace v\u00fdpov\u011bd\u00ed a&nbsp;jejich poslechu.<\/p>\r\n<p><em>PRAHO! Project vznikl v&nbsp;roce 2021, kdy se ve ve\u0159ejn\u00e9m prostoru m\u011bsta za\u010daly objevovat des\u00edtky b\u00e1sn\u00ed ve form\u011b samolepek, plak\u00e1t\u016f \u010di um\u011bleck\u00fdch instalac\u00ed. Ka\u017ed\u00fd text nese krom\u011b sv\u00e9 my\u0161lenky tak\u00e9 unik\u00e1tn\u00ed QR k\u00f3d, kter\u00fd odkazuje na webov\u00e9 str\u00e1nky s&nbsp;n\u011bkolika ot\u00e1zkami osobn\u00edho \u010di m\u011bstsk\u00e9ho r\u00e1zu. Od spu\u0161t\u011bn\u00ed projektu se k&nbsp;organiz\u00e1tor\u016fm dostalo na 30 tis\u00edc v\u00fdpov\u011bd\u00ed poukazuj\u00edc\u00edch na jedine\u010dnost ka\u017ed\u00e9ho z&nbsp;n\u00e1s. Jde o&nbsp;neuv\u011b\u0159itelnou sb\u00edrku n\u00e1zor\u016f, pocit\u016f, um\u011bleck\u00fdch vyj\u00e1d\u0159en\u00ed \u010di my\u0161lenkov\u00fdch pochod\u016f.<\/em><\/p>\r\n<p><em>\u00a0<\/em><\/p>\r\n<p>\ud83d\udd39 cel\u00fd den \ud83d\udd39 <a href=\"https:\/\/www.facebook.com\/koletopraha\/?locale=cs_CZ\"><strong>Kav\u00e1rna<\/strong> <strong>Koleto<\/strong><\/a> \u2013 celodenn\u00ed ob\u010derstven\u00ed s&nbsp;ve\u0159ejn\u00fdm bezbari\u00e9rov\u00fdm WC v&nbsp;ulici Varhul\u00edkov\u00e9, mo\u017enost zap\u016fj\u010den\u00ed paddleboardu<\/p>\r\n<p>&nbsp;<\/p>\r\n<p><em>V p\u0159\u00edpad\u011b nep\u0159\u00edzniv\u00e9ho po\u010das\u00ed se n\u011bkter\u00e9 aktivity ru\u0161\u00ed.<\/em><\/p>\r\n<p>&nbsp;<\/p>","protected":false},"excerpt":{"rendered":"[perex] M\u00edstem setk\u00e1n\u00ed 5.&nbsp;ro\u010dn\u00edku Dne pro Trojskou kotlinu, kter\u00fd se kon\u00e1 v&nbsp;ned\u011bli 28.&nbsp;z\u00e1\u0159\u00ed 2025 a&nbsp;je sou\u010d\u00e1st\u00ed celopra\u017esk\u00e9ho festivalu Poznej Vltavu, bude op\u011bt park U&nbsp;Vody a&nbsp;tak\u00e9 are\u00e1l Trojsk\u00e9ho pivovaru. Akce propojuje m\u011bstsk\u00fd \u017eivot s&nbsp;\u017eivlem vody, p\u0159ipom\u00edn\u00e1 ekologick\u00fd v\u00fdznam \u0159eky, udr\u017eiteln\u00fd vztah m\u011bsta a&nbsp;\u0159eky a&nbsp;nab\u00edz\u00ed mo\u017enost pro\u017e\u00edt den v&nbsp;m\u011bstsk\u00e9 p\u0159\u00edrod\u011b. Vstup zdarma. [\/perex] Program v&nbsp;parku U&nbsp;Vody v&nbsp;ned\u011bli [&hellip;]","protected":false},"author":251,"featured_media":86711,"comment_status":"closed","ping_status":"open","sticky":false,"template":"","format":"standard","meta":[],"categories":[36],"tags":[123,110],"_links":{"self":[{"href":"https:\/\/www.praha7.cz\/api\/wp\/v2\/posts\/85957"}],"collection":[{"href":"https:\/\/www.praha7.cz\/api\/wp\/v2\/posts"}],"about":[{"href":"https:\/\/www.praha7.cz\/api\/wp\/v2\/types\/post"}],"author":[{"embeddable":true,"href":"https:\/\/www.praha7.cz\/api\/wp\/v2\/users\/251"}],"replies":[{"embeddable":true,"href":"https:\/\/www.praha7.cz\/api\/wp\/v2\/comments?post=85957"}],"version-history":[{"count":6,"href":"https:\/\/www.praha7.cz\/api\/wp\/v2\/posts\/85957\/revisions"}],"predecessor-version":[{"id":86895,"href":"https:\/\/www.praha7.cz\/api\/wp\/v2\/posts\/85957\/revisions\/86895"}],"wp:featuredmedia":[{"embeddable":true,"href":"https:\/\/www.praha7.cz\/api\/wp\/v2\/media\/86711"}],"wp:attachment":[{"href":"https:\/\/www.praha7.cz\/api\/wp\/v2\/media?parent=85957"}],"wp:term":[{"taxonomy":"category","embeddable":true,"href":"https:\/\/www.praha7.cz\/api\/wp\/v2\/categories?post=85957"},{"taxonomy":"post_tag","embeddable":true,"href":"https:\/\/www.praha7.cz\/api\/wp\/v2\/tags?post=85957"}],"curies":[{"name":"wp","href":"https:\/\/api.w.org\/{rel}","templated":true}]}}