    
{"id":85948,"date":"2025-08-07T17:23:11","date_gmt":"2025-08-07T15:23:11","guid":{"rendered":"https:\/\/www.praha7.cz\/?p=85948"},"modified":"2025-08-08T11:39:39","modified_gmt":"2025-08-08T09:39:39","slug":"se-starostou-v-podchodu","status":"publish","type":"post","link":"https:\/\/www.praha7.cz\/se-starostou-v-podchodu\/","title":{"rendered":"Se starostou v&nbsp;podchodu"},"content":{"rendered":"<p>[perex]<\/p>\r\n<p>V p\u00e1tek 8.&nbsp;srpna 2025 bude starosta Jan \u010ci\u017einsk\u00fd od 9 do 11 hodin \u00fa\u0159adovat ve sportovi\u0161ti v&nbsp;podchodu pod Hl\u00e1vkov\u00fdm mostem (u&nbsp;houpa\u010dek). Jedn\u00e1 se o&nbsp;sportovi\u0161t\u011b bl\u00ed\u017ee u&nbsp;\u0159eky, kter\u00e9 Praha&nbsp;7 otev\u0159ela na podzim roku 2022.\u00a0<\/p>\r\n<p>Pokud budete m\u00edt cestu kolem, p\u0159ij\u010fte se zeptat na to, co v\u00e1s zaj\u00edm\u00e1. T\u011b\u0161\u00ed se na v\u00e1s!<\/p>\r\n<p>[\/perex]<\/p>\r\n<p>&nbsp;<\/p>\r\n<h3>Kde podchody najdete?<\/h3>\r\n<p><iframe loading=\"lazy\" width=\"640\" height=\"480\" src=\"https:\/\/www.google.com\/maps\/d\/embed?mid=19zaTVsM04OBVqI9b6nP0rBaUT01ScbU&amp;ehbc=2E312F\"><\/iframe><\/p>\r\n<hr \/>","protected":false},"excerpt":{"rendered":"[perex] V&nbsp;p\u00e1tek 8.&nbsp;srpna 2025 bude starosta Jan \u010ci\u017einsk\u00fd od 9 do 11 hodin \u00fa\u0159adovat ve sportovi\u0161ti v&nbsp;podchodu pod Hl\u00e1vkov\u00fdm mostem (u&nbsp;houpa\u010dek). Jedn\u00e1 se o&nbsp;sportovi\u0161t\u011b bl\u00ed\u017ee u&nbsp;\u0159eky, kter\u00e9 Praha&nbsp;7 otev\u0159ela na podzim roku 2022.\u00a0 Pokud budete m\u00edt cestu kolem, p\u0159ij\u010fte se zeptat na to, co v\u00e1s zaj\u00edm\u00e1. T\u011b\u0161\u00ed se na v\u00e1s! [\/perex] &nbsp; Kde podchody [&hellip;]","protected":false},"author":5,"featured_media":85949,"comment_status":"closed","ping_status":"open","sticky":false,"template":"","format":"standard","meta":[],"categories":[34],"tags":[84,110],"_links":{"self":[{"href":"https:\/\/www.praha7.cz\/api\/wp\/v2\/posts\/85948"}],"collection":[{"href":"https:\/\/www.praha7.cz\/api\/wp\/v2\/posts"}],"about":[{"href":"https:\/\/www.praha7.cz\/api\/wp\/v2\/types\/post"}],"author":[{"embeddable":true,"href":"https:\/\/www.praha7.cz\/api\/wp\/v2\/users\/5"}],"replies":[{"embeddable":true,"href":"https:\/\/www.praha7.cz\/api\/wp\/v2\/comments?post=85948"}],"version-history":[{"count":5,"href":"https:\/\/www.praha7.cz\/api\/wp\/v2\/posts\/85948\/revisions"}],"predecessor-version":[{"id":85954,"href":"https:\/\/www.praha7.cz\/api\/wp\/v2\/posts\/85948\/revisions\/85954"}],"wp:featuredmedia":[{"embeddable":true,"href":"https:\/\/www.praha7.cz\/api\/wp\/v2\/media\/85949"}],"wp:attachment":[{"href":"https:\/\/www.praha7.cz\/api\/wp\/v2\/media?parent=85948"}],"wp:term":[{"taxonomy":"category","embeddable":true,"href":"https:\/\/www.praha7.cz\/api\/wp\/v2\/categories?post=85948"},{"taxonomy":"post_tag","embeddable":true,"href":"https:\/\/www.praha7.cz\/api\/wp\/v2\/tags?post=85948"}],"curies":[{"name":"wp","href":"https:\/\/api.w.org\/{rel}","templated":true}]}}