    
{"id":85945,"date":"2025-08-07T12:48:43","date_gmt":"2025-08-07T10:48:43","guid":{"rendered":"https:\/\/www.praha7.cz\/?p=85945"},"modified":"2025-08-14T17:09:35","modified_gmt":"2025-08-14T15:09:35","slug":"slavnostni-zahajeni-22-rocniku-letni-letne","status":"publish","type":"post","link":"https:\/\/www.praha7.cz\/slavnostni-zahajeni-22-rocniku-letni-letne\/","title":{"rendered":"Slavnostn\u00ed zah\u00e1jen\u00ed 22.&nbsp;ro\u010dn\u00edku Letn\u00ed Letn\u00e9"},"content":{"rendered":"<p>[perex]<\/p>\r\n<p>Festival nov\u00e9ho cirkusu Letn\u00ed Letn\u00e1 se bl\u00ed\u017e\u00ed. Soubory z&nbsp;cel\u00e9ho sv\u011bta op\u011bt p\u0159ivezou velkolepou pod\u00edvanou a&nbsp;organiz\u00e1to\u0159i ji\u017e tradi\u010dn\u011b zvou na slavnostn\u00ed zah\u00e1jen\u00ed pod \u0161ir\u00fdm nebem zdarma.<\/p>\r\n<p>P\u0159ij\u010fte zah\u00e1jit 22.&nbsp;ro\u010dn\u00edk Letn\u00ed Letn\u00e9 ve st\u0159edu 13.&nbsp;srpna od 21 hodin do Letensk\u00fdch sad\u016f kousek od Letensk\u00e9ho kyvadla.<\/p>\r\n<p>[\/perex]<\/p>\r\n<p>Na co se m\u016f\u017eete t\u011b\u0161it?<\/p>\r\n<p><a href=\"https:\/\/www.letniletna.cz\/cs\/stvoreni\/#credits\" target=\"_blank\" rel=\"noopener\"><strong>Blackout Paradox: Stvo\u0159en\u00ed<\/strong><\/a><\/p>\r\n<p>Pouli\u010dn\u00ed, tane\u010dn\u011b-akrobatick\u00e9 p\u0159edstaven\u00ed je voln\u011b inspirov\u00e1no staro\u0159eck\u00fdm m\u00fdtem o&nbsp;stvo\u0159en\u00ed sv\u011bta podle Roberta Gravese. P\u0159\u00edb\u011bh o&nbsp;vzniku ve\u0161ker\u00e9 existence o\u010dima Ch\u00e1rona, p\u0159evozn\u00edka mrtv\u00fdch. Velk\u00e9 loutky b\u00e1jn\u00fdch bytost\u00ed, \u017ehav\u00e9 podsv\u011bt\u00ed pln\u00e9 jisker, tan\u010d\u00edc\u00ed ch\u016fda\u0159ka, propracovan\u00e9 choreografie se sv\u00edt\u00edc\u00edmi i&nbsp;ohniv\u00fdmi rekvizitami.\u00a0<\/p>\r\n<p>Kompletn\u00ed program festivalu Letn\u00ed Letn\u00e1 najdete zde: <a href=\"https:\/\/www.letniletna.cz\/cs\/program\/\" target=\"_blank\" rel=\"noopener\">https:\/\/www.letniletna.cz\/cs\/program\/<\/a><\/p>","protected":false},"excerpt":{"rendered":"[perex] Festival nov\u00e9ho cirkusu Letn\u00ed Letn\u00e1 se bl\u00ed\u017e\u00ed. Soubory z&nbsp;cel\u00e9ho sv\u011bta op\u011bt p\u0159ivezou velkolepou pod\u00edvanou a&nbsp;organiz\u00e1to\u0159i ji\u017e tradi\u010dn\u011b zvou na slavnostn\u00ed zah\u00e1jen\u00ed pod \u0161ir\u00fdm nebem zdarma. P\u0159ij\u010fte zah\u00e1jit 22.&nbsp;ro\u010dn\u00edk Letn\u00ed Letn\u00e9 ve st\u0159edu 13.&nbsp;srpna od 21 hodin do Letensk\u00fdch sad\u016f kousek od Letensk\u00e9ho kyvadla. [\/perex] Na co se m\u016f\u017eete t\u011b\u0161it? Blackout Paradox: Stvo\u0159en\u00ed Pouli\u010dn\u00ed, tane\u010dn\u011b-akrobatick\u00e9 [&hellip;]","protected":false},"author":5,"featured_media":85946,"comment_status":"closed","ping_status":"open","sticky":false,"template":"","format":"standard","meta":[],"categories":[34],"tags":[106,123],"_links":{"self":[{"href":"https:\/\/www.praha7.cz\/api\/wp\/v2\/posts\/85945"}],"collection":[{"href":"https:\/\/www.praha7.cz\/api\/wp\/v2\/posts"}],"about":[{"href":"https:\/\/www.praha7.cz\/api\/wp\/v2\/types\/post"}],"author":[{"embeddable":true,"href":"https:\/\/www.praha7.cz\/api\/wp\/v2\/users\/5"}],"replies":[{"embeddable":true,"href":"https:\/\/www.praha7.cz\/api\/wp\/v2\/comments?post=85945"}],"version-history":[{"count":1,"href":"https:\/\/www.praha7.cz\/api\/wp\/v2\/posts\/85945\/revisions"}],"predecessor-version":[{"id":85947,"href":"https:\/\/www.praha7.cz\/api\/wp\/v2\/posts\/85945\/revisions\/85947"}],"wp:featuredmedia":[{"embeddable":true,"href":"https:\/\/www.praha7.cz\/api\/wp\/v2\/media\/85946"}],"wp:attachment":[{"href":"https:\/\/www.praha7.cz\/api\/wp\/v2\/media?parent=85945"}],"wp:term":[{"taxonomy":"category","embeddable":true,"href":"https:\/\/www.praha7.cz\/api\/wp\/v2\/categories?post=85945"},{"taxonomy":"post_tag","embeddable":true,"href":"https:\/\/www.praha7.cz\/api\/wp\/v2\/tags?post=85945"}],"curies":[{"name":"wp","href":"https:\/\/api.w.org\/{rel}","templated":true}]}}