    
{"id":85921,"date":"2025-08-05T18:12:01","date_gmt":"2025-08-05T16:12:01","guid":{"rendered":"https:\/\/www.praha7.cz\/?p=85921"},"modified":"2025-08-27T17:50:01","modified_gmt":"2025-08-27T15:50:01","slug":"probehne-zapis-do-nove-pripravovane-lesni-skolky","status":"publish","type":"post","link":"https:\/\/www.praha7.cz\/probehne-zapis-do-nove-pripravovane-lesni-skolky\/","title":{"rendered":"Prob\u011bhne z\u00e1pis do nov\u011b p\u0159ipravovan\u00e9 lesn\u00ed \u0161kolky"},"content":{"rendered":"<p>[perex]<\/p>\r\n<p>M\u010c Praha&nbsp;7 chyst\u00e1 ji\u017e druhou t\u0159\u00eddu lesn\u00ed \u0161kolky, kter\u00e1 bude um\u00edst\u011bna v&nbsp;are\u00e1lu V\u00fdstavi\u0161t\u011b Praha pobl\u00ed\u017e parku Stromovka. Zah\u00e1jen\u00ed provozu se p\u0159edpokl\u00e1d\u00e1 na konci z\u00e1\u0159\u00ed tohoto roku.<\/p>\r\n<p>V \u00fater\u00fd 26.&nbsp;srpna 2025 od 13.00 do 17.00 prob\u011bhne mimo\u0159\u00e1dn\u00fd z\u00e1pis v&nbsp;Lesn\u00ed mate\u0159sk\u00e9 \u0161kole Bobulka. <span style=\"color: #ff0000;\">Z\u00e1pis se uskute\u010dn\u00ed v&nbsp;FZ\u0160 Um\u011bleck\u00e1<\/span> (Um\u011bleck\u00e1 850).<\/p>\r\n<p>Ve\u0161ker\u00e9 informace a&nbsp;n\u00e1le\u017eitosti k\u00a0z\u00e1pisu najdete na webu \u0161kolky: <a href=\"https:\/\/www.lmsbobulka.cz\/zapis\/\" target=\"_blank\" rel=\"noopener\">https:\/\/www.lmsbobulka.cz\/zapis\/<\/a><\/p>\r\n<p>[\/perex]<\/p>","protected":false},"excerpt":{"rendered":"[perex] M\u010c Praha&nbsp;7 chyst\u00e1 ji\u017e druhou t\u0159\u00eddu lesn\u00ed \u0161kolky, kter\u00e1 bude um\u00edst\u011bna v&nbsp;are\u00e1lu V\u00fdstavi\u0161t\u011b Praha pobl\u00ed\u017e parku Stromovka. Zah\u00e1jen\u00ed provozu se p\u0159edpokl\u00e1d\u00e1 na konci z\u00e1\u0159\u00ed tohoto roku. V&nbsp;\u00fater\u00fd 26.&nbsp;srpna 2025 od 13.00 do 17.00 prob\u011bhne mimo\u0159\u00e1dn\u00fd z\u00e1pis v&nbsp;Lesn\u00ed mate\u0159sk\u00e9 \u0161kole Bobulka. Z\u00e1pis se uskute\u010dn\u00ed v&nbsp;FZ\u0160 Um\u011bleck\u00e1 (Um\u011bleck\u00e1 850). Ve\u0161ker\u00e9 informace a&nbsp;n\u00e1le\u017eitosti k\u00a0z\u00e1pisu najdete na [&hellip;]","protected":false},"author":5,"featured_media":41869,"comment_status":"closed","ping_status":"open","sticky":false,"template":"","format":"standard","meta":[],"categories":[34],"tags":[123,83],"_links":{"self":[{"href":"https:\/\/www.praha7.cz\/api\/wp\/v2\/posts\/85921"}],"collection":[{"href":"https:\/\/www.praha7.cz\/api\/wp\/v2\/posts"}],"about":[{"href":"https:\/\/www.praha7.cz\/api\/wp\/v2\/types\/post"}],"author":[{"embeddable":true,"href":"https:\/\/www.praha7.cz\/api\/wp\/v2\/users\/5"}],"replies":[{"embeddable":true,"href":"https:\/\/www.praha7.cz\/api\/wp\/v2\/comments?post=85921"}],"version-history":[{"count":3,"href":"https:\/\/www.praha7.cz\/api\/wp\/v2\/posts\/85921\/revisions"}],"predecessor-version":[{"id":86253,"href":"https:\/\/www.praha7.cz\/api\/wp\/v2\/posts\/85921\/revisions\/86253"}],"wp:featuredmedia":[{"embeddable":true,"href":"https:\/\/www.praha7.cz\/api\/wp\/v2\/media\/41869"}],"wp:attachment":[{"href":"https:\/\/www.praha7.cz\/api\/wp\/v2\/media?parent=85921"}],"wp:term":[{"taxonomy":"category","embeddable":true,"href":"https:\/\/www.praha7.cz\/api\/wp\/v2\/categories?post=85921"},{"taxonomy":"post_tag","embeddable":true,"href":"https:\/\/www.praha7.cz\/api\/wp\/v2\/tags?post=85921"}],"curies":[{"name":"wp","href":"https:\/\/api.w.org\/{rel}","templated":true}]}}