    
{"id":85897,"date":"2025-08-06T11:01:28","date_gmt":"2025-08-06T09:01:28","guid":{"rendered":"https:\/\/www.praha7.cz\/?p=85897"},"modified":"2025-08-05T11:10:17","modified_gmt":"2025-08-05T09:10:17","slug":"praha-7-otevira-od-zari-2025-nove-kurzy-cestiny-pro-cizince","status":"publish","type":"post","link":"https:\/\/www.praha7.cz\/praha-7-otevira-od-zari-2025-nove-kurzy-cestiny-pro-cizince\/","title":{"rendered":"Praha&nbsp;7 otev\u00edr\u00e1 od z\u00e1\u0159\u00ed 2025 nov\u00e9 kurzy \u010de\u0161tiny pro cizince"},"content":{"rendered":"<p>[perex]<br \/>\r\nKurzy jsou otev\u0159eny cizinc\u016fm a&nbsp;cizink\u00e1m z&nbsp;Prahy&nbsp;7 a&nbsp;budou prob\u00edhat v&nbsp;budov\u011b radnice. V\u00fduka pro za\u010d\u00e1te\u010dn\u00edky, ale i&nbsp;konverzace pro pokro\u010dil\u00e9 prob\u00edh\u00e1 v&nbsp;n\u011bkolika kurzech zdarma, nebo\u0165 je sou\u010d\u00e1st\u00ed projektu integrace cizinc\u016f z&nbsp;Prahy&nbsp;7 spolufinancovan\u00e9ho MV \u010cR a&nbsp;\u00da\u0159adem Vysok\u00e9ho komisa\u0159e OSN pro uprchl\u00edky (UNHCR). Z\u00e1jemci o&nbsp;studium \u010de\u0161tiny se mohou od 20.&nbsp;srpna 2025 hl\u00e1sit na e-mailu <a href=\"mailto:TaichT@Praha7.cz\">TaichT@Praha7.cz<\/a>.<\/p>\r\n<p>[\/perex]<\/p>\r\n<p>V\u00edce o&nbsp;kurzech se do\u010dtete <a href=\"https:\/\/www.praha7.cz\/temata\/cizinci-a-narodnostni-mensiny\/kurzy-cestiny\/\" target=\"_blank\" rel=\"noopener\">zde<\/a>.<\/p>","protected":false},"excerpt":{"rendered":"[perex] Kurzy jsou otev\u0159eny cizinc\u016fm a&nbsp;cizink\u00e1m z&nbsp;Prahy&nbsp;7 a&nbsp;budou prob\u00edhat v&nbsp;budov\u011b radnice. V\u00fduka pro za\u010d\u00e1te\u010dn\u00edky, ale i&nbsp;konverzace pro pokro\u010dil\u00e9 prob\u00edh\u00e1 v&nbsp;n\u011bkolika kurzech zdarma, nebo\u0165 je sou\u010d\u00e1st\u00ed projektu integrace cizinc\u016f z&nbsp;Prahy&nbsp;7 spolufinancovan\u00e9ho MV \u010cR a&nbsp;\u00da\u0159adem Vysok\u00e9ho komisa\u0159e OSN pro uprchl\u00edky (UNHCR). Z\u00e1jemci o&nbsp;studium \u010de\u0161tiny se mohou od 20.&nbsp;srpna 2025 hl\u00e1sit na e-mailu TaichT@Praha7.cz. [\/perex] V\u00edce o&nbsp;kurzech se [&hellip;]","protected":false},"author":251,"featured_media":68789,"comment_status":"closed","ping_status":"open","sticky":false,"template":"","format":"standard","meta":[],"categories":[34],"tags":[128,84],"_links":{"self":[{"href":"https:\/\/www.praha7.cz\/api\/wp\/v2\/posts\/85897"}],"collection":[{"href":"https:\/\/www.praha7.cz\/api\/wp\/v2\/posts"}],"about":[{"href":"https:\/\/www.praha7.cz\/api\/wp\/v2\/types\/post"}],"author":[{"embeddable":true,"href":"https:\/\/www.praha7.cz\/api\/wp\/v2\/users\/251"}],"replies":[{"embeddable":true,"href":"https:\/\/www.praha7.cz\/api\/wp\/v2\/comments?post=85897"}],"version-history":[{"count":1,"href":"https:\/\/www.praha7.cz\/api\/wp\/v2\/posts\/85897\/revisions"}],"predecessor-version":[{"id":85898,"href":"https:\/\/www.praha7.cz\/api\/wp\/v2\/posts\/85897\/revisions\/85898"}],"wp:featuredmedia":[{"embeddable":true,"href":"https:\/\/www.praha7.cz\/api\/wp\/v2\/media\/68789"}],"wp:attachment":[{"href":"https:\/\/www.praha7.cz\/api\/wp\/v2\/media?parent=85897"}],"wp:term":[{"taxonomy":"category","embeddable":true,"href":"https:\/\/www.praha7.cz\/api\/wp\/v2\/categories?post=85897"},{"taxonomy":"post_tag","embeddable":true,"href":"https:\/\/www.praha7.cz\/api\/wp\/v2\/tags?post=85897"}],"curies":[{"name":"wp","href":"https:\/\/api.w.org\/{rel}","templated":true}]}}