    
{"id":85894,"date":"2025-08-05T10:56:37","date_gmt":"2025-08-05T08:56:37","guid":{"rendered":"https:\/\/www.praha7.cz\/?p=85894"},"modified":"2025-08-11T08:53:51","modified_gmt":"2025-08-11T06:53:51","slug":"preruseni-provozu-metra-nadrazi-holesovice-chodov-9-a-10-srpna","status":"publish","type":"post","link":"https:\/\/www.praha7.cz\/preruseni-provozu-metra-nadrazi-holesovice-chodov-9-a-10-srpna\/","title":{"rendered":"P\u0159eru\u0161en\u00ed provozu metra N\u00e1dra\u017e\u00ed Hole\u0161ovice \u2013 Chodov 9.&nbsp;a&nbsp;10.&nbsp;srpna"},"content":{"rendered":"<p>[perex]<\/p>\r\n<p>Z d\u016fvodu opravy trati metra doch\u00e1z\u00ed od soboty 9.&nbsp;srpna 2025 (4.30) do ned\u011ble 10.&nbsp;srpna 2025 (23.59) k&nbsp;do\u010dasn\u00e9mu p\u0159eru\u0161en\u00ed provozu metra C v&nbsp;\u00faseku Chodov \u2013 N\u00e1dra\u017e\u00ed Hole\u0161ovice (obousm\u011brn\u011b). V&nbsp;denn\u00edm provozu je zavedena n\u00e1hradn\u00ed autobusov\u00e1 doprava XC v&nbsp;trase Chodov \u2013 N\u00e1dra\u017e\u00ed Hole\u0161ovice. Detailn\u00ed informace najdete na <a href=\"https:\/\/www.dpp.cz\/omezeni-a-mimoradne-udalosti\/detail\/28214\" target=\"_blank\" rel=\"noopener\">str\u00e1nk\u00e1ch DPP<\/a>.<\/p>\r\n<p>[\/perex]<\/p>\r\n<p>V\u00fdluka navazuje na p\u0159edchoz\u00ed etapu, ve kter\u00e9 je p\u0159eru\u0161en provoz metra C v&nbsp;\u00faseku Chodov &#8211; Muzeum. V\u00edce informac\u00ed na <a href=\"https:\/\/www.dpp.cz\/omezeni-a-mimoradne-udalosti\/detail\/28213\" target=\"_blank\" rel=\"noopener\">str\u00e1nk\u00e1ch DPP<\/a>.\u00a0<\/p>","protected":false},"excerpt":{"rendered":"[perex] Z&nbsp;d\u016fvodu opravy trati metra doch\u00e1z\u00ed od soboty 9.&nbsp;srpna 2025 (4.30) do ned\u011ble 10.&nbsp;srpna 2025 (23.59) k&nbsp;do\u010dasn\u00e9mu p\u0159eru\u0161en\u00ed provozu metra C v&nbsp;\u00faseku Chodov \u2013 N\u00e1dra\u017e\u00ed Hole\u0161ovice (obousm\u011brn\u011b). V&nbsp;denn\u00edm provozu je zavedena n\u00e1hradn\u00ed autobusov\u00e1 doprava XC v&nbsp;trase Chodov \u2013 N\u00e1dra\u017e\u00ed Hole\u0161ovice. Detailn\u00ed informace najdete na str\u00e1nk\u00e1ch DPP. [\/perex] V\u00fdluka navazuje na p\u0159edchoz\u00ed etapu, ve kter\u00e9 [&hellip;]","protected":false},"author":251,"featured_media":64856,"comment_status":"closed","ping_status":"open","sticky":false,"template":"","format":"standard","meta":[],"categories":[34],"tags":[57,125],"_links":{"self":[{"href":"https:\/\/www.praha7.cz\/api\/wp\/v2\/posts\/85894"}],"collection":[{"href":"https:\/\/www.praha7.cz\/api\/wp\/v2\/posts"}],"about":[{"href":"https:\/\/www.praha7.cz\/api\/wp\/v2\/types\/post"}],"author":[{"embeddable":true,"href":"https:\/\/www.praha7.cz\/api\/wp\/v2\/users\/251"}],"replies":[{"embeddable":true,"href":"https:\/\/www.praha7.cz\/api\/wp\/v2\/comments?post=85894"}],"version-history":[{"count":4,"href":"https:\/\/www.praha7.cz\/api\/wp\/v2\/posts\/85894\/revisions"}],"predecessor-version":[{"id":85934,"href":"https:\/\/www.praha7.cz\/api\/wp\/v2\/posts\/85894\/revisions\/85934"}],"wp:featuredmedia":[{"embeddable":true,"href":"https:\/\/www.praha7.cz\/api\/wp\/v2\/media\/64856"}],"wp:attachment":[{"href":"https:\/\/www.praha7.cz\/api\/wp\/v2\/media?parent=85894"}],"wp:term":[{"taxonomy":"category","embeddable":true,"href":"https:\/\/www.praha7.cz\/api\/wp\/v2\/categories?post=85894"},{"taxonomy":"post_tag","embeddable":true,"href":"https:\/\/www.praha7.cz\/api\/wp\/v2\/tags?post=85894"}],"curies":[{"name":"wp","href":"https:\/\/api.w.org\/{rel}","templated":true}]}}