    
{"id":85821,"date":"2025-07-31T14:54:23","date_gmt":"2025-07-31T12:54:23","guid":{"rendered":"https:\/\/www.praha7.cz\/?p=85821"},"modified":"2025-08-22T14:11:32","modified_gmt":"2025-08-22T12:11:32","slug":"propojeni-letna","status":"publish","type":"post","link":"https:\/\/www.praha7.cz\/propojeni-letna\/","title":{"rendered":"Nov\u00e9 p\u011b\u0161\u00ed propojen\u00ed ulice U&nbsp;Stud\u00e1nky se Stromovkou"},"content":{"rendered":"<p>[perex]<\/p>\r\n<p>Modernizace \u017eelezni\u010dn\u00ed trat\u011b Praha\u2013Kladno a&nbsp;vznik zcela <a href=\"https:\/\/www.praha7.cz\/mame-nejmodernejsi-nadrazi-v-cesku\/\" target=\"_blank\" rel=\"noopener\">nov\u00e9 zast\u00e1vky Praha-V\u00fdstavi\u0161t\u011b<\/a> vn\u00e1\u0161\u00ed do \u00fazem\u00ed Letn\u00e9 nov\u00e9 vazby. V&nbsp;souvislosti s&nbsp;t\u00edm proto vznikne i&nbsp;zcela nov\u00e9 p\u011b\u0161\u00ed propojen\u00ed ulice U&nbsp;Stud\u00e1nky se Stromovkou a&nbsp;n\u00e1stupi\u0161t\u011bm \u017eelezni\u010dn\u00ed zast\u00e1vky. Otev\u0159en\u00ed je pl\u00e1nov\u00e1no na \u0159\u00edjen 2025.<\/p>\r\n<p>[\/perex]<\/p>\r\n<p>Trasov\u00e1n\u00ed t\u00e9to nov\u00e9 uli\u010dky vych\u00e1z\u00ed z&nbsp;pr\u016fb\u011bhu sou\u010dasn\u00e9 are\u00e1lov\u00e9 komunikace vedouc\u00ed mezi z\u00e1kladn\u00ed a&nbsp;mate\u0159skou \u0161kolou, jen je m\u00edrn\u011b upraveno tak, aby p\u0159irozen\u011b navazovalo na ob\u011b historick\u00e9 budovy. Sou\u010dasn\u00e1 vzrostl\u00e1 vegetace bude zachov\u00e1na, z\u00e1rove\u0148 tak\u00e9 vznikne p\u0159ehledn\u00fd, osv\u011btlen\u00fd a&nbsp;snadno udr\u017eovateln\u00fd ve\u0159ejn\u00fd prostor. V&nbsp;p\u0159edpol\u00ed nov\u00e9 l\u00e1vky vedouc\u00ed p\u0159es \u017eeleznici se pak prostor rozev\u0159e, vznikne zde zastaven\u00ed u&nbsp;lampy s&nbsp;pobytov\u00fdm schodi\u0161t\u011bm a&nbsp;v\u00fdhledem na novou estak\u00e1du.<\/p>\r\n<p><a href=\"https:\/\/www.praha7.cz\/wp-content\/uploads\/2025\/07\/pruchod-U-Studanky-Stromovka.jpg\"><img loading=\"lazy\" src=\"https:\/\/www.praha7.cz\/wp-content\/uploads\/2025\/07\/pruchod-U-Studanky-Stromovka-1428x1000.jpg\" alt=\"\" width=\"640\" height=\"448\" class=\"alignnone size-large wp-image-85823\" srcset=\"https:\/\/www.praha7.cz\/wp-content\/uploads\/2025\/07\/pruchod-U-Studanky-Stromovka-1428x1000.jpg 1428w, https:\/\/www.praha7.cz\/wp-content\/uploads\/2025\/07\/pruchod-U-Studanky-Stromovka-571x400.jpg 571w, https:\/\/www.praha7.cz\/wp-content\/uploads\/2025\/07\/pruchod-U-Studanky-Stromovka-768x538.jpg 768w, https:\/\/www.praha7.cz\/wp-content\/uploads\/2025\/07\/pruchod-U-Studanky-Stromovka-1536x1076.jpg 1536w, https:\/\/www.praha7.cz\/wp-content\/uploads\/2025\/07\/pruchod-U-Studanky-Stromovka-2048x1434.jpg 2048w\" sizes=\"(max-width: 640px) 100vw, 640px\" \/><\/a><\/p>\r\n<p>Architektonick\u00e9 \u0159e\u0161en\u00ed: V\u00edt Podr\u00e1sk\u00fd architekti, s. r. o. \/ Ing. arch. V\u00edt Podr\u00e1sk\u00fd, Ing. arch. Jakub Kopeck\u00fd<\/p>\r\n<p>Projektant: Sinpps, s. r. o.<\/p>\r\n<p>&nbsp;<\/p>","protected":false},"excerpt":{"rendered":"[perex] Modernizace \u017eelezni\u010dn\u00ed trat\u011b Praha\u2013Kladno a&nbsp;vznik zcela nov\u00e9 zast\u00e1vky Praha-V\u00fdstavi\u0161t\u011b vn\u00e1\u0161\u00ed do \u00fazem\u00ed Letn\u00e9 nov\u00e9 vazby. V&nbsp;souvislosti s&nbsp;t\u00edm proto vznikne i&nbsp;zcela nov\u00e9 p\u011b\u0161\u00ed propojen\u00ed ulice U&nbsp;Stud\u00e1nky se Stromovkou a&nbsp;n\u00e1stupi\u0161t\u011bm \u017eelezni\u010dn\u00ed zast\u00e1vky. Otev\u0159en\u00ed je pl\u00e1nov\u00e1no na \u0159\u00edjen 2025. [\/perex] Trasov\u00e1n\u00ed t\u00e9to nov\u00e9 uli\u010dky vych\u00e1z\u00ed z&nbsp;pr\u016fb\u011bhu sou\u010dasn\u00e9 are\u00e1lov\u00e9 komunikace vedouc\u00ed mezi z\u00e1kladn\u00ed a&nbsp;mate\u0159skou \u0161kolou, jen je m\u00edrn\u011b [&hellip;]","protected":false},"author":251,"featured_media":85822,"comment_status":"closed","ping_status":"open","sticky":false,"template":"","format":"standard","meta":[],"categories":[34,74],"tags":[119,110],"_links":{"self":[{"href":"https:\/\/www.praha7.cz\/api\/wp\/v2\/posts\/85821"}],"collection":[{"href":"https:\/\/www.praha7.cz\/api\/wp\/v2\/posts"}],"about":[{"href":"https:\/\/www.praha7.cz\/api\/wp\/v2\/types\/post"}],"author":[{"embeddable":true,"href":"https:\/\/www.praha7.cz\/api\/wp\/v2\/users\/251"}],"replies":[{"embeddable":true,"href":"https:\/\/www.praha7.cz\/api\/wp\/v2\/comments?post=85821"}],"version-history":[{"count":8,"href":"https:\/\/www.praha7.cz\/api\/wp\/v2\/posts\/85821\/revisions"}],"predecessor-version":[{"id":85858,"href":"https:\/\/www.praha7.cz\/api\/wp\/v2\/posts\/85821\/revisions\/85858"}],"wp:featuredmedia":[{"embeddable":true,"href":"https:\/\/www.praha7.cz\/api\/wp\/v2\/media\/85822"}],"wp:attachment":[{"href":"https:\/\/www.praha7.cz\/api\/wp\/v2\/media?parent=85821"}],"wp:term":[{"taxonomy":"category","embeddable":true,"href":"https:\/\/www.praha7.cz\/api\/wp\/v2\/categories?post=85821"},{"taxonomy":"post_tag","embeddable":true,"href":"https:\/\/www.praha7.cz\/api\/wp\/v2\/tags?post=85821"}],"curies":[{"name":"wp","href":"https:\/\/api.w.org\/{rel}","templated":true}]}}