    
{"id":85813,"date":"2025-07-31T12:19:06","date_gmt":"2025-07-31T10:19:06","guid":{"rendered":"https:\/\/www.praha7.cz\/?p=85813"},"modified":"2025-08-13T15:18:57","modified_gmt":"2025-08-13T13:18:57","slug":"uprava-plynovodu-na-ortenove-namesti-od-8-do-29-srpna","status":"publish","type":"post","link":"https:\/\/www.praha7.cz\/uprava-plynovodu-na-ortenove-namesti-od-8-do-29-srpna\/","title":{"rendered":"\u00daprava plynovod\u016f na Ortenov\u011b n\u00e1m\u011bst\u00ed od 8.&nbsp;do 29.&nbsp;srpna"},"content":{"rendered":"<p>[perex]<\/p>\r\n<p>Upozor\u0148ujeme, \u017ee z&nbsp;d\u016fvodu rekonstrukce plynovod\u016f bude v&nbsp;term\u00ednu od 8.&nbsp;do 29.&nbsp;srpna 2025 omezen pohyb chodc\u016f i&nbsp;automobil\u016f v\u010detn\u011b parkov\u00e1n\u00ed v&nbsp;\u010d\u00e1sti Ortenova n\u00e1m\u011bst\u00ed mezi ulicemi Vrbensk\u00e9ho a&nbsp;U&nbsp;Uranie (u&nbsp;Z\u0160 TGM). Rekonstrukce \u010d\u00e1ste\u010dn\u011b omez\u00ed i&nbsp;provoz v&nbsp;k\u0159i\u017eovatk\u00e1ch a&nbsp;ul. P\u0159\u00edvozn\u00ed v&nbsp;\u00faseku Ortenovo n\u00e1m\u011bst\u00ed \u2013 U&nbsp;Pergamenky. Pros\u00edme, v\u011bnujte pozornost dopravn\u00edmu zna\u010den\u00ed v&nbsp;m\u00edst\u011b prac\u00ed.\u00a0<\/p>\r\n<p>[\/perex]<\/p>\r\n<p>Rekonstrukce plynovodu jsou doprov\u00e1zeny nutn\u00fdmi dopravn\u00edmi omezen\u00edmi, kter\u00e1 spo\u010d\u00edvaj\u00ed v&nbsp;lok\u00e1ln\u00edch z\u00e1borech komunikac\u00ed, chodn\u00edk\u016f \u010di parkovac\u00edch m\u00edst. Po dobu stavebn\u00edch prac\u00ed dojde k&nbsp;etapovit\u00fdm z\u00e1bor\u016fm j\u00edzdn\u00edch a&nbsp;parkovac\u00edch pruh\u016f. Po celou dobu stavebn\u00edch prac\u00ed bude zachov\u00e1n obousm\u011brn\u00fd pr\u016fjezd. Dojde tak\u00e9 k&nbsp;uzav\u0159en\u00ed p\u0159echod\u016f pro chodce na v\u00fdchodn\u00edm rameni k\u0159i\u017eovatky Ortenovo n\u00e1m\u011bst\u00ed \u00d7 Vrbensk\u00e9ho a&nbsp;z\u00e1padn\u00edm rameni k\u0159i\u017eovatky Ortenovo n\u00e1m\u011bst\u00ed \u00d7 U&nbsp;Uranie. P\u011b\u0161\u00ed vazby jsou zachov\u00e1ny p\u0159es ostatn\u00ed ramena dot\u010den\u00fdch k\u0159i\u017eovatek.<\/p>\r\n<p><strong>V\u00edce na <a href=\"https:\/\/opravujeme.to\/action\/2208\/\" target=\"_blank\" rel=\"noopener\">opravujeme.to<\/a><\/strong><\/p>\r\n<p>D\u011bkujeme za pochopen\u00ed a&nbsp;pros\u00edme, sledujte dopravn\u00ed zna\u010den\u00ed. Stavebn\u00ed \u00fapravy prov\u00e1d\u00ed Pra\u017esk\u00e1 plyn\u00e1rensk\u00e1 Distribuce. Pro p\u0159\u00edpadn\u00e9 dotazy \u010di p\u0159ipom\u00ednky m\u016f\u017eete vyu\u017e\u00edt jejich <a href=\"https:\/\/www.ppdistribuce.cz\/\" target=\"_blank\" rel=\"noopener\">kontaktn\u00ed centrum<\/a>.<\/p>\r\n<p>V pr\u016fb\u011bhu l\u00e9ta doch\u00e1z\u00ed k&nbsp;rekonstrukci plynovod\u016f tak\u00e9 na dal\u0161\u00edch m\u00edstech v&nbsp;Hole\u0161ovic\u00edch. V\u00edce informac\u00ed najdete <a href=\"https:\/\/www.praha7.cz\/rekonstrukce-plynovodu-a-vodovodu-v-holesovicich\/\">zde<\/a>.<\/p>","protected":false},"excerpt":{"rendered":"[perex] Upozor\u0148ujeme, \u017ee z&nbsp;d\u016fvodu rekonstrukce plynovod\u016f bude v&nbsp;term\u00ednu od 8.&nbsp;do 29.&nbsp;srpna 2025 omezen pohyb chodc\u016f i&nbsp;automobil\u016f v\u010detn\u011b parkov\u00e1n\u00ed v&nbsp;\u010d\u00e1sti Ortenova n\u00e1m\u011bst\u00ed mezi ulicemi Vrbensk\u00e9ho a&nbsp;U&nbsp;Uranie (u&nbsp;Z\u0160 TGM). Rekonstrukce \u010d\u00e1ste\u010dn\u011b omez\u00ed i&nbsp;provoz v&nbsp;k\u0159i\u017eovatk\u00e1ch a&nbsp;ul. P\u0159\u00edvozn\u00ed v&nbsp;\u00faseku Ortenovo n\u00e1m\u011bst\u00ed \u2013 U&nbsp;Pergamenky. Pros\u00edme, v\u011bnujte pozornost dopravn\u00edmu zna\u010den\u00ed v&nbsp;m\u00edst\u011b prac\u00ed.\u00a0 [\/perex] Rekonstrukce plynovodu jsou doprov\u00e1zeny nutn\u00fdmi dopravn\u00edmi omezen\u00edmi, kter\u00e1 [&hellip;]","protected":false},"author":251,"featured_media":78019,"comment_status":"closed","ping_status":"open","sticky":false,"template":"","format":"standard","meta":[],"categories":[34],"tags":[57,125],"_links":{"self":[{"href":"https:\/\/www.praha7.cz\/api\/wp\/v2\/posts\/85813"}],"collection":[{"href":"https:\/\/www.praha7.cz\/api\/wp\/v2\/posts"}],"about":[{"href":"https:\/\/www.praha7.cz\/api\/wp\/v2\/types\/post"}],"author":[{"embeddable":true,"href":"https:\/\/www.praha7.cz\/api\/wp\/v2\/users\/251"}],"replies":[{"embeddable":true,"href":"https:\/\/www.praha7.cz\/api\/wp\/v2\/comments?post=85813"}],"version-history":[{"count":11,"href":"https:\/\/www.praha7.cz\/api\/wp\/v2\/posts\/85813\/revisions"}],"predecessor-version":[{"id":85956,"href":"https:\/\/www.praha7.cz\/api\/wp\/v2\/posts\/85813\/revisions\/85956"}],"wp:featuredmedia":[{"embeddable":true,"href":"https:\/\/www.praha7.cz\/api\/wp\/v2\/media\/78019"}],"wp:attachment":[{"href":"https:\/\/www.praha7.cz\/api\/wp\/v2\/media?parent=85813"}],"wp:term":[{"taxonomy":"category","embeddable":true,"href":"https:\/\/www.praha7.cz\/api\/wp\/v2\/categories?post=85813"},{"taxonomy":"post_tag","embeddable":true,"href":"https:\/\/www.praha7.cz\/api\/wp\/v2\/tags?post=85813"}],"curies":[{"name":"wp","href":"https:\/\/api.w.org\/{rel}","templated":true}]}}