    
{"id":85783,"date":"2025-07-30T13:50:34","date_gmt":"2025-07-30T11:50:34","guid":{"rendered":"https:\/\/www.praha7.cz\/?p=85783"},"modified":"2025-08-07T12:49:21","modified_gmt":"2025-08-07T10:49:21","slug":"zabor-jednoho-pruhu-na-trojskem-moste-ve-smeru-do-centra-6-srpna","status":"publish","type":"post","link":"https:\/\/www.praha7.cz\/zabor-jednoho-pruhu-na-trojskem-moste-ve-smeru-do-centra-6-srpna\/","title":{"rendered":"Z\u00e1bor jednoho pruhu na Trojsk\u00e9m most\u011b ve sm\u011bru do centra 6.&nbsp;srpna"},"content":{"rendered":"<p>[perex]<\/p>\r\n<p>Upozor\u0148ujeme \u0159idi\u010de, \u017ee z&nbsp;d\u016fvodu v\u00fdm\u011bny vozovkov\u00fdch sond na Trojsk\u00e9m most\u011b bude ve st\u0159edu 6.&nbsp;srpna 2025 uzav\u0159en lev\u00fd j\u00edzdn\u00ed pruh ve sm\u011bru do centra. Pr\u016fjezd bude umo\u017en\u011bn zbyl\u00fdmi j\u00edzdn\u00edmi pruhy.\u00a0<\/p>\r\n<p>[\/perex]<\/p>","protected":false},"excerpt":{"rendered":"[perex] Upozor\u0148ujeme \u0159idi\u010de, \u017ee z&nbsp;d\u016fvodu v\u00fdm\u011bny vozovkov\u00fdch sond na Trojsk\u00e9m most\u011b bude ve st\u0159edu 6.&nbsp;srpna 2025 uzav\u0159en lev\u00fd j\u00edzdn\u00ed pruh ve sm\u011bru do centra. Pr\u016fjezd bude umo\u017en\u011bn zbyl\u00fdmi j\u00edzdn\u00edmi pruhy.\u00a0 [\/perex]","protected":false},"author":251,"featured_media":84402,"comment_status":"closed","ping_status":"open","sticky":false,"template":"","format":"standard","meta":[],"categories":[34],"tags":[57],"_links":{"self":[{"href":"https:\/\/www.praha7.cz\/api\/wp\/v2\/posts\/85783"}],"collection":[{"href":"https:\/\/www.praha7.cz\/api\/wp\/v2\/posts"}],"about":[{"href":"https:\/\/www.praha7.cz\/api\/wp\/v2\/types\/post"}],"author":[{"embeddable":true,"href":"https:\/\/www.praha7.cz\/api\/wp\/v2\/users\/251"}],"replies":[{"embeddable":true,"href":"https:\/\/www.praha7.cz\/api\/wp\/v2\/comments?post=85783"}],"version-history":[{"count":1,"href":"https:\/\/www.praha7.cz\/api\/wp\/v2\/posts\/85783\/revisions"}],"predecessor-version":[{"id":85784,"href":"https:\/\/www.praha7.cz\/api\/wp\/v2\/posts\/85783\/revisions\/85784"}],"wp:featuredmedia":[{"embeddable":true,"href":"https:\/\/www.praha7.cz\/api\/wp\/v2\/media\/84402"}],"wp:attachment":[{"href":"https:\/\/www.praha7.cz\/api\/wp\/v2\/media?parent=85783"}],"wp:term":[{"taxonomy":"category","embeddable":true,"href":"https:\/\/www.praha7.cz\/api\/wp\/v2\/categories?post=85783"},{"taxonomy":"post_tag","embeddable":true,"href":"https:\/\/www.praha7.cz\/api\/wp\/v2\/tags?post=85783"}],"curies":[{"name":"wp","href":"https:\/\/api.w.org\/{rel}","templated":true}]}}