    
{"id":85776,"date":"2025-07-30T12:47:28","date_gmt":"2025-07-30T10:47:28","guid":{"rendered":"https:\/\/www.praha7.cz\/?p=85776"},"modified":"2025-07-30T12:47:28","modified_gmt":"2025-07-30T10:47:28","slug":"vystava-byla-to-jatka-na-strese-nzm","status":"publish","type":"post","link":"https:\/\/www.praha7.cz\/vystava-byla-to-jatka-na-strese-nzm\/","title":{"rendered":"V\u00fdstava Byla to jatka na st\u0159e\u0161e NZM"},"content":{"rendered":"<p>[perex]<\/p>\r\n<p>Na st\u0159e\u0161e N\u00e1rodn\u00edho zem\u011bd\u011blsk\u00e9ho muzea si m\u016f\u017eete a\u017e do 1.&nbsp;b\u0159ezna 2026 prohl\u00e9dnout panelovou v\u00fdstavu, kter\u00e1 mapuje 130 let historie are\u00e1lu b\u00fdval\u00fdch pra\u017esk\u00fdch \u00dast\u0159edn\u00edch jatek \u2013 m\u00edsta, kter\u00e9 se v&nbsp;80.&nbsp;letech prom\u011bnilo v&nbsp;tr\u017enici a&nbsp;dnes se znovu rod\u00ed jako kulturn\u011b-gastronomick\u00e9 centrum.\u00a0<\/p>\r\n<p>[\/perex]<\/p>\r\n<h3><a href=\"https:\/\/www.nzm.cz\/aktualne-v-muzeu\/vystavy\/vystava-byla-to-jatka\" target=\"_blank\" rel=\"noopener\">Vstupn\u00e9 a&nbsp;dal\u0161\u00ed informace<\/a><\/h3>\r\n<p>V\u00fdstava p\u0159ipom\u00edn\u00e1 i&nbsp;dal\u0161\u00ed m\u00edsta, kde se v&nbsp;Praze zpracov\u00e1valo maso \u2013 nap\u0159\u00edklad z\u00e1vody Zvona\u0159ka, Lond\u00fdnsk\u00e1 nebo masokombin\u00e1ty v&nbsp;P\u00edsnici a&nbsp;\u010cakovic\u00edch.<br \/>\r\n<br \/>\r\n<\/p>","protected":false},"excerpt":{"rendered":"[perex] Na st\u0159e\u0161e N\u00e1rodn\u00edho zem\u011bd\u011blsk\u00e9ho muzea si m\u016f\u017eete a\u017e do 1.&nbsp;b\u0159ezna 2026 prohl\u00e9dnout panelovou v\u00fdstavu, kter\u00e1 mapuje 130 let historie are\u00e1lu b\u00fdval\u00fdch pra\u017esk\u00fdch \u00dast\u0159edn\u00edch jatek \u2013 m\u00edsta, kter\u00e9 se v&nbsp;80.&nbsp;letech prom\u011bnilo v&nbsp;tr\u017enici a&nbsp;dnes se znovu rod\u00ed jako kulturn\u011b-gastronomick\u00e9 centrum.\u00a0 [\/perex] Vstupn\u00e9 a&nbsp;dal\u0161\u00ed informace V\u00fdstava p\u0159ipom\u00edn\u00e1 i&nbsp;dal\u0161\u00ed m\u00edsta, kde se v&nbsp;Praze zpracov\u00e1valo maso \u2013 nap\u0159\u00edklad z\u00e1vody [&hellip;]","protected":false},"author":251,"featured_media":85777,"comment_status":"closed","ping_status":"open","sticky":false,"template":"","format":"standard","meta":[],"categories":[34],"tags":[110],"_links":{"self":[{"href":"https:\/\/www.praha7.cz\/api\/wp\/v2\/posts\/85776"}],"collection":[{"href":"https:\/\/www.praha7.cz\/api\/wp\/v2\/posts"}],"about":[{"href":"https:\/\/www.praha7.cz\/api\/wp\/v2\/types\/post"}],"author":[{"embeddable":true,"href":"https:\/\/www.praha7.cz\/api\/wp\/v2\/users\/251"}],"replies":[{"embeddable":true,"href":"https:\/\/www.praha7.cz\/api\/wp\/v2\/comments?post=85776"}],"version-history":[{"count":1,"href":"https:\/\/www.praha7.cz\/api\/wp\/v2\/posts\/85776\/revisions"}],"predecessor-version":[{"id":85778,"href":"https:\/\/www.praha7.cz\/api\/wp\/v2\/posts\/85776\/revisions\/85778"}],"wp:featuredmedia":[{"embeddable":true,"href":"https:\/\/www.praha7.cz\/api\/wp\/v2\/media\/85777"}],"wp:attachment":[{"href":"https:\/\/www.praha7.cz\/api\/wp\/v2\/media?parent=85776"}],"wp:term":[{"taxonomy":"category","embeddable":true,"href":"https:\/\/www.praha7.cz\/api\/wp\/v2\/categories?post=85776"},{"taxonomy":"post_tag","embeddable":true,"href":"https:\/\/www.praha7.cz\/api\/wp\/v2\/tags?post=85776"}],"curies":[{"name":"wp","href":"https:\/\/api.w.org\/{rel}","templated":true}]}}