    
{"id":85770,"date":"2025-07-30T12:36:50","date_gmt":"2025-07-30T10:36:50","guid":{"rendered":"https:\/\/www.praha7.cz\/?p=85770"},"modified":"2025-08-06T13:34:44","modified_gmt":"2025-08-06T11:34:44","slug":"hledate-poutavou-praci-na-zivnostenskem-urade","status":"publish","type":"post","link":"https:\/\/www.praha7.cz\/hledate-poutavou-praci-na-zivnostenskem-urade\/","title":{"rendered":"Hled\u00e1te poutavou pr\u00e1ci na \u017eivnostensk\u00e9m \u00fa\u0159ad\u011b?"},"content":{"rendered":"<p>[perex]<\/p>\r\n<p>\u00da\u0159ad Prahy&nbsp;7 p\u0159ijme do sv\u00e9ho t\u00fdmu kolegu\/kolegyni na pozici referent\/ka odd\u011blen\u00ed registra\u010dn\u00edho v&nbsp;\u017eivnostensk\u00e9m odboru. Vyzn\u00e1te se v\u00a0\u017eivnostensk\u00e9m podnik\u00e1n\u00ed? Neztrat\u00edte se v\u00a0z\u00e1konech a\u00a0p\u0159edpisech a\u00a0um\u00edte jednat s\u00a0lidmi? M\u00e1te z\u00e1jem pracovat v\u00a0dynamicky se rozv\u00edjej\u00edc\u00ed m\u011bstsk\u00e9 \u010d\u00e1sti pro \u00fa\u0159ad s\u00a0tak trochu jin\u00fdm p\u0159\u00edstupem? Nev\u00e1hejte a\u00a0p\u0159ihlaste se do na\u0161eho v\u00fdb\u011brov\u00e9ho \u0159\u00edzen\u00ed.<\/p>\r\n<p>[\/perex]<\/p>\r\n<h3>Co u&nbsp;n\u00e1s budete d\u011blat?<\/h3>\r\n<p>Budete vyd\u00e1vat \u017eivnostensk\u00e1 opr\u00e1vn\u011bn\u00ed pro \u017eivnosti ohla\u0161ovac\u00ed a\u00a0koncesovan\u00e9, prov\u00e1d\u011bt zm\u011bny v\u00a0\u017eivnostensk\u00fdch opr\u00e1vn\u011bn\u00edch, ru\u0161it \u017eivnostensk\u00e1 opr\u00e1vn\u011bn\u00ed na \u017e\u00e1dost podnikatel\u016f, vyd\u00e1vat v\u00fdpisy z\u00a0\u017eivnostensk\u00e9ho rejst\u0159\u00edku, v\u00e9st spr\u00e1vn\u00ed \u0159\u00edzen\u00ed a\u00a0vyd\u00e1vat rozhodnut\u00ed v\u00a0prvn\u00edm stupni spr\u00e1vn\u00edho \u0159\u00edzen\u00ed na \u00faseku registra\u010dn\u00edm.<\/p>\r\n<p>&nbsp;<\/p>\r\n<h3>Co od v\u00e1s o\u010dek\u00e1v\u00e1me?<\/h3>\r\n<ul>\r\n\t<li>vysoko\u0161kolsk\u00e9 vzd\u011bl\u00e1n\u00ed v&nbsp;bakal\u00e1\u0159sk\u00e9m studijn\u00edm programu nebo vy\u0161\u0161\u00ed odborn\u00e9 vzd\u011bl\u00e1n\u00ed<\/li>\r\n\t<li>z\u00e1kon \u010d. 455\/1991 Sb., o&nbsp;\u017eivnostensk\u00e9m podnik\u00e1n\u00ed (\u017eivnostensk\u00fd z\u00e1kon) ve zn\u011bn\u00ed p. p. v\u00fdhodou<\/li>\r\n\t<li>z\u00e1kon \u010d. 500\/2004 Sb., spr\u00e1vn\u00ed \u0159\u00e1d ve zn\u011bn\u00ed p. p. v\u00fdhodou<\/li>\r\n\t<li>znalost sv\u011btov\u00e9ho jazyka v\u00fdhodou<\/li>\r\n\t<li>zkou\u0161ka zvl\u00e1\u0161tn\u00ed odborn\u00e9 zp\u016fsobilosti podle vyhl\u00e1\u0161ky 512\/2002 Sb. v\u00fdhodou<\/li>\r\n\t<li>znalost pr\u00e1ce na PC (MS Word, MS Excel, MS Outlook, internet)<\/li>\r\n\t<li>organiza\u010dn\u00ed a&nbsp;komunika\u010dn\u00ed schopnosti<\/li>\r\n\t<li>pe\u010dlivost a&nbsp;samostatnost<\/li>\r\n\t<li>dobr\u00e9 vyjad\u0159ovac\u00ed schopnosti v&nbsp;mluven\u00e9m i&nbsp;p\u00edsemn\u00e9m projevu<\/li>\r\n<\/ul>\r\n<h3><\/h3>\r\n<h3>Co v\u00e1m nab\u00edz\u00edme?<\/h3>\r\n<p>Pracovn\u00ed pom\u011br na dobu neur\u010ditou. N\u00e1stupn\u00ed plat v&nbsp;10.&nbsp;platov\u00e9 t\u0159\u00edd\u011b s&nbsp;mo\u017enost\u00ed postupn\u00e9ho p\u0159izn\u00e1n\u00ed osobn\u00edho p\u0159\u00edplatku. Stravenkovou kartu, p\u0159\u00edsp\u011bvek na stravn\u00e9 a&nbsp;volno\u010dasov\u00e9 aktivity, p\u0159\u00edsp\u011bvek na d\u011btskou rekreaci, kurzy angli\u010dtiny v&nbsp;r\u00e1mci zam\u011bstn\u00e1n\u00ed, mo\u017enost dal\u0161\u00edho vzd\u011bl\u00e1v\u00e1n\u00ed, slu\u017eebn\u00ed mobil. Pru\u017en\u00e1 pracovn\u00ed doba, po zapracov\u00e1n\u00ed a\u017e t\u00fdden home office v&nbsp;m\u011bs\u00edci.\u00a0<\/p>\r\n<table width=\"1109\" height=\"217\" style=\"color: black !important; font-weight: normal !important;\">\r\n<tbody>\r\n<tr>\r\n<td style=\"height: 0px; text-align: center;\"><\/td>\r\n<td style=\"height: 0px; text-align: center;\"><\/td>\r\n<td style=\"height: 0px; text-align: center;\"><\/td>\r\n<\/tr>\r\n<tr>\r\n<td style=\"width: 361px; text-align: center;\">\r\n<p><img loading=\"lazy\" src=\"https:\/\/www.praha7.cz\/wp-content\/uploads\/2018\/11\/rust.jpg\" alt=\"\" width=\"99\" height=\"96\" class=\"alignnone size-full wp-image-21382\" \/><\/p>\r\n<span style=\"font-weight: normal !important; color: black !important;\">Platov\u00e9 ohodnocen\u00ed, kter\u00e9 roste spolu s&nbsp;v\u00e1mi.<\/span><\/td>\r\n<td style=\"width: 363px; text-align: center;\">\r\n<p><img loading=\"lazy\" src=\"https:\/\/www.praha7.cz\/wp-content\/uploads\/2018\/11\/benefit.jpg\" alt=\"\" width=\"99\" height=\"96\" class=\"alignnone size-full wp-image-21381\" \/><\/p>\r\n<span style=\"font-weight: normal !important; color: black !important;\">\u0160irokou \u0161k\u00e1lu benefit\u016f, kter\u00e9 p\u0159ich\u00e1zej\u00ed <br \/>\r\nve spr\u00e1vn\u00fd \u010das, nap\u0159. p\u0159\u00edsp\u011bvek na penzijn\u00ed poji\u0161t\u011bn\u00ed.<\/span><\/td>\r\n<td style=\"width: 363px; text-align: center;\">\r\n<p><img loading=\"lazy\" src=\"https:\/\/www.praha7.cz\/wp-content\/uploads\/2018\/11\/dovolena.jpg\" alt=\"\" width=\"99\" height=\"96\" class=\"alignnone size-full wp-image-21383\" \/><\/p>\r\n<span style=\"font-weight: normal !important; color: black !important;\">P\u011bt t\u00fddn\u016f dovolen\u00e9, na kterou <br \/>\r\nnebudete cht\u00edt odjet, a&nbsp;p\u011bt dn\u016f <br \/>\r\nindispozi\u010dn\u00edho volna.<\/span><\/td>\r\n<\/tr>\r\n<tr>\r\n<td style=\"width: 361px; text-align: center;\">\r\n<p><img loading=\"lazy\" src=\"https:\/\/www.praha7.cz\/wp-content\/uploads\/2018\/11\/vzdelavani.jpg\" alt=\"\" width=\"142\" height=\"96\" class=\"alignnone size-full wp-image-21384\" \/><\/p>\r\n<span style=\"font-weight: normal !important; color: black !important;\">Mo\u017enost dal\u0161\u00edho vzd\u011bl\u00e1v\u00e1n\u00ed, abyste se <br \/>\r\nve sv\u011bt\u011b neztratili.<\/span><\/td>\r\n<td style=\"width: 363px; text-align: center;\">\r\n<p><img loading=\"lazy\" src=\"https:\/\/www.praha7.cz\/wp-content\/uploads\/2018\/11\/inspirace.jpg\" alt=\"\" width=\"99\" height=\"96\" class=\"alignnone size-full wp-image-21385\" \/><\/p>\r\n<span style=\"font-weight: normal !important; color: black !important;\">Pr\u00e1ci v&nbsp;inspirativn\u00edm kolektivu, kde se <br \/>\r\np\u0159ed n\u00e1pady nezav\u00edraj\u00ed o\u010di.<\/span><\/td>\r\n<td style=\"width: 363px; text-align: center;\">\r\n<p><img loading=\"lazy\" src=\"https:\/\/www.praha7.cz\/wp-content\/uploads\/2018\/11\/perspektiva.jpg\" alt=\"\" width=\"99\" height=\"96\" class=\"alignnone size-full wp-image-21386\" \/><\/p>\r\n<span style=\"font-weight: normal !important; color: black !important;\">Perspektivn\u00ed zam\u011bstn\u00e1n\u00ed, kde pom\u00e1h\u00e1te <br \/>\r\nm\u011bnit sv\u011bt kolem sebe.<\/span><\/td>\r\n<\/tr>\r\n<\/tbody>\r\n<\/table>\r\n<p>&nbsp;<\/p>\r\n<h3>Jak se k\u00a0n\u00e1m dostanete?<\/h3>\r\n<p>P\u0159ihl\u00e1\u0161ku a&nbsp;souhlas se zpracov\u00e1n\u00edm osobn\u00edch \u00fadaj\u016f v\u010detn\u011b strukturovan\u00e9ho profesn\u00edho \u017eivotopisu, v\u00fdpisu z&nbsp;evidence Rejst\u0159\u00edku trest\u016f ne star\u0161\u00ed ne\u017e t\u0159i m\u011bs\u00edce (p\u0159i pod\u00e1n\u00ed p\u0159ihl\u00e1\u0161ky nahradit \u010destn\u00fdm prohl\u00e1\u0161en\u00edm o&nbsp;bez\u00fahonnosti) a&nbsp;ov\u011b\u0159enou kopii dokladu o&nbsp;nejvy\u0161\u0161\u00edm dosa\u017een\u00e9m vzd\u011bl\u00e1n\u00ed (p\u0159i pod\u00e1n\u00ed p\u0159ihl\u00e1\u0161ky lze p\u0159ipojit v&nbsp;prost\u00e9 kopii) je mo\u017en\u00e9 osobn\u011b doru\u010dit v&nbsp;\u00fa\u0159edn\u00edch hodin\u00e1ch do podatelny \u00da\u0159adu M\u010c Praha&nbsp;7 nebo zaslat na n\u00ed\u017ee uvedenou adresu <span style=\"color: #ff0000;\"><strong>nejpozd\u011bji do 25.&nbsp;srpna 2025<\/strong><\/span>. Ob\u00e1lku ozna\u010dte slovy: Referent odd\u011blen\u00ed registra\u010dn\u00edho (O\u017dV).<\/p>\r\n<p>&nbsp;<\/p>\r\n<p><strong>Vznik pracovn\u00edho pom\u011bru 1.&nbsp;z\u00e1\u0159\u00ed 2025.<\/strong><\/p>\r\n<p>&nbsp;<\/p>\r\n<p><strong>Formul\u00e1\u0159 ke sta\u017een\u00ed<\/strong><\/p>\r\n<p><a href=\"https:\/\/www.praha7.cz\/wp-content\/uploads\/2024\/11\/OPC-01-f02_Prihlaska_do_vyberoveho_poptavkoveho_rizeni_souhlas.pdf\">P\u0159ihl\u00e1\u0161ka a&nbsp;souhlas se zpracov\u00e1n\u00edm osobn\u00edch \u00fadaj\u016f<\/a><\/p>\r\n<p>&nbsp;<\/p>\r\n<p><em>M\u011bstsk\u00e1 \u010d\u00e1st Praha&nbsp;7<\/em><\/p>\r\n<p><em>\u00da\u0159ad m\u011bstsk\u00e9 \u010d\u00e1sti Praha&nbsp;7<\/em><\/p>\r\n<p><em>Odbor person\u00e1ln\u00edch \u010dinnost\u00ed<\/em><\/p>\r\n<p><em>U Pr\u016fhonu 1338\/38<\/em><\/p>\r\n<p><em>170&nbsp;00 Praha&nbsp;7<\/em><\/p>\r\n<p>&nbsp;<\/p>\r\n<p><strong>Ve\u0161ker\u00e9 pot\u0159ebn\u00e9 informace pro p\u0159ihl\u00e1\u0161en\u00ed do v\u00fdb\u011brov\u00e9ho \u0159\u00edzen\u00ed naleznete <a href=\"https:\/\/www.praha7.cz\/wp-content\/uploads\/2025\/07\/SU_dopr.staveb_II._-_prodl.pdf\">zde<\/a>.<\/strong><\/p>","protected":false},"excerpt":{"rendered":"[perex] \u00da\u0159ad Prahy&nbsp;7 p\u0159ijme do sv\u00e9ho t\u00fdmu kolegu\/kolegyni na pozici referent\/ka odd\u011blen\u00ed registra\u010dn\u00edho v&nbsp;\u017eivnostensk\u00e9m odboru. Vyzn\u00e1te se v\u00a0\u017eivnostensk\u00e9m podnik\u00e1n\u00ed? Neztrat\u00edte se v\u00a0z\u00e1konech a\u00a0p\u0159edpisech a\u00a0um\u00edte jednat s\u00a0lidmi? M\u00e1te z\u00e1jem pracovat v\u00a0dynamicky se rozv\u00edjej\u00edc\u00ed m\u011bstsk\u00e9 \u010d\u00e1sti pro \u00fa\u0159ad s\u00a0tak trochu jin\u00fdm p\u0159\u00edstupem? Nev\u00e1hejte a\u00a0p\u0159ihlaste se do na\u0161eho v\u00fdb\u011brov\u00e9ho \u0159\u00edzen\u00ed. [\/perex] Co u&nbsp;n\u00e1s budete d\u011blat? Budete vyd\u00e1vat \u017eivnostensk\u00e1 [&hellip;]","protected":false},"author":251,"featured_media":28831,"comment_status":"closed","ping_status":"open","sticky":false,"template":"","format":"standard","meta":[],"categories":[34],"tags":[118],"_links":{"self":[{"href":"https:\/\/www.praha7.cz\/api\/wp\/v2\/posts\/85770"}],"collection":[{"href":"https:\/\/www.praha7.cz\/api\/wp\/v2\/posts"}],"about":[{"href":"https:\/\/www.praha7.cz\/api\/wp\/v2\/types\/post"}],"author":[{"embeddable":true,"href":"https:\/\/www.praha7.cz\/api\/wp\/v2\/users\/251"}],"replies":[{"embeddable":true,"href":"https:\/\/www.praha7.cz\/api\/wp\/v2\/comments?post=85770"}],"version-history":[{"count":2,"href":"https:\/\/www.praha7.cz\/api\/wp\/v2\/posts\/85770\/revisions"}],"predecessor-version":[{"id":85931,"href":"https:\/\/www.praha7.cz\/api\/wp\/v2\/posts\/85770\/revisions\/85931"}],"wp:featuredmedia":[{"embeddable":true,"href":"https:\/\/www.praha7.cz\/api\/wp\/v2\/media\/28831"}],"wp:attachment":[{"href":"https:\/\/www.praha7.cz\/api\/wp\/v2\/media?parent=85770"}],"wp:term":[{"taxonomy":"category","embeddable":true,"href":"https:\/\/www.praha7.cz\/api\/wp\/v2\/categories?post=85770"},{"taxonomy":"post_tag","embeddable":true,"href":"https:\/\/www.praha7.cz\/api\/wp\/v2\/tags?post=85770"}],"curies":[{"name":"wp","href":"https:\/\/api.w.org\/{rel}","templated":true}]}}