    
{"id":85743,"date":"2025-07-29T16:20:54","date_gmt":"2025-07-29T14:20:54","guid":{"rendered":"https:\/\/www.praha7.cz\/?p=85743"},"modified":"2025-07-29T16:20:54","modified_gmt":"2025-07-29T14:20:54","slug":"poselstvi-zapsana-v-letokruzich","status":"publish","type":"post","link":"https:\/\/www.praha7.cz\/poselstvi-zapsana-v-letokruzich\/","title":{"rendered":"Poselstv\u00ed zapsan\u00e1 v&nbsp;letokruz\u00edch"},"content":{"rendered":"<p>[perex]<\/p>\r\n<p>V d\u00e1vn\u00fdch dob\u00e1ch byly stromy siln\u011bj\u0161\u00ed ne\u017e lid\u00e9. Kv\u016fli nejr\u016fzn\u011bj\u0161\u00edm vyn\u00e1lez\u016fm a&nbsp;schopnosti \u010dlov\u011bka to dnes ji\u017e neplat\u00ed. N\u011bkter\u00e9 stromy v\u0161ak st\u00e1le \u017eij\u00ed d\u00e9le ne\u017e cel\u00e9 generace lidsk\u00fdch obyvatel zem\u011b \u2013 od sv\u00e9ho po\u010d\u00e1tku rostou na stejn\u00e9m m\u00edst\u011b a&nbsp;pozoruj\u00ed, jak se sv\u011bt kolem nich m\u011bn\u00ed. N\u011bkte\u0159\u00ed jedinci n\u00e1s upoutaj\u00ed svoj\u00ed velikost\u00ed a&nbsp;vzr\u016fstem, jin\u00ed na n\u00e1s mohou d\u00fdchnout histori\u00ed a&nbsp;sv\u00fdm poselstv\u00edm. Poslouch\u00e1 je dnes v\u016fbec je\u0161t\u011b n\u011bkdo a\u00a0pro\u010d je d\u016fle\u017eit\u00e9 o\u00a0n\u011b pe\u010dovat? Zveme v\u00e1s na v\u00fdpravu za \u017eiv\u00fdmi posly minulosti a\u00a0d\u00e1rci st\u00ednu.<br \/>\r\n<br \/>\r\n[\/perex]<\/p>\r\n<p>Zastavme se na chvilku v&nbsp;nep\u0159\u00edli\u0161 p\u0159\u00edjemn\u00e9m prost\u0159ed\u00ed za prosklenou kostkou jednoho fastfoodov\u00e9ho \u0159et\u011bzce u&nbsp;stanice metra N\u00e1dra\u017e\u00ed Hole\u0161ovice. Pr\u00e1v\u011b zde roste doslova hrdina, star\u00fd jilm vaz s&nbsp;\u0161iroce rozlo\u017eitou korunou. V&nbsp;minulosti m\u011bl v\u0161e, co pot\u0159eboval. Jak se ale m\u011bsto roz\u0161i\u0159ovalo a&nbsp;houstlo, \u201eza\u010daly l\u00e9tat t\u0159\u00edsky\u201c. N\u00e1\u0161 velik\u00e1n je dnes \u017eivou p\u0159ipom\u00ednkou n\u011bkdej\u0161\u00edch star\u00fdch Hole\u0161ovic, \u010dtvrti Z\u00e1tory, kter\u00e1 byla zbour\u00e1na v&nbsp;roce 1978, aby uvolnila prostor pro vybudov\u00e1n\u00ed stanice metra, autobusov\u00e9ho termin\u00e1lu a&nbsp;vlakov\u00e9 stanice. Strom byl v&nbsp;minulosti sou\u010d\u00e1st\u00ed aleje, kter\u00e1 vedla ulic\u00ed Na Z\u00e1tor\u00e1ch a&nbsp;je\u017e spole\u010dn\u011b s&nbsp;p\u016fvodn\u00edmi domy vzala za sv\u00e9. Dnes zde osamocen\u00fd hrdina tvo\u0159\u00ed skute\u010dnou krajinnou dominantu. Jeho st\u00e1\u0159\u00ed je odhadov\u00e1no na 190 let a&nbsp;obvod kmene m\u011b\u0159\u00ed v\u00edce ne\u017e 260 centimetr\u016f. Pro sv\u00e9 poselstv\u00ed by si zaslou\u017eil \u00fapravu sv\u00e9ho okol\u00ed tak, aby mohl p\u0159ipom\u00ednat sv\u016fj odkaz mnoho dal\u0161\u00edch des\u00edtek let. N\u00e1\u0161 jilm je na\u0161t\u011bst\u00ed hou\u017eevnat\u00fd, a&nbsp;tak st\u00e1le roste d\u00e1l, i&nbsp;proto, \u017ee mu dostate\u010dnou vl\u00e1hu zaji\u0161\u0165uje nedalek\u00e1 Vltava. Nem\u016f\u017ee se p\u0159em\u00edstit, i&nbsp;kdy\u017e by to ur\u010dit\u011b s&nbsp;chut\u00ed ud\u011blal. Je odk\u00e1z\u00e1n na sv\u00e9 p\u016fvodn\u00ed m\u00edsto. N\u011bkter\u00fdm p\u0159ek\u00e1\u017e\u00ed v&nbsp;cest\u011b, jin\u00ed obdivuj\u00ed jeho kr\u00e1su nebo se ukr\u00fdvaj\u00ed v&nbsp;jeho st\u00ednu. Civiliza\u010dn\u00edmu tlaku odolal pravd\u011bpodobn\u011b i&nbsp;d\u00edky \u0161t\u011bst\u00ed, a&nbsp;v&nbsp;roce 2014 se tak mohl st\u00e1t sou\u010d\u00e1st\u00ed datab\u00e1ze v\u00fdznamn\u00fdch strom\u016f.<\/p>\r\n<p><strong>Kdy\u017e lid\u00e9 poznaj\u00ed hodnotu stromu, v\u00e1\u017e\u00ed si v\u00edc i\u00a0jeho okol\u00ed<br \/>\r\n<\/strong>V\u00fdznamn\u00e9 stromy jsou sou\u010d\u00e1st\u00ed na\u0161eho \u017eivota. Mnoz\u00ed z&nbsp;n\u00e1s m\u00e1me \u201esv\u016fj\u201c strom nebo stromy, je\u017e jsou pro n\u00e1s z&nbsp;r\u016fzn\u00fdch d\u016fvod\u016f d\u016fle\u017eit\u00e9. I&nbsp;ony maj\u00ed sv\u00e9 \u017eivotn\u00ed osudy, podobn\u011b jako lid\u00e9. Mo\u017en\u00e1 pr\u00e1v\u011b proto, \u017ee m\u016f\u017eeme s&nbsp;n\u011bkter\u00fdmi sd\u00edlet vlastn\u00ed \u017eivotn\u00ed p\u0159\u00edb\u011bh, jsou stromy pro n\u00e1\u0161 \u017eivot v\u00fdznamn\u00e9 v&nbsp;prav\u00e9m smyslu tohoto siln\u00e9ho slova. \u201eI v&nbsp;Praze rostou v\u00fdjime\u010dn\u00e9 stromy, kter\u00e9 si zaslou\u017e\u00ed pozornost, \u00factu a&nbsp;ochranu,\u201c \u0159\u00edk\u00e1 dendrolog Ale\u0161 Rudl a&nbsp;pokra\u010duje: \u201eN\u011bkter\u00e9 jsou mimo\u0159\u00e1dn\u00e9 sv\u00fdm vzr\u016fstem a&nbsp;v\u011bkem, jin\u00e9 nesou kulturn\u011b historick\u00e9 poselstv\u00ed \u010di jsou zaj\u00edmav\u00fdmi dendrologick\u00fdmi druhy.\u201c<\/p>\r\n<p>Stromy, kter\u00e9 s\u00a0n\u00e1mi \u017eij\u00ed ve m\u011bstech, nejsou jenom d\u016fle\u017eitou vegeta\u010dn\u00ed slo\u017ekou. O\u00a0v\u00fdznamu a\u00a0pot\u0159ebnosti zelen\u011b pro obyvatele m\u011bst nen\u00ed pochyb. Ka\u017ed\u00e9ho z\u00a0n\u00e1s pot\u011b\u0161\u00ed prvn\u00ed jarn\u00ed \u0161evelen\u00ed \u010derstv\u00fdch l\u00edste\u010dk\u016f, kter\u00e9 n\u00e1m \u0159\u00edk\u00e1, \u017ee za\u010d\u00edn\u00e1 nov\u00fd \u017eivot a\u00a0obdob\u00ed r\u016fstu. V\u00a0parn\u00e9m l\u00e9t\u011b se r\u00e1di zastav\u00edme v\u00a0p\u0159\u00edjemn\u00e9m st\u00ednu a\u00a0chl\u00e1dku mohutn\u00e9ho stromu. Na podzim zase obdivujeme barv\u00edc\u00ed se listy a\u00a0v\u00a0zim\u011b si prohl\u00ed\u017e\u00edme architekturu koruny stromu.<\/p>\r\n<p><strong>I\u00a0stromy maj\u00ed m\u011b\u0159\u00edtka sv\u00e9 existence<br \/>\r\n<\/strong>D\u0159eviny ale ve m\u011bst\u011b nemaj\u00ed p\u0159\u00edhodn\u00e9 podm\u00ednky. Pokud by stromy m\u011bly nohy, hned by z&nbsp;m\u011bsta utekly. Urbanizovan\u00e9 prost\u0159ed\u00ed jim p\u0159in\u00e1\u0161\u00ed mnoho stresu, nap\u0159\u00edklad nedostatek vody, nedostatek p\u016fdn\u00edho vzduchu (vlivem zhutn\u011bn\u00ed), skladba p\u016fdy a&nbsp;jej\u00ed pH, kontaminace p\u016fdy (zejm\u00e9na zasolen\u00ed, ps\u00ed v\u00fdkaly), klimatick\u00e9 pom\u011bry, zne\u010di\u0161t\u011bn\u00ed vzduchu a&nbsp;v&nbsp;neposledn\u00ed \u0159ad\u011b vandalismus a&nbsp;dal\u0161\u00ed vlivy. \u201eVegetace ve m\u011bst\u011b bychom si m\u011bli velice v\u00e1\u017eit a&nbsp;sna\u017eit se j\u00ed vylep\u0161ovat p\u0159\u00edrodn\u00ed podm\u00ednky pro zd\u00e1rn\u00fd r\u016fst. Ostatn\u011b p\u00e9\u010de o\u00a0zele\u0148 je vizitkou ka\u017ed\u00e9 obce,\u201c zd\u016fraz\u0148uje Ale\u0161 Rudl.<\/p>\r\n<p><strong>Pam\u00e1tn\u00e9 a\u00a0v\u00fdznamn\u00e9 stromy<br \/>\r\n<\/strong>Mnoh\u00e9 stromy maj\u00ed v&nbsp;letokruz\u00edch zapsan\u00e1 d\u016fle\u017eit\u00e1 poselstv\u00ed. \u201ePam\u00e1tn\u00e9 stromy jsou mimo\u0159\u00e1dn\u011b v\u00fdznamn\u00e9 stromy, kter\u00e9 vyhla\u0161uj\u00ed p\u0159\u00edslu\u0161n\u00e9 org\u00e1ny ochrany p\u0159\u00edrody \u2013 v&nbsp;Praze magistr\u00e1t. Stromy pot\u00e9 maj\u00ed zvl\u00e1\u0161tn\u00ed z\u00e1konnou ochranu. V\u00fdznamn\u00e9 stromy jsou dal\u0161\u00ed pozoruhodn\u00e9 d\u0159eviny, kter\u00e9 sv\u00fdm vzr\u016fstem, poselstv\u00edm a&nbsp;dal\u0161\u00edmi v\u00fdjime\u010dnostmi p\u0159evy\u0161uj\u00ed b\u011b\u017enou zele\u0148. N\u011bkter\u00e9 z&nbsp;nich jsou spojen\u00e9 s&nbsp;v\u011bhlasn\u00fdmi osobnostmi, jin\u00e9 p\u0159ipom\u00ednaj\u00ed d\u016fle\u017eit\u00e9 mezn\u00edky na\u0161\u00ed st\u00e1tnosti \u010di jin\u00fdm zp\u016fsobem vytv\u00e1\u0159ej\u00ed pam\u011b\u0165 dan\u00e9ho m\u00edsta,\u201c uv\u00e1d\u00ed Rudl a&nbsp;dod\u00e1v\u00e1, \u017ee v&nbsp;Praze jsou v\u00fdznamn\u00e9 stromy evidov\u00e1ny v&nbsp;datab\u00e1zi v\u00fdznamn\u00fdch strom\u016f na webu Prazskestromy.cz.<\/p>\r\n<p>Vyhl\u00e1\u0161en\u00ed d\u0159eviny za pam\u00e1tn\u00fd strom \u010di jej\u00ed zanesen\u00ed do celopra\u017esk\u00e9 datab\u00e1ze j\u00ed zajist\u00ed ochranu. Dan\u00e9mu stromu je pak sn\u00e1ze umo\u017en\u011bno neru\u0161en\u011b se do\u017e\u00edt co nejvy\u0161\u0161\u00edho v\u011bku a&nbsp;zabr\u00e1n\u00ed se t\u00edm t\u00e9\u017e ztr\u00e1t\u011b poselstv\u00ed, kter\u00e9 nese. V&nbsp;neposledn\u00ed \u0159ad\u011b se takov\u00e9 stromy mohou st\u00e1t c\u00edlem proch\u00e1zek. Evidence strom\u016f napom\u00e1h\u00e1 p\u0159i revitalizac\u00edch zelen\u011b, aby kv\u016fli neznalosti nedo\u0161lo k&nbsp;odstran\u011bn\u00ed d\u016fle\u017eit\u00e9 d\u0159eviny. \u201eV Praze je vyhl\u00e1\u0161eno za pam\u00e1tn\u00e9 stromy zhruba dv\u011b st\u011b d\u0159evin. Dal\u0161\u00edch 321 eviduje datab\u00e1ze v\u00fdznamn\u00fdch strom\u016f Prahy. Roz\u0161i\u0159ov\u00e1n\u00ed t\u011bchto seznam\u016f prob\u00edh\u00e1 zejm\u00e9na na z\u00e1klad\u011b n\u00e1vrh\u016f a&nbsp;podn\u011bt\u016f \u0161irok\u00e9 ve\u0159ejnosti, m\u011bstsk\u00fdch \u010d\u00e1st\u00ed a&nbsp;dal\u0161\u00edch akt\u00e9r\u016f,\u201c \u0159\u00edk\u00e1 Ale\u0161 Rudl.<br \/>\r\n<br \/>\r\n<\/p>\r\n<p><img loading=\"lazy\" src=\"https:\/\/www.praha7.cz\/wp-content\/uploads\/2025\/07\/5-299x400.jpg\" alt=\"\" width=\"299\" height=\"400\" class=\"alignnone size-medium wp-image-85745\" srcset=\"https:\/\/www.praha7.cz\/wp-content\/uploads\/2025\/07\/5-299x400.jpg 299w, https:\/\/www.praha7.cz\/wp-content\/uploads\/2025\/07\/5.jpg 576w\" sizes=\"(max-width: 299px) 100vw, 299px\" \/><\/p>\r\n<p><strong><br \/>\r\n\u017div\u00e9 symboly n\u00e1rodn\u00ed identity<br \/>\r\n<\/strong>Poj\u010fme se nyn\u00ed vypravit za majest\u00e1tn\u00edmi velik\u00e1ny Prahy&nbsp;7. Nejstar\u0161\u00ed z&nbsp;nich pamatuj\u00ed vl\u00e1du Ji\u0159\u00edho z&nbsp;Pod\u011bbrad, ale i&nbsp;jedinci v\u011bkem mlad\u0161\u00ed nesou sv\u00e1 poselstv\u00ed. Jako jeden ze symbol\u016f \u010desk\u00e9 st\u00e1tnosti je na uniform\u00e1ch, v&nbsp;heraldice a&nbsp;podobn\u011b pou\u017e\u00edv\u00e1n \u010desk\u00fd n\u00e1rodn\u00ed strom \u2013 l\u00edpa. Tradice s\u00e1zet l\u00edpy na pam\u011b\u0165 vzniku \u010ceskoslovenska se rozvinula v&nbsp;roce 1918. Oslava spojen\u00e1 s&nbsp;v\u00fdsadbou stromu p\u0159inesla do na\u0161ich m\u011bst a&nbsp;obc\u00ed tis\u00edce jubilejn\u00edch lip, jejich prvn\u00ed v\u00fdsadby se uskute\u010dnily v&nbsp;letech 1918 a&nbsp;1919. S\u00e1zen\u00ed prob\u00edhalo i&nbsp;v&nbsp;dal\u0161\u00edch letech, a&nbsp;to p\u0159edev\u0161\u00edm p\u0159i kulat\u00fdch v\u00fdro\u010d\u00edch \u2013 1928, 1968, 1998, 2008 a&nbsp;2018. V&nbsp;dob\u011b minul\u00e9ho re\u017eimu se prvn\u00ed republika nep\u0159ipom\u00ednala, a&nbsp;proto z&nbsp;tohoto obdob\u00ed v\u00fdsadby \u010dasto chyb\u011bj\u00ed. Do\u010dasn\u00e9 p\u0159eru\u0161en\u00ed tradice m\u011blo za n\u00e1sledek, \u017ee na poselstv\u00ed mnoh\u00fdch lip se bohu\u017eel zapomn\u011blo.<\/p>\r\n<p>Jedna takov\u00e1 pozoruhodn\u00e1 l\u00edpa roste v\u00a0parku za kostelem sv. Anton\u00edna Padu\u00e1nsk\u00e9ho na Strossmayerov\u011b n\u00e1m\u011bst\u00ed. Siln\u00fd kmen v\u00a0nepatrn\u00e9m n\u00e1klonu nese rozlo\u017eitou a\u00a0bohat\u011b v\u011btvenou korunu. N\u011bkter\u00e9 jej\u00ed \u010d\u00e1sti sahaj\u00ed t\u00e9m\u011b\u0159 k\u00a0zemi. Prostor pod korunou dopl\u0148uje porost b\u0159e\u010d\u0165anu. L\u00edpa srd\u010dit\u00e1 zde tvo\u0159\u00ed lok\u00e1ln\u00ed dominantu, vysazena byla 28.&nbsp;\u0159\u00edjna 1968, tedy jako p\u0159ipom\u00ednka 50.&nbsp;v\u00fdro\u010d\u00ed vzniku \u010ceskoslovensk\u00e9 republiky. Hlavn\u00edmi akt\u00e9ry v\u00fdsadby byla tehdy velmi odbojn\u00e1 organizace Klub pion\u00fdrsk\u00fdch vedouc\u00edch Prahy&nbsp;7 a\u00a0Obvodn\u00ed d\u016fm pion\u00fdr\u016f a\u00a0ml\u00e1de\u017ee Prahy&nbsp;7 v\u00a0\u010dele s\u00a0jeho pracovnic\u00ed a\u00a0patronkou Klubu pion\u00fdrsk\u00fdch vedouc\u00edch Miladou T\u00e1borskou. St\u00e1\u0159\u00ed l\u00edpy se pohybuje kolem 60 let.<\/p>\r\n<p>Ve stejn\u00e9 dob\u011b byla vysazena i&nbsp;L\u00edpa republiky (n\u011bkde uv\u00e1d\u011bn\u00e1 jako L\u00edpa svobody) na Letn\u00e9 v&nbsp;ulici Franti\u0161ka K\u0159\u00ed\u017eka. Pozemek byl vybr\u00e1n proti \u0161kole (dne\u0161n\u00ed Z\u0160 Fr. Plam\u00ednkov\u00e9) na d\u011btsk\u00e9m h\u0159i\u0161ti, ale po p\u0159\u00edstavb\u011b mate\u0159sk\u00e9 \u0161koly v&nbsp;Kosteln\u00ed ulici se l\u00edpa stala sou\u010d\u00e1st\u00ed jej\u00edho are\u00e1lu. Nav\u00edc se mus\u00ed o&nbsp;sv\u016fj prostor d\u011blit s&nbsp;plotem a&nbsp;se sousedn\u00edm stromem. M\u00e1 tak \u00fazkou, do v\u00fd\u0161ky prot\u00e1hlou korunu. I&nbsp;tato l\u00edpa, tentokr\u00e1t se jedn\u00e1 o&nbsp;l\u00edpu malolistou, byla vysazena v&nbsp;z\u00e1\u0159\u00ed 1968 na p\u0159ipom\u00ednku 50.&nbsp;v\u00fdro\u010d\u00ed vzniku \u010ceskoslovensk\u00e9 republiky. Zasadili ji \u017e\u00e1ci spole\u010dn\u011b s&nbsp;u\u010diteli a&nbsp;\u0159editelem \u0161koly doktorem Vokurkou na protest proti okupaci \u010ceskoslovenska sov\u011btskou arm\u00e1dou.<\/p>\r\n<p><strong>L\u00edpa dobr\u00e9 v\u016fle<br \/>\r\n<\/strong>Ob\u011b l\u00edpy i&nbsp;ji\u017e zm\u00edn\u011bn\u00fd jilm pat\u0159\u00ed mezi stromy, kter\u00fdm se pr\u00e1vem \u0159\u00edk\u00e1 v\u00fdznamn\u00e9. Dal\u0161\u00edm takov\u00fdm je Strom Olgy Havlov\u00e9, co\u017e je souhrnn\u00e9 ozna\u010den\u00ed pro 85 strom\u016f, kter\u00e9 byly v&nbsp;roce 2018 vysazeny k&nbsp;p\u0159\u00edle\u017eitosti 85 let od narozen\u00ed prvn\u00ed d\u00e1my Olgy Havlov\u00e9. Projekt inicioval V\u00fdbor dobr\u00e9 v\u016fle \u2013 Nadace Olgy Havlov\u00e9 a&nbsp;cel\u00e1 jeho my\u0161lenka byla inspirovan\u00e1 ud\u00e1lost\u00ed z&nbsp;roku 1993, kdy Olga Havlov\u00e1 v&nbsp;Olomouci v&nbsp;Topolanech v&nbsp;prostor\u00e1ch D\u011btsk\u00e9ho centra zasadila L\u00edpu dobr\u00e9 v\u016fle. Na Ortenov\u011b n\u00e1m\u011bst\u00ed zapustila ko\u0159eny na pam\u00e1tku Olgy Havlov\u00e9 l\u00edpa velkolist\u00e1 19.&nbsp;\u0159\u00edjna a&nbsp;od t\u00e9 doby kolemjdouc\u00edm p\u0159ipom\u00edn\u00e1 tuto v\u00fdjime\u010dnou osobnost na\u0161ich ned\u00e1vn\u00fdch d\u011bjin, ale p\u0159edev\u0161\u00edm nezm\u011brn\u00e9 mno\u017estv\u00ed charitativn\u00ed pr\u00e1ce, kterou za sv\u016fj \u017eivot vykonala.<\/p>\r\n<p>Nejmlad\u0161\u00edm p\u0159\u00edr\u016fstkem mezi v\u00fdznamn\u00fdmi stromy se stal platan javorolist\u00fd, vysazen\u00fd na Ortenov\u011b n\u00e1m., aby zde p\u0159ipom\u00ednal 140 let od p\u0159ipojen\u00ed spojen\u00fdch obc\u00ed Hole\u0161ovice-Bubny k\u00a0hl. m\u011bstu. Platan se stal \u017eiv\u00fdm d\u016fkazem toho, \u017ee ne v\u0161e se mus\u00ed poda\u0159it.\u00a0Strom se neuchytil a&nbsp;ned\u00e1vno byl odstran\u011bn. Na jeho m\u00edst\u011b bude letos vysezen dal\u0161\u00ed strom. I&nbsp;on n\u00e1m bude p\u0159ipom\u00ednat, \u017ee za 140 let se stalo mnoho dobr\u00e9ho, ale i&nbsp;\u0161patn\u00e9ho.<\/p>\r\n<p><strong>Stolet\u00e1 moru\u0161e<br \/>\r\n<\/strong>V\u00fdznamn\u00e9 stromy ale nemus\u00ed p\u0159ipom\u00ednat pouze z\u00e1\u0159n\u00e9 osobnosti na\u0161ich d\u011bjin nebo p\u0159elomov\u00e9 ud\u00e1losti spojen\u00e9 s\u00a0na\u0161\u00ed zem\u00ed. Nap\u0159\u00edklad v\u00a0Troji na zelen\u00e9m prostranstv\u00ed p\u0159i k\u0159i\u017eovatce ulic Trojsk\u00e1 a\u00a0N\u00e1dvorn\u00ed nedaleko vchodu do zdej\u0161\u00ed Botanick\u00e9 zahrady najdete prastarou moru\u0161i b\u00edlou. \u0160iroce rozlo\u017eitou korunu nese siln\u00fd kmen pokryt\u00fd hluboce br\u00e1zditou borkou. Pod\u00edv\u00e1me-li se do historie t\u00e9to d\u0159eviny, dozv\u00edme se, \u017ee byla vysazena panem Strakou v\u00a0obdob\u00ed meziv\u00e1le\u010dn\u00e9 krize okolo roku 1929. P\u016fvodn\u011b v\u00a0m\u00edst\u011b rostlo moru\u0161\u00ed v\u00edce a\u00a0byly s\u00e1zeny za \u00fa\u010delem chovu bource moru\u0161ov\u00e9ho. Prodej kokon\u016f na hedv\u00e1b\u00ed byl finan\u010dn\u00edm p\u0159ilep\u0161en\u00edm v&nbsp;mizern\u00fdch ekonomick\u00fdch podm\u00ednk\u00e1ch t\u00e9 doby. Z\u00a0tehdy vysazen\u00fdch moru\u0161\u00ed zbyl ji\u017e jen tento jedin\u00fd strom, kter\u00fd n\u00e1m v\u0161ak st\u00e1le p\u0159ipom\u00edn\u00e1, \u017ee sv\u00e9ho \u010dasu bylo hedv\u00e1bnictv\u00ed v\u00a0Praze velice roz\u0161\u00ed\u0159en\u00e9. V\u00a0hradebn\u00edch p\u0159\u00edkopech, ale i\u00a0na dal\u0161\u00edch m\u00edstech se p\u011bstovaly tis\u00edce moru\u0161\u00ed a\u00a0chov bourc\u016f zde byl velmi \u00fasp\u011b\u0161n\u00fd. Na vrcholu bylo \u010desk\u00e9 hedv\u00e1bnictv\u00ed na konci 50.&nbsp;let 19.&nbsp;stolet\u00ed. Ro\u010dn\u011b se v\u00a0cel\u00e9 zemi vyprodukovalo p\u0159es 29 tun surov\u00fdch z\u00e1motk\u016f. Za tehdej\u0161\u00ed rozvoj hedv\u00e1bnictv\u00ed vd\u011b\u010d\u00edme italsk\u00e9mu obchodn\u00edkovi Josefu Rangherimu, jeho\u017e hedv\u00e1bnick\u00e1 firma pat\u0159ila k\u00a0nejv\u00fdznamn\u011bj\u0161\u00edm v\u00a0Praze. St\u00e1\u0159\u00ed trojsk\u00e9 moru\u0161e je odhadov\u00e1no na t\u00e9m\u011b\u0159 sto let.<\/p>\r\n<p>Je\u0161t\u011b o\u00a0n\u011bco star\u0161\u00ed je dub letn\u00ed, kter\u00fd roste v\u00a0Buben\u010di ve Slav\u00ed\u010dkov\u011b ulici na zahrad\u011b za domem \u010d. 151\/15. Dob\u0159e viditeln\u00fd je od \u017eelezni\u010dn\u00edho p\u0159ejezdu v\u00a0ulici Pell\u00e9ova a\u00a0jeho kulovitou korunu m\u016f\u017eete pozorovat i\u00a0z\u00a0ulice Milady Hor\u00e1kov\u00e9. Jeho v\u00fdznam je p\u0159edev\u0161\u00edm kulturn\u011b historick\u00fd. Dub stoj\u00ed u\u00a0novorenesan\u010dn\u00ed vily, v\u00a0n\u00ed\u017e m\u011bl ateli\u00e9r socha\u0159 Stanislav Sucharda, a\u00a0ud\u00e1v\u00e1 se, \u017ee p\u0159\u00edmo pod n\u00edm byl v\u00a0roce 1897 zalo\u017een Spolek v\u00fdtvarn\u00fdch um\u011blc\u016f M\u00e1nes. Bylo to tak\u00e9 m\u00edsto, kde se ve st\u00ednu vzrostl\u00e9ho dubu \u010dasto sch\u00e1zel Sucharda s\u00a0Josefem Ma\u0159atkou, Anton\u00ednem Slav\u00ed\u010dkem a\u00a0dal\u0161\u00edmi um\u011bleck\u00fdmi personami t\u00e9 doby.<\/p>\r\n<p><strong>Poslov\u00e9 minulosti<\/strong><\/p>\r\n<p>Sto let je \u00factyhodn\u00fd v\u011bk i&nbsp;pro strom, nato\u017e pro \u010dlov\u011bka, ale p\u0159edstavte si, \u017ee ve Stromovce m\u016f\u017eete obdivovat velik\u00e1na, kter\u00fd je tady t\u00e9m\u011b\u0159 dvakr\u00e1t tak dlouho. Nach\u00e1z\u00ed se sedmdes\u00e1t metr\u016f od M\u00edstodr\u017eitelsk\u00e9ho letohr\u00e1dku za plotem v&nbsp;are\u00e1lu b\u00fdval\u00e9ho zahradnictv\u00ed. Jedn\u00e1 se o&nbsp;jinan dvoulalo\u010dn\u00fd a&nbsp;pozn\u00e1te ho podle statn\u00e9ho rovn\u00e9ho kmene, jen\u017e se vysoko nad zem\u00ed d\u011bl\u00ed ve dv\u011b mohutn\u00e9 v\u011btve nesouc\u00ed korunu. Je to jeden z&nbsp;nejstar\u0161\u00edch a&nbsp;s&nbsp;obvodem kmene 365 centimetr\u016f a&nbsp;v\u00fd\u0161kou 24 metr\u016f i&nbsp;nejv\u011bt\u0161\u00edch jinan\u016f u&nbsp;n\u00e1s. Poch\u00e1z\u00ed patrn\u011b z&nbsp;doby \u00fapravy prostranstv\u00ed p\u0159ed letohr\u00e1dkem od zahradn\u00edka Fuchse na po\u010d\u00e1tku 19.&nbsp;stolet\u00ed. Je s&nbsp;nejv\u011bt\u0161\u00ed pravd\u011bpodobnost\u00ed uveden v&nbsp;Braulov\u011b soupisu strom\u016f a&nbsp;rostlin z&nbsp;poloviny 19.&nbsp;stolet\u00ed pod tehdy platn\u00fdm jm\u00e9nem Salisburia adiantifolia. St\u0159edn\u00ed \u010d\u00e1st nefunk\u010dn\u00edho a&nbsp;pobo\u0159en\u00e9ho sklen\u00edku, je\u017e se nach\u00e1z\u00ed v&nbsp;bl\u00edzkosti stromu, je kulturn\u00ed pam\u00e1tkou a&nbsp;poch\u00e1z\u00ed z&nbsp;roku 1812. V&nbsp;t\u00e9 dob\u011b tu ji\u017e byly p\u011bstebn\u00ed plochy slou\u017e\u00edc\u00ed jako z\u00e1sobn\u00ed zahrada pro Kr\u00e1lovskou oboru. Pozemek je dnes bohu\u017eel nep\u0159\u00edstupn\u00fd a&nbsp;v&nbsp;\u017ealostn\u00e9m stavu. U&nbsp;jinanu je od roku 1998 um\u00edst\u011bna cedule s&nbsp;n\u00e1pisem pam\u00e1tn\u00fd strom a&nbsp;mal\u00fdm st\u00e1tn\u00edm znakem.<\/p>\r\n<p>Nedaleko odtud, na C\u00edsa\u0159sk\u00e9m ostrov\u011b, se nach\u00e1z\u00ed dal\u0161\u00ed pam\u00e1tn\u00fd strom. Je j\u00edm dub letn\u00ed a&nbsp;roste p\u0159i komunikaci vedouc\u00ed kolem plavebn\u00edho kan\u00e1lu na ji\u017en\u00edm b\u0159ehu ostrova necel\u00fdch 200 metr\u016f od mostu spojuj\u00edc\u00edho ostrov a&nbsp;Kr\u00e1lovskou oboru. Rozlo\u017eit\u00fd dub m\u00e1 \u0161irok\u00fd kmen d\u011bl\u00edc\u00ed se zhruba v&nbsp;jednom metru na t\u0159i siln\u00e9 v\u011btve. Ty se postupn\u011b d\u00e1le rozd\u011bluj\u00ed a&nbsp;vytv\u00e1\u0159ej\u00ed mohutnou korunu. Dub se stal v&nbsp;po\u0159ad\u00ed druh\u00fdm pam\u00e1tn\u00fdm stromem, jen\u017e byl vyhl\u00e1\u0161en na \u00fazem\u00ed Prahy. Prvenstv\u00ed dr\u017e\u00ed v&nbsp;tom, \u017ee je prvn\u00edm pra\u017esk\u00fdm pam\u00e1tn\u00fdm dubem. Jeho st\u00e1\u0159\u00ed je odhadov\u00e1no, podobn\u011b jako u&nbsp;jinanu v&nbsp;Kr\u00e1lovsk\u00e9 obo\u0159e, na dv\u011b stovky let. Za pam\u00e1tn\u00fdm velik\u00e1nem sm\u011brem k&nbsp;Troji je znateln\u00e1 linie dal\u0161\u00edch, o&nbsp;n\u011bco mlad\u0161\u00edch dub\u016f, kter\u00e9 patrn\u011b dohromady tvo\u0159ily b\u0159ehov\u00fd porost.<\/p>\r\n<p><strong>Jak\u00fd je v\u00e1\u0161 obl\u00edben\u00fd strom?<\/strong><br \/>\r\nV\u011b\u0159\u00edm tomu, \u017ee ka\u017ed\u00fd m\u00e1 sv\u016fj osobn\u00ed v\u00fdznamn\u00fd strom. A\u0165 ji\u017e se poj\u00ed s\u00a0n\u011bjak\u00fdm\u00a0mimo\u0159\u00e1dn\u00fdm z\u00e1\u017eitkem nebo dan\u00e9ho \u010dlov\u011bka\u00a0prost\u011b jen n\u011b\u010d\u00edm fascinuje a\u00a0vlastn\u011b nen\u00ed ani d\u016fle\u017eit\u00e9 v\u011bd\u011bt \u010d\u00edm. Pro Ale\u0161e Rudla je to \u010dty\u0159\u0159ad\u00e1 platanov\u00e1 alej v\u00a0Letensk\u00fdch sadech, kter\u00e1 umoc\u0148uje vstup do parkov\u00e9 \u00fapravy z\u00a0jejich v\u00fdchodn\u00edho okraje. \u201eAlej vznikla na n\u00e1vrh tehdej\u0161\u00edho \u0159editele m\u011bstsk\u00fdch park\u016f a\u00a0v\u00fdznamn\u00e9ho zahradn\u00edho architekta Franti\u0161ka Thomayera. P\u0159i \u00faprav\u00e1ch t\u00e9to \u010d\u00e1sti parku byl nesporn\u011b ovlivn\u011bn Franci\u00ed, a\u00a0proto pou\u017eil promen\u00e1dn\u00ed p\u00e1s s\u00a0dvojitou alej\u00ed, kter\u00e1 p\u016fsob\u00ed fenomen\u00e1ln\u00edm dojmem,\u201c popisuje Rudl.<\/p>\r\n<p>V Letensk\u00fdch sadech si ti\u0161e rostou i&nbsp;moji dva obl\u00edbenci. Jedn\u00edm z&nbsp;nich je impozantn\u00ed l\u00edska tureck\u00e1, kter\u00e1 zaujme sv\u00fdm obvodem kmene, jen\u017e m\u011b\u0159\u00ed bezm\u00e1la \u010dty\u0159i metry. Uvid\u00edte ji p\u0159i cest\u011b mezi metronomem a&nbsp;Letensk\u00fdm z\u00e1me\u010dkem. Druh\u00fd jedinec je sp\u00ed\u0161e nen\u00e1padn\u00fd a&nbsp;snadno jej p\u0159ehl\u00e9dnete. Jde o&nbsp;je\u0159\u00e1b b\u0159ek, na\u0161i p\u016fvodn\u00ed d\u0159evinu, kter\u00e1 stoj\u00ed dnes sp\u00ed\u0161e na okraji z\u00e1jmu. Nebylo tomu tak v\u017edycky \u2013 kdysi na burze evropsk\u00fdch d\u0159ev u&nbsp;n\u00ed byla dosa\u017eena nejvy\u0161\u0161\u00ed jednotkov\u00e1 cena. D\u00edky vlastnostem d\u0159eva si b\u0159eku velmi cen\u00ed jak um\u011ble\u010dt\u00ed \u0159ezb\u00e1\u0159i, tak v\u00fdrobci dechov\u00fdch hudebn\u00edch n\u00e1stroj\u016f. Z&nbsp;jeho d\u0159eva se zhotovuj\u00ed nap\u0159\u00edklad fl\u00e9tny. V&nbsp;Letensk\u00fdch sadech najdete nejv\u011bt\u0161\u00ed b\u0159ek na \u00fazem\u00ed Prahy (s&nbsp;obvodem kmene 238 centimetr\u016f a&nbsp;v\u00fd\u0161kou 13 metr\u016f), roste vlevo od cesty z&nbsp;Hanavsk\u00e9ho pavilonu ke k\u0159i\u017eovatce ulic Chotkova a&nbsp;Badeniho, a&nbsp;i&nbsp;kdy\u017e tak mo\u017en\u00e1 na prvn\u00ed pohled nevypad\u00e1, da\u0159\u00ed se mu dob\u0159e a&nbsp;v&nbsp;polovin\u011b kv\u011btna je bohat\u011b obsyp\u00e1n b\u00edl\u00fdmi kv\u011bty. V&nbsp;Letensk\u00fdch sadech m\u016f\u017eete obdivovat i&nbsp;des\u00edtky dal\u0161\u00edch d\u0159evin \u2013 roste zde ruj vlasat\u00e1, d\u0159ezovec trojtrnn\u00fd, j\u00edrovec \u010derven\u00fd nebo l\u00edpa st\u0159\u00edbrn\u00e1. V\u00edc z&nbsp;historie parku se dozv\u00edte v&nbsp;samostatn\u00e9m boxu.<\/p>\r\n<p><strong>Kulturn\u00ed krajina<\/strong><br \/>\r\n\u010clov\u011bk m\u011bl oded\u00e1vna v&nbsp;\u00fact\u011b stromy, kter\u00e9 mu poskytovaly mnoho u\u017eite\u010dn\u00e9ho \u2013 potravu, d\u0159evo na ohe\u0148, n\u00e1stroje, \u010d\u00e1sti zbran\u00ed, stavebn\u00ed materi\u00e1l, hra\u010dky pro d\u011bti, \u00fakryt p\u0159ed nep\u0159\u00e1teli a&nbsp;nepohodou\u2026 D\u0159evo strom\u016f jej prov\u00e1zelo a&nbsp;vlastn\u011b dodnes prov\u00e1z\u00ed od kol\u00e9bky a\u017e po hrob. Velmi brzy se star\u00e9 stromy staly p\u0159edm\u011btem kultu, n\u011bm\u00fdmi sv\u011bdky let minul\u00fdch, pam\u011bt\u00ed generac\u00ed. Jsou poselstv\u00edm minulosti, p\u0159ed\u00e1van\u00fdm dal\u0161\u00edm generac\u00edm, kter\u00e9 zhodnot\u00ed, jak jsme v&nbsp;na\u0161\u00ed dob\u011b o&nbsp;tento odkaz pe\u010dovali.<\/p>\r\n<p>Dnes ji\u017e nejsme na stromech tak z\u00e1visl\u00ed jako na\u0161i p\u0159edci, ke strom\u016fm n\u00e1s ale st\u00e1le v\u00e1\u017ee pevn\u00e9 pouto. Z&nbsp;hlediska historick\u00e9ho, kulturn\u00edho i&nbsp;p\u0159\u00edrodov\u011bdn\u00e9ho m\u00e1 v\u00fdznam, a&nbsp;mo\u017en\u00e1 v\u011bt\u0161\u00ed, ne\u017e jsme si ochotni p\u0159ipustit, v\u011bnovat jim p\u00e9\u010di, o\u0161et\u0159ovat je a&nbsp;chr\u00e1nit. P\u0159edev\u0161\u00edm p\u0159ed lidskou zlov\u016fl\u00ed, intoleranc\u00ed a&nbsp;vandalismem. \u201eJak\u00fd m\u00e1 \u010dlov\u011bk vztah ke strom\u016fm, odkazu minulosti, takov\u00fd m\u00e1 vztah i&nbsp;k&nbsp;ostatn\u00edm lidem a&nbsp;k&nbsp;\u017eivotu v\u016fbec,\u201c uzav\u00edr\u00e1 Ale\u0161 Rudl.<br \/>\r\n<br \/>\r\n<\/p>\r\n<p><img loading=\"lazy\" src=\"https:\/\/www.praha7.cz\/wp-content\/uploads\/2025\/07\/3-300x400.png\" alt=\"\" width=\"300\" height=\"400\" class=\"alignnone size-medium wp-image-85746\" srcset=\"https:\/\/www.praha7.cz\/wp-content\/uploads\/2025\/07\/3-300x400.png 300w, https:\/\/www.praha7.cz\/wp-content\/uploads\/2025\/07\/3.png 413w\" sizes=\"(max-width: 300px) 100vw, 300px\" \/><br \/>\r\n<br \/>\r\n<\/p>\r\n<hr \/>\r\n<p><strong>Kde se m\u016f\u017eeme s\u00a0v\u00fdznamn\u00fdmi stromy sezn\u00e1mit?<br \/>\r\n<\/strong>Pozoruhodn\u00e9 stromy Prahy jsou souhrnn\u011b p\u0159edstavov\u00e1ny na webu Prazskestromy.cz, kter\u00fd je pr\u016fvodcem po pam\u00e1tn\u00fdch a\u00a0v\u00fdznamn\u00fdch stromech metropole. Zde je mo\u017en\u00e9 naj\u00edt i\u00a0inspiraci na vych\u00e1zky \u010di proj\u00ed\u017e\u010fky za stromy na kole. Nad\u0161eneck\u00fd web, kter\u00fd letos na ja\u0159e oslavil 15 let od sv\u00e9ho vzniku, spravuje dendrolog Ale\u0161 Rudl. P\u0159edt\u00edm nebyla zaj\u00edmav\u00fdm strom\u016fm metropole systematicky v\u011bnov\u00e1na zvl\u00e1\u0161tn\u00ed pozornost. Web je rozv\u00edjen na z\u00e1klad\u011b z\u00e1jmu \u0161irok\u00e9 ve\u0159ejnosti. D\u00edky n\u00ed do\u0161lo k\u00a0z\u00e1chran\u011b poselstv\u00ed des\u00edtek strom\u016f, jejich\u017e historie nebyla v\u0161eobecn\u011b zn\u00e1ma a\u00a0a\u017e d\u00edky spolupr\u00e1ci s\u00a0pam\u011btn\u00edky byla zaznamen\u00e1na a\u00a0d\u00e1le je prezentov\u00e1na v\u0161em z\u00e1jemc\u016fm o\u00a0pra\u017eskou p\u0159\u00edrodu. Pokud p\u0159i sv\u00fdch toulk\u00e1ch objev\u00edte dal\u0161\u00ed zaj\u00edmav\u00e9 stromy, ur\u010dit\u011b si informaci o\u00a0nich nenech\u00e1vejte pro sebe. Napi\u0161te do redakce nebo na e-mail prazskestromy@seznam.cz.<\/p>\r\n<p>\u2192\u00a0<a href=\"http:\/\/www.prazskestromy.cz\" target=\"_blank\" rel=\"noopener\">www.prazskestromy.cz<\/a><\/p>\r\n<hr \/>\r\n<p><strong>Stromy, kter\u00e9 chcete zn\u00e1t<br \/>\r\n<\/strong>Kr\u00e1lovsk\u00e1 obora je nejenom kr\u00e1sn\u00fd park, ale m\u016f\u017eeme ji ch\u00e1pat tak\u00e9 jako jedine\u010dnou galerii d\u0159evin, jej\u00ed\u017e sb\u00edrka se za\u010dala tvo\u0159it od po\u010d\u00e1tku 19.&nbsp;stolet\u00ed. Z&nbsp;dostupn\u00fdch historick\u00fdch \u00fadaj\u016f nap\u0159\u00edklad v\u00edme, \u017ee mezi lety 1835 a&nbsp;1844 bylo ve Stromovce p\u011bstov\u00e1no 123 listnat\u00fdch a&nbsp;6 jehli\u010dnat\u00fdch druh\u016f d\u0159evin. Jejich po\u010det a&nbsp;p\u0159edev\u0161\u00edm struktura se \u010dasem prom\u011b\u0148ovaly. Dnes je snahou tuto jedine\u010dnou sb\u00edrku d\u0159evin nejen zachov\u00e1vat, ale i&nbsp;rozv\u00edjet. Pr\u016fb\u011b\u017en\u011b jsou dosazov\u00e1ny d\u0159eviny historicky v&nbsp;parku zaznamenan\u00e9, ty, kter\u00e9 \u010dasem vymizely, i&nbsp;nov\u00e9, v\u011bt\u0161inou botanick\u00e9 druhy. Nyn\u00ed se v&nbsp;parku nach\u00e1z\u00ed 203 druh\u016f a&nbsp;kultivar\u016f listnat\u00fdch a&nbsp;44 druh\u016f a&nbsp;kultivar\u016f jehli\u010dnat\u00fdch d\u0159evin, co\u017e ze Stromovky \u010din\u00ed jeden z&nbsp;druhov\u011b nejpest\u0159ej\u0161\u00edch park\u016f u&nbsp;n\u00e1s.<\/p>\r\n<p>Projekt Stromy, kter\u00e9 chcete zn\u00e1t, seznamuje n\u00e1v\u0161t\u011bvn\u00edky Kr\u00e1lovsk\u00e9 obory se zaj\u00edmav\u00fdmi d\u0159evinami, je\u017e zde rostou. V&nbsp;parku bylo instalov\u00e1no 134 jmenovek na 94 druz\u00edch a&nbsp;kultivarech d\u0159evin v&nbsp;centr\u00e1ln\u00edch \u010d\u00e1stech Kr\u00e1lovsk\u00e9 obory. Ve Stromovce se tak m\u016f\u017eete sezn\u00e1mit nap\u0159\u00edklad s&nbsp;celkem osmn\u00e1cti druhy a&nbsp;kultivary dubu. Zde rostouc\u00ed dub b\u00edl\u00fd je nejstar\u0161\u00edm stromem tohoto druhu u&nbsp;n\u00e1s, proto\u017ee je dolo\u017eena jeho prvov\u00fdsadba v&nbsp;\u010cech\u00e1ch pr\u00e1v\u011b ve Stromovce. Let\u00e1\u010dky s&nbsp;mapkami s&nbsp;lokalizac\u00ed v\u00fdznamn\u00fdch d\u0159evin (a&nbsp;QR k\u00f3dem pro na\u010dten\u00ed informac\u00ed pomoc\u00ed telefonu) jsou pr\u016fb\u011b\u017en\u011b dopl\u0148ov\u00e1ny do knihovny v&nbsp;\u010d\u00edt\u00e1rn\u011b na dn\u011b b\u00fdval\u00e9ho rybn\u00edka.<\/p>\r\n<hr \/>\r\n<p><strong>Psalo se\u2026<br \/>\r\n<\/strong>V\u00a0letn\u00edm \u010d\u00edsle Hobuletu v\u00a0roce 2022 jsme se v\u011bnovali stavu m\u011bstsk\u00fdch strom\u016f, nov\u00fdm p\u0159\u00edr\u016fstk\u016fm a\u00a0roli arborist\u016f v\u00a0\u010dl\u00e1nku <a href=\"http:\/\/www.praha7.cz\/zelene-plice-mesta\" target=\"_blank\" rel=\"noopener\">Zelen\u00e9 pl\u00edce m\u011bsta<\/a>.<\/p>\r\n<p>T\u00e9ho\u017e roku se \u0159\u00edjnov\u00e9 \u010d\u00edslo zam\u011b\u0159ilo na zt\u00ed\u017een\u00e9 podm\u00ednky r\u016fstu strom\u016f ve m\u011bstech a&nbsp;p\u00e9\u010di o&nbsp;n\u011b v&nbsp;\u010dl\u00e1nku <a href=\"http:\/\/www.praha7.cz\/zranitelni-velikani\" target=\"_blank\" rel=\"noopener\">Zraniteln\u00ed velik\u00e1ni<\/a>.<\/p>\r\n<hr \/>\r\n<p><strong>Ozdravn\u00e9 pro\u0159ezy<br \/>\r\n<\/strong>Pro\u0159ezy strom\u016f v\u00a0ulic\u00edch jsou \u010dasto vn\u00edm\u00e1ny jako radik\u00e1ln\u00ed a\u00a0neopodstatn\u011bn\u00fd z\u00e1sah. Av\u0161ak \u017e\u00e1dn\u00fd \u0159ez na strom\u011b nevznik\u00e1 jen z\u00a0moment\u00e1ln\u00edho nalad\u011bn\u00ed arboristy. Projekt \u0159ezu je p\u0159ipraven\u00fd ke ka\u017ed\u00e9mu stromu a\u00a0prov\u00e1d\u011bj\u00ed jej kvalifikovan\u00e9 firmy s\u00a0arboristick\u00fdmi certifik\u00e1ty. Z\u00e1sahy jsou nav\u00edc \u010dasto citliv\u011b rozd\u011blen\u00e9 na etapy a\u00a0jsou prov\u00e1d\u011bny na v\u011btv\u00edch, kter\u00e9 by v\u00a0bl\u00edzk\u00e9 \u010di vzd\u00e1len\u011bj\u0161\u00ed budoucnosti zp\u016fsobily probl\u00e9my. Pro\u0159ezy nejsou omezen\u00e9 obdob\u00edm vegeta\u010dn\u00edho klidu a\u00a0lze je prov\u00e1d\u011bt celoro\u010dn\u011b. P\u0159i udr\u017eovac\u00edch \u0159ezech se tak\u00e9 odstra\u0148uj\u00ed such\u00e9, problematick\u00e9 \u010di nemocn\u00e9 v\u011btve. Pr\u00e1v\u011b ty, nej\u010dast\u011bji po siln\u00fdch n\u00e1razov\u00fdch v\u011btrech a\u00a0bou\u0159k\u00e1ch, je\u017e se p\u0159es na\u0161i \u010dtvr\u0165 \u010das od \u010dasu p\u0159e\u017eenou, nach\u00e1z\u00edme spadl\u00e9 na ulic\u00edch.<\/p>\r\n<hr \/>\r\n<p><strong>Letensk\u00e9 sady<br \/>\r\n<\/strong>Samotn\u00fd park byl zakl\u00e1d\u00e1n, dotv\u00e1\u0159en i\u00a0p\u0159em\u011b\u0148ov\u00e1n postupn\u011b po roce 1860.&nbsp;\u00daloha vytvo\u0159it pl\u00e1n na nov\u00fd park byla sv\u011b\u0159ena um\u011bleck\u00e9mu zahradn\u00edkovi Bed\u0159ichu W\u00fcnscherovi, tehdy ji\u017e \u0159editeli zahrady Kinsk\u00fdch, jeho\u017e pl\u00e1n rozpracoval tehdej\u0161\u00ed vedouc\u00ed zahradn\u00edk z\u00a0Kr\u00e1lovsk\u00e9 obory Ji\u0159\u00ed Braul. Postupn\u011b se za\u010dalo s\u00a0rozs\u00e1hl\u00fdm zales\u0148ov\u00e1n\u00edm doposud hol\u00fdch letensk\u00fdch svah\u016f. Vys\u00e1zeno bylo na 150 tis\u00edc strom\u016f, zalo\u017een\u00ed st\u00e1lo 12&nbsp;000 zlat\u00fdch. A\u00a0aby se d\u0159evin\u00e1m da\u0159ilo, byl park ji\u017e v\u00a0po\u010d\u00e1tc\u00edch zakl\u00e1d\u00e1n\u00ed opat\u0159en z\u00e1vlahov\u00fdm syst\u00e9mem, a\u00a0to v\u00a0podob\u011b p\u011bti sb\u011brn\u00fdch n\u00e1dr\u017e\u00ed, z\u00a0nich\u017e byla voda hlin\u011bn\u00fdmi trubkami vedena do men\u0161\u00edch baz\u00e9n\u016f. Utv\u00e1\u0159en\u00ed parku na konci 80.&nbsp;let 19.&nbsp;stolet\u00ed je spojeno s\u00a0osobnost\u00ed um\u011bleck\u00e9ho zahradn\u00edka Franti\u0161ka Thomayera, tehdej\u0161\u00edho \u0159editele pra\u017esk\u00fdch m\u011bstsk\u00fdch park\u016f.<\/p>","protected":false},"excerpt":{"rendered":"[perex] V&nbsp;d\u00e1vn\u00fdch dob\u00e1ch byly stromy siln\u011bj\u0161\u00ed ne\u017e lid\u00e9. Kv\u016fli nejr\u016fzn\u011bj\u0161\u00edm vyn\u00e1lez\u016fm a&nbsp;schopnosti \u010dlov\u011bka to dnes ji\u017e neplat\u00ed. N\u011bkter\u00e9 stromy v\u0161ak st\u00e1le \u017eij\u00ed d\u00e9le ne\u017e cel\u00e9 generace lidsk\u00fdch obyvatel zem\u011b \u2013 od sv\u00e9ho po\u010d\u00e1tku rostou na stejn\u00e9m m\u00edst\u011b a&nbsp;pozoruj\u00ed, jak se sv\u011bt kolem nich m\u011bn\u00ed. N\u011bkte\u0159\u00ed jedinci n\u00e1s upoutaj\u00ed svoj\u00ed velikost\u00ed a&nbsp;vzr\u016fstem, jin\u00ed na n\u00e1s [&hellip;]","protected":false},"author":292,"featured_media":85744,"comment_status":"closed","ping_status":"open","sticky":false,"template":"","format":"standard","meta":[],"categories":[37],"tags":[],"_links":{"self":[{"href":"https:\/\/www.praha7.cz\/api\/wp\/v2\/posts\/85743"}],"collection":[{"href":"https:\/\/www.praha7.cz\/api\/wp\/v2\/posts"}],"about":[{"href":"https:\/\/www.praha7.cz\/api\/wp\/v2\/types\/post"}],"author":[{"embeddable":true,"href":"https:\/\/www.praha7.cz\/api\/wp\/v2\/users\/292"}],"replies":[{"embeddable":true,"href":"https:\/\/www.praha7.cz\/api\/wp\/v2\/comments?post=85743"}],"version-history":[{"count":1,"href":"https:\/\/www.praha7.cz\/api\/wp\/v2\/posts\/85743\/revisions"}],"predecessor-version":[{"id":85747,"href":"https:\/\/www.praha7.cz\/api\/wp\/v2\/posts\/85743\/revisions\/85747"}],"wp:featuredmedia":[{"embeddable":true,"href":"https:\/\/www.praha7.cz\/api\/wp\/v2\/media\/85744"}],"wp:attachment":[{"href":"https:\/\/www.praha7.cz\/api\/wp\/v2\/media?parent=85743"}],"wp:term":[{"taxonomy":"category","embeddable":true,"href":"https:\/\/www.praha7.cz\/api\/wp\/v2\/categories?post=85743"},{"taxonomy":"post_tag","embeddable":true,"href":"https:\/\/www.praha7.cz\/api\/wp\/v2\/tags?post=85743"}],"curies":[{"name":"wp","href":"https:\/\/api.w.org\/{rel}","templated":true}]}}