    
{"id":85705,"date":"2025-07-25T15:49:59","date_gmt":"2025-07-25T13:49:59","guid":{"rendered":"https:\/\/www.praha7.cz\/?p=85705"},"modified":"2025-07-30T12:07:57","modified_gmt":"2025-07-30T10:07:57","slug":"vyluka-vody-v-casti-bubenske-a-u-vystaviste-29-cervence","status":"publish","type":"post","link":"https:\/\/www.praha7.cz\/vyluka-vody-v-casti-bubenske-a-u-vystaviste-29-cervence\/","title":{"rendered":"V\u00fdluka vody v&nbsp;\u010d\u00e1sti Bubensk\u00e9 a&nbsp;U&nbsp;V\u00fdstavi\u0161t\u011b 29.&nbsp;\u010dervence"},"content":{"rendered":"<p>[perex]<\/p>\r\n<p>Na z\u00e1klad\u011b informac\u00ed od spole\u010dnosti Pra\u017esk\u00e9 vodovody a&nbsp;kanalizace upozor\u0148ujeme na v\u00fdluku vody v&nbsp;\u010d\u00e1sti Bubensk\u00e9 a&nbsp;U&nbsp;V\u00fdstavi\u0161t\u011b. V\u00fdluka prob\u011bhne v&nbsp;\u00fater\u00fd 29.&nbsp;\u010dervence 2025 od 8 do 15 hodin.<br \/>\r\n[\/perex]<\/p>\r\n<p>V\u00fdluka vody se bude t\u00fdkat odb\u011brn\u00fdch m\u00edst v&nbsp;ulic\u00edch:<\/p>\r\n<ul>\r\n\t<li>Bubensk\u00e1 106\/55 (p\u0159\u00edpojka z&nbsp;ul. U&nbsp;V\u00fdstavi\u0161t\u011b)<\/li>\r\n\t<li>U V\u00fdstavi\u0161t\u011b 229\/9, 230\/11, 764\/13, 763\/15, 287\/17, 1287\/19, 1286\/21 + parc. \u010d. 2416\/21 a&nbsp;2416\/24<\/li>\r\n<\/ul>\r\n<p>D\u016fvodem v\u00fdluky je prov\u00e1d\u011bn\u00ed pl\u00e1novan\u00fdch oprav, udr\u017eovac\u00edch a\u00a0revizn\u00edch prac\u00ed. D\u011bkujeme za pochopen\u00ed.<\/p>\r\n<p>V\u00edce informac\u00ed\u00a0na <a href=\"https:\/\/www.pvk.cz\/aktuality\/planovane-vyluky\/preruseni-dodavky-vody-v-casti-praha-7-holesovice-dne-29-7-2025\/\" target=\"_blank\" rel=\"noopener\">str\u00e1nce PVK<\/a>.<\/p>\r\n<p>&nbsp;<\/p>","protected":false},"excerpt":{"rendered":"[perex] Na z\u00e1klad\u011b informac\u00ed od spole\u010dnosti Pra\u017esk\u00e9 vodovody a&nbsp;kanalizace upozor\u0148ujeme na v\u00fdluku vody v&nbsp;\u010d\u00e1sti Bubensk\u00e9 a&nbsp;U&nbsp;V\u00fdstavi\u0161t\u011b. V\u00fdluka prob\u011bhne v&nbsp;\u00fater\u00fd 29.&nbsp;\u010dervence 2025 od 8 do 15 hodin. [\/perex] V\u00fdluka vody se bude t\u00fdkat odb\u011brn\u00fdch m\u00edst v&nbsp;ulic\u00edch: Bubensk\u00e1 106\/55 (p\u0159\u00edpojka z&nbsp;ul. U&nbsp;V\u00fdstavi\u0161t\u011b) U&nbsp;V\u00fdstavi\u0161t\u011b 229\/9, 230\/11, 764\/13, 763\/15, 287\/17, 1287\/19, 1286\/21 + parc. \u010d. 2416\/21 a&nbsp;2416\/24 D\u016fvodem [&hellip;]","protected":false},"author":251,"featured_media":29060,"comment_status":"closed","ping_status":"open","sticky":false,"template":"","format":"standard","meta":[],"categories":[34],"tags":[125],"_links":{"self":[{"href":"https:\/\/www.praha7.cz\/api\/wp\/v2\/posts\/85705"}],"collection":[{"href":"https:\/\/www.praha7.cz\/api\/wp\/v2\/posts"}],"about":[{"href":"https:\/\/www.praha7.cz\/api\/wp\/v2\/types\/post"}],"author":[{"embeddable":true,"href":"https:\/\/www.praha7.cz\/api\/wp\/v2\/users\/251"}],"replies":[{"embeddable":true,"href":"https:\/\/www.praha7.cz\/api\/wp\/v2\/comments?post=85705"}],"version-history":[{"count":1,"href":"https:\/\/www.praha7.cz\/api\/wp\/v2\/posts\/85705\/revisions"}],"predecessor-version":[{"id":85706,"href":"https:\/\/www.praha7.cz\/api\/wp\/v2\/posts\/85705\/revisions\/85706"}],"wp:featuredmedia":[{"embeddable":true,"href":"https:\/\/www.praha7.cz\/api\/wp\/v2\/media\/29060"}],"wp:attachment":[{"href":"https:\/\/www.praha7.cz\/api\/wp\/v2\/media?parent=85705"}],"wp:term":[{"taxonomy":"category","embeddable":true,"href":"https:\/\/www.praha7.cz\/api\/wp\/v2\/categories?post=85705"},{"taxonomy":"post_tag","embeddable":true,"href":"https:\/\/www.praha7.cz\/api\/wp\/v2\/tags?post=85705"}],"curies":[{"name":"wp","href":"https:\/\/api.w.org\/{rel}","templated":true}]}}