    
{"id":85702,"date":"2025-07-25T15:36:17","date_gmt":"2025-07-25T13:36:17","guid":{"rendered":"https:\/\/www.praha7.cz\/?p=85702"},"modified":"2025-08-06T11:49:01","modified_gmt":"2025-08-06T09:49:01","slug":"oprava-vozovky-u-uranie-x-na-maninach-od-28-cervence","status":"publish","type":"post","link":"https:\/\/www.praha7.cz\/oprava-vozovky-u-uranie-x-na-maninach-od-28-cervence\/","title":{"rendered":"Oprava vozovky U&nbsp;Uranie \u00d7 Na Manin\u00e1ch od 28.&nbsp;\u010dervence"},"content":{"rendered":"<p>[perex]<\/p>\r\n<p>Upozor\u0148ujeme na opravu vozovky v&nbsp;ulici U&nbsp;Uranie v&nbsp;oblasti s&nbsp;k\u0159i\u017eovatkou v&nbsp;ulici Na Manin\u00e1ch. Oprava prob\u011bhne v&nbsp;term\u00ednu 28.&nbsp;\u010dervence \u2013 5.&nbsp;srpna 2025 ve dvou etap\u00e1ch.\u00a0<\/p>\r\n<p>[\/perex]<\/p>\r\n<h3>I. etapa<\/h3>\r\n<h3>28.\u201331.&nbsp;\u010dervence 2025<\/h3>\r\n<p>z\u00e1bor j\u00edzdn\u00edho pruhu ve sm\u011bru j\u00edzdy k\u00a0Libe\u0148sk\u00e9mu mostu<\/p>\r\n<p>zaveden kyvadlov\u00fd provoz, \u0159\u00edzeno semafory<\/p>\r\n<p>nen\u00ed mo\u017en\u00e9 vyjet z\u00a0ulice Na Manin\u00e1ch do ulice U&nbsp;Uranie<\/p>\r\n<p>&nbsp;<\/p>\r\n<h3>II. etapa<\/h3>\r\n<h3>1.\u20135.&nbsp;srpna 2025<\/h3>\r\n<p>z\u00e1bor vozovky v\u00a0prostoru \u0159adic\u00edch pruh\u016f v\u00a0ulici U&nbsp;Uranie, sm\u011br Ortenovo n\u00e1m.<\/p>\r\n<p>zaveden kyvadlov\u00fd provoz, \u0159\u00edzeno semafory<\/p>\r\n<p>nen\u00ed mo\u017en\u00e9 vyjet z\u00a0ulice Na Manin\u00e1ch do ulice U&nbsp;Uranie<\/p>\r\n<p>&nbsp;<\/p>\r\n<p><img loading=\"lazy\" src=\"https:\/\/www.praha7.cz\/wp-content\/uploads\/2025\/07\/u-uranie-x-na-maninach.png\" alt=\"\" width=\"1189\" height=\"425\" class=\"alignnone size-full wp-image-85781\" srcset=\"https:\/\/www.praha7.cz\/wp-content\/uploads\/2025\/07\/u-uranie-x-na-maninach.png 1189w, https:\/\/www.praha7.cz\/wp-content\/uploads\/2025\/07\/u-uranie-x-na-maninach-600x214.png 600w, https:\/\/www.praha7.cz\/wp-content\/uploads\/2025\/07\/u-uranie-x-na-maninach-768x275.png 768w\" sizes=\"(max-width: 1189px) 100vw, 1189px\" \/><\/p>\r\n<p>&nbsp;<\/p>\r\n<p><em>D\u011bkujeme za trp\u011blivost. V\u00edce na <a href=\"https:\/\/opravujeme.to\/action\/2192\/\" target=\"_blank\" rel=\"noopener\">opravujeme.to<\/a><\/em><\/p>\r\n<p>&nbsp;<\/p>","protected":false},"excerpt":{"rendered":"[perex] Upozor\u0148ujeme na opravu vozovky v&nbsp;ulici U&nbsp;Uranie v&nbsp;oblasti s&nbsp;k\u0159i\u017eovatkou v&nbsp;ulici Na Manin\u00e1ch. Oprava prob\u011bhne v&nbsp;term\u00ednu 28.&nbsp;\u010dervence \u2013 5.&nbsp;srpna 2025 ve dvou etap\u00e1ch.\u00a0 [\/perex] I. etapa 28.\u201331.&nbsp;\u010dervence 2025 z\u00e1bor j\u00edzdn\u00edho pruhu ve sm\u011bru j\u00edzdy k\u00a0Libe\u0148sk\u00e9mu mostu zaveden kyvadlov\u00fd provoz, \u0159\u00edzeno semafory nen\u00ed mo\u017en\u00e9 vyjet z\u00a0ulice Na Manin\u00e1ch do ulice U&nbsp;Uranie &nbsp; II. etapa 1.\u20135.&nbsp;srpna 2025 z\u00e1bor [&hellip;]","protected":false},"author":251,"featured_media":85703,"comment_status":"closed","ping_status":"open","sticky":false,"template":"","format":"standard","meta":[],"categories":[34],"tags":[57,125],"_links":{"self":[{"href":"https:\/\/www.praha7.cz\/api\/wp\/v2\/posts\/85702"}],"collection":[{"href":"https:\/\/www.praha7.cz\/api\/wp\/v2\/posts"}],"about":[{"href":"https:\/\/www.praha7.cz\/api\/wp\/v2\/types\/post"}],"author":[{"embeddable":true,"href":"https:\/\/www.praha7.cz\/api\/wp\/v2\/users\/251"}],"replies":[{"embeddable":true,"href":"https:\/\/www.praha7.cz\/api\/wp\/v2\/comments?post=85702"}],"version-history":[{"count":3,"href":"https:\/\/www.praha7.cz\/api\/wp\/v2\/posts\/85702\/revisions"}],"predecessor-version":[{"id":85782,"href":"https:\/\/www.praha7.cz\/api\/wp\/v2\/posts\/85702\/revisions\/85782"}],"wp:featuredmedia":[{"embeddable":true,"href":"https:\/\/www.praha7.cz\/api\/wp\/v2\/media\/85703"}],"wp:attachment":[{"href":"https:\/\/www.praha7.cz\/api\/wp\/v2\/media?parent=85702"}],"wp:term":[{"taxonomy":"category","embeddable":true,"href":"https:\/\/www.praha7.cz\/api\/wp\/v2\/categories?post=85702"},{"taxonomy":"post_tag","embeddable":true,"href":"https:\/\/www.praha7.cz\/api\/wp\/v2\/tags?post=85702"}],"curies":[{"name":"wp","href":"https:\/\/api.w.org\/{rel}","templated":true}]}}