    
{"id":85635,"date":"2025-07-22T11:57:50","date_gmt":"2025-07-22T09:57:50","guid":{"rendered":"https:\/\/www.praha7.cz\/?p=85635"},"modified":"2025-08-01T13:51:16","modified_gmt":"2025-08-01T11:51:16","slug":"dlouhodoba-rekonstrukce-parkoviste-u-plaveckeho-bazenu-na-vystavisti","status":"publish","type":"post","link":"https:\/\/www.praha7.cz\/dlouhodoba-rekonstrukce-parkoviste-u-plaveckeho-bazenu-na-vystavisti\/","title":{"rendered":"Dlouhodob\u00e1 rekonstrukce parkovi\u0161t\u011b u&nbsp;plaveck\u00e9ho baz\u00e9nu na v\u00fdstavi\u0161ti"},"content":{"rendered":"<p>[perex]<\/p>\r\n<p><a href=\"https:\/\/navystavisti.cz\/\" target=\"_blank\" rel=\"noopener\">V\u00fdstavi\u0161t\u011b Praha<\/a> upozor\u0148uje na uzav\u0159en\u00ed cel\u00e9ho parkovi\u0161t\u011b P3 \u2013 u&nbsp;plaveck\u00e9ho baz\u00e9nu od 28.&nbsp;\u010dervence 2025 do 31.&nbsp;\u010dervence 2026 z&nbsp;d\u016fvodu rekonstrukce. <strong>Auta je nutn\u00e9 odparkovat do p\u00e1tku 25.&nbsp;\u010dervence 2025.<\/strong> Vozy, kter\u00e9 na parkovi\u0161ti z\u016fstanou, budou odta\u017eeny. Parkov\u00e1n\u00ed po dobu rekonstrukce bude mo\u017en\u00e9 na parkovi\u0161ti P2 \u2013 naproti hotelu EXPO.<\/p>\r\n<p>[\/perex]<\/p>","protected":false},"excerpt":{"rendered":"[perex] V\u00fdstavi\u0161t\u011b Praha upozor\u0148uje na uzav\u0159en\u00ed cel\u00e9ho parkovi\u0161t\u011b P3 \u2013 u&nbsp;plaveck\u00e9ho baz\u00e9nu od 28.&nbsp;\u010dervence 2025 do 31.&nbsp;\u010dervence 2026 z&nbsp;d\u016fvodu rekonstrukce. Auta je nutn\u00e9 odparkovat do p\u00e1tku 25.&nbsp;\u010dervence 2025. Vozy, kter\u00e9 na parkovi\u0161ti z\u016fstanou, budou odta\u017eeny. Parkov\u00e1n\u00ed po dobu rekonstrukce bude mo\u017en\u00e9 na parkovi\u0161ti P2 \u2013 naproti hotelu EXPO. [\/perex]","protected":false},"author":251,"featured_media":18107,"comment_status":"closed","ping_status":"open","sticky":false,"template":"","format":"standard","meta":[],"categories":[34],"tags":[57],"_links":{"self":[{"href":"https:\/\/www.praha7.cz\/api\/wp\/v2\/posts\/85635"}],"collection":[{"href":"https:\/\/www.praha7.cz\/api\/wp\/v2\/posts"}],"about":[{"href":"https:\/\/www.praha7.cz\/api\/wp\/v2\/types\/post"}],"author":[{"embeddable":true,"href":"https:\/\/www.praha7.cz\/api\/wp\/v2\/users\/251"}],"replies":[{"embeddable":true,"href":"https:\/\/www.praha7.cz\/api\/wp\/v2\/comments?post=85635"}],"version-history":[{"count":3,"href":"https:\/\/www.praha7.cz\/api\/wp\/v2\/posts\/85635\/revisions"}],"predecessor-version":[{"id":85638,"href":"https:\/\/www.praha7.cz\/api\/wp\/v2\/posts\/85635\/revisions\/85638"}],"wp:featuredmedia":[{"embeddable":true,"href":"https:\/\/www.praha7.cz\/api\/wp\/v2\/media\/18107"}],"wp:attachment":[{"href":"https:\/\/www.praha7.cz\/api\/wp\/v2\/media?parent=85635"}],"wp:term":[{"taxonomy":"category","embeddable":true,"href":"https:\/\/www.praha7.cz\/api\/wp\/v2\/categories?post=85635"},{"taxonomy":"post_tag","embeddable":true,"href":"https:\/\/www.praha7.cz\/api\/wp\/v2\/tags?post=85635"}],"curies":[{"name":"wp","href":"https:\/\/api.w.org\/{rel}","templated":true}]}}