    
{"id":85612,"date":"2025-07-21T12:14:59","date_gmt":"2025-07-21T10:14:59","guid":{"rendered":"https:\/\/www.praha7.cz\/?p=85612"},"modified":"2025-07-22T06:50:08","modified_gmt":"2025-07-22T04:50:08","slug":"agendy-na-adresach-milady-horakove-2-u-pruhonu-11-a-delnicka-44-docasne-mimo-provoz","status":"publish","type":"post","link":"https:\/\/www.praha7.cz\/agendy-na-adresach-milady-horakove-2-u-pruhonu-11-a-delnicka-44-docasne-mimo-provoz\/","title":{"rendered":"Agendy na adres\u00e1ch Milady Hor\u00e1kov\u00e9 2, U&nbsp;Pr\u016fhonu 11 a&nbsp;D\u011blnick\u00e1 44 do\u010dasn\u011b mimo provoz"},"content":{"rendered":"<p>[perex]<\/p>\r\n<p>V\u00e1\u017een\u00ed ob\u010dan\u00e9, dnes, v&nbsp;pond\u011bl\u00ed 21.&nbsp;\u010dervence 2025, evidujeme v\u00fdpadek na stran\u011b poskytovatele internetov\u00e9ho p\u0159ipojen\u00ed. Z&nbsp;t\u011bchto technick\u00fdch d\u016fvod\u016f nejsou dostupn\u00e9 slu\u017eby na na\u0161ich pracovi\u0161t\u00edch na adres\u00e1ch Milady Hor\u00e1kov\u00e9 2, U&nbsp;Pr\u016fhonu 11 a&nbsp;D\u011blnick\u00e1 44. P\u0159edpoklad obnoven\u00ed je dnes ve ve\u010dern\u00edch hodin\u00e1ch. Pokud je to mo\u017en\u00e9, vyu\u017eijte k&nbsp;n\u00e1v\u0161t\u011bv\u011b \u00fa\u0159adu jin\u00fd den, \u010d\u00e1st agend lze vy\u0159\u00eddit i&nbsp;v&nbsp;budov\u011b radnice (U&nbsp;Pr\u016fhonu 38). Velice se omlouv\u00e1me za vznikl\u00e9 komplikace a&nbsp;d\u011bkujeme za pochopen\u00ed.<\/p>\r\n<p>[\/perex]<\/p>","protected":false},"excerpt":{"rendered":"[perex] V\u00e1\u017een\u00ed ob\u010dan\u00e9, dnes, v&nbsp;pond\u011bl\u00ed 21.&nbsp;\u010dervence 2025, evidujeme v\u00fdpadek na stran\u011b poskytovatele internetov\u00e9ho p\u0159ipojen\u00ed. Z&nbsp;t\u011bchto technick\u00fdch d\u016fvod\u016f nejsou dostupn\u00e9 slu\u017eby na na\u0161ich pracovi\u0161t\u00edch na adres\u00e1ch Milady Hor\u00e1kov\u00e9 2, U&nbsp;Pr\u016fhonu 11 a&nbsp;D\u011blnick\u00e1 44. P\u0159edpoklad obnoven\u00ed je dnes ve ve\u010dern\u00edch hodin\u00e1ch. Pokud je to mo\u017en\u00e9, vyu\u017eijte k&nbsp;n\u00e1v\u0161t\u011bv\u011b \u00fa\u0159adu jin\u00fd den, \u010d\u00e1st agend lze vy\u0159\u00eddit i&nbsp;v&nbsp;budov\u011b radnice (U&nbsp;Pr\u016fhonu [&hellip;]","protected":false},"author":251,"featured_media":50963,"comment_status":"closed","ping_status":"open","sticky":false,"template":"","format":"standard","meta":[],"categories":[34],"tags":[84],"_links":{"self":[{"href":"https:\/\/www.praha7.cz\/api\/wp\/v2\/posts\/85612"}],"collection":[{"href":"https:\/\/www.praha7.cz\/api\/wp\/v2\/posts"}],"about":[{"href":"https:\/\/www.praha7.cz\/api\/wp\/v2\/types\/post"}],"author":[{"embeddable":true,"href":"https:\/\/www.praha7.cz\/api\/wp\/v2\/users\/251"}],"replies":[{"embeddable":true,"href":"https:\/\/www.praha7.cz\/api\/wp\/v2\/comments?post=85612"}],"version-history":[{"count":1,"href":"https:\/\/www.praha7.cz\/api\/wp\/v2\/posts\/85612\/revisions"}],"predecessor-version":[{"id":85613,"href":"https:\/\/www.praha7.cz\/api\/wp\/v2\/posts\/85612\/revisions\/85613"}],"wp:featuredmedia":[{"embeddable":true,"href":"https:\/\/www.praha7.cz\/api\/wp\/v2\/media\/50963"}],"wp:attachment":[{"href":"https:\/\/www.praha7.cz\/api\/wp\/v2\/media?parent=85612"}],"wp:term":[{"taxonomy":"category","embeddable":true,"href":"https:\/\/www.praha7.cz\/api\/wp\/v2\/categories?post=85612"},{"taxonomy":"post_tag","embeddable":true,"href":"https:\/\/www.praha7.cz\/api\/wp\/v2\/tags?post=85612"}],"curies":[{"name":"wp","href":"https:\/\/api.w.org\/{rel}","templated":true}]}}