    
{"id":85551,"date":"2025-07-16T15:46:46","date_gmt":"2025-07-16T13:46:46","guid":{"rendered":"https:\/\/www.praha7.cz\/?p=85551"},"modified":"2025-07-25T15:37:04","modified_gmt":"2025-07-25T13:37:04","slug":"omezeni-provozu-v-7-patre-od-18-do-25-cervence","status":"publish","type":"post","link":"https:\/\/www.praha7.cz\/omezeni-provozu-v-7-patre-od-18-do-25-cervence\/","title":{"rendered":"Omezen\u00ed provozu v\u00a07.&nbsp;pat\u0159e od 18.&nbsp;do 25.&nbsp;\u010dervence"},"content":{"rendered":"<p>[perex]<\/p>\r\n<p>Upozor\u0148ujeme, \u017ee 7.&nbsp;patro radnice je z&nbsp;technick\u00fdch d\u016fvod\u016f od 18.&nbsp;do 25.&nbsp;\u010dervence 2025 uzav\u0159eno.<\/p>\r\n<p>Pracovn\u00edky odboru <a href=\"https:\/\/www.praha7.cz\/radnice\/organizacni-struktura\/odbor-kultury\/\" target=\"_blank\" rel=\"noopener\">kultury a&nbsp;sportu<\/a>, odboru<a href=\"https:\/\/www.praha7.cz\/radnice\/organizacni-struktura\/odbor-rozvoje-a-pece-o-verejny-prostor\/\"> rozvoje a&nbsp;p\u00e9\u010de o&nbsp;ve\u0159ejn\u00fd prostor<\/a> a&nbsp;odd\u011blen\u00ed <a href=\"https:\/\/www.praha7.cz\/radnice\/organizacni-struktura\/odbor-kancelar-starosty-a-tajemnika\/oddeleni-komunikace\/\" target=\"_blank\" rel=\"noopener\">komunikace<\/a> kontaktujte pros\u00edm p\u0159es e-mail nebo mobiln\u00ed \u010d\u00edsla uveden\u00e1 na webu.<\/p>\r\n<p>D\u011bkujeme za pochopen\u00ed.<\/p>\r\n<p>[\/perex]<\/p>","protected":false},"excerpt":{"rendered":"[perex] Upozor\u0148ujeme, \u017ee 7.&nbsp;patro radnice je z&nbsp;technick\u00fdch d\u016fvod\u016f od 18.&nbsp;do 25.&nbsp;\u010dervence 2025 uzav\u0159eno. Pracovn\u00edky odboru kultury a&nbsp;sportu, odboru rozvoje a&nbsp;p\u00e9\u010de o&nbsp;ve\u0159ejn\u00fd prostor a&nbsp;odd\u011blen\u00ed komunikace kontaktujte pros\u00edm p\u0159es e-mail nebo mobiln\u00ed \u010d\u00edsla uveden\u00e1 na webu. D\u011bkujeme za pochopen\u00ed. [\/perex]","protected":false},"author":251,"featured_media":85552,"comment_status":"closed","ping_status":"open","sticky":false,"template":"","format":"standard","meta":[],"categories":[34],"tags":[84],"_links":{"self":[{"href":"https:\/\/www.praha7.cz\/api\/wp\/v2\/posts\/85551"}],"collection":[{"href":"https:\/\/www.praha7.cz\/api\/wp\/v2\/posts"}],"about":[{"href":"https:\/\/www.praha7.cz\/api\/wp\/v2\/types\/post"}],"author":[{"embeddable":true,"href":"https:\/\/www.praha7.cz\/api\/wp\/v2\/users\/251"}],"replies":[{"embeddable":true,"href":"https:\/\/www.praha7.cz\/api\/wp\/v2\/comments?post=85551"}],"version-history":[{"count":3,"href":"https:\/\/www.praha7.cz\/api\/wp\/v2\/posts\/85551\/revisions"}],"predecessor-version":[{"id":85574,"href":"https:\/\/www.praha7.cz\/api\/wp\/v2\/posts\/85551\/revisions\/85574"}],"wp:featuredmedia":[{"embeddable":true,"href":"https:\/\/www.praha7.cz\/api\/wp\/v2\/media\/85552"}],"wp:attachment":[{"href":"https:\/\/www.praha7.cz\/api\/wp\/v2\/media?parent=85551"}],"wp:term":[{"taxonomy":"category","embeddable":true,"href":"https:\/\/www.praha7.cz\/api\/wp\/v2\/categories?post=85551"},{"taxonomy":"post_tag","embeddable":true,"href":"https:\/\/www.praha7.cz\/api\/wp\/v2\/tags?post=85551"}],"curies":[{"name":"wp","href":"https:\/\/api.w.org\/{rel}","templated":true}]}}