    
{"id":85545,"date":"2025-07-15T11:24:45","date_gmt":"2025-07-15T09:24:45","guid":{"rendered":"https:\/\/www.praha7.cz\/?p=85545"},"modified":"2025-07-15T11:24:45","modified_gmt":"2025-07-15T09:24:45","slug":"zacala-stavba-centra-pameti-a-dialogu-bubny","status":"publish","type":"post","link":"https:\/\/www.praha7.cz\/zacala-stavba-centra-pameti-a-dialogu-bubny\/","title":{"rendered":"Za\u010dala stavba Centra pam\u011bti a&nbsp;dialogu Bubny"},"content":{"rendered":"<p>[perex]<\/p>\r\n<p>Po dlouholet\u00e9m \u00fasil\u00ed se poda\u0159ilo nastartovat projekt revitalizace b\u00fdval\u00e9ho n\u00e1dra\u017e\u00ed Praha-Bubny a&nbsp;v&nbsp;pond\u011bl\u00ed 14.&nbsp;\u010dervence 2025 byla zah\u00e1jena hlavn\u00ed etapa stavebn\u00edch prac\u00ed. Vznikne zde Centrum pam\u011bti a&nbsp;dialogu Bubny, jeho\u017e posl\u00e1n\u00edm je uchov\u00e1vat pam\u011b\u0165 ob\u011bt\u00ed holokaustu a&nbsp;vytvo\u0159it \u017eiv\u00e9 m\u00edsto, kter\u00e9 spojuje minulost s&nbsp;p\u0159\u00edtomnost\u00ed prost\u0159ednictv\u00edm vzd\u011bl\u00e1vac\u00edch a&nbsp;kulturn\u00edch program\u016f. Z&nbsp;n\u00e1dra\u017e\u00ed Praha-Bubny bylo v&nbsp;letech 1941\u20131945 deportov\u00e1no t\u00e9m\u011b\u0159 pades\u00e1t tis\u00edc \u010deskoslovensk\u00fdch \u017did\u016f a&nbsp;osob, kter\u00e9 norimbersk\u00e9 z\u00e1kony ozna\u010dovaly za \u017didy. Odsud byli odv\u00e1\u017eeni do ghett v&nbsp;Lod\u017ei a&nbsp;v&nbsp;Terez\u00edn\u011b, kter\u00e1 se v&nbsp;mnoha p\u0159\u00edpadech stala jen p\u0159estupn\u00ed stanic\u00ed na cest\u011b do nacistick\u00fdch vyhlazovac\u00edch t\u00e1bor\u016f.<\/p>\r\n<p>[\/perex]<\/p>\r\n<p><em>\u201eHolokaustu p\u0159edch\u00e1zely roky nen\u00e1visti, polarizace a&nbsp;postupn\u00e9ho rozkladu demokratick\u00fdch hodnot. Pr\u00e1v\u011b proto je tak d\u016fle\u017eit\u00e9 m\u00edt m\u00edsto, kde si tyto souvislosti m\u016f\u017eeme p\u0159ipom\u00ednat a&nbsp;u\u010dit se z&nbsp;nich. Centrum pam\u011bti a&nbsp;dialogu Bubny vznik\u00e1 k&nbsp;uchov\u00e1n\u00ed pam\u011bti ob\u011bt\u00ed, ale i&nbsp;jako v\u00fdzva k&nbsp;ob\u010dansk\u00e9 odpov\u011bdnosti, kritick\u00e9mu my\u0161len\u00ed a&nbsp;respektu k&nbsp;lidsk\u00e9 d\u016fstojnosti i&nbsp;jinakosti. V\u011b\u0159\u00edm, \u017ee bude d\u016fle\u017eit\u00fdm prostorem pro setk\u00e1v\u00e1n\u00ed minulosti se sou\u010dasnost\u00ed \u2013 a&nbsp;t\u00edm i&nbsp;nad\u011bj\u00ed, \u017ee podobn\u00e9 trag\u00e9die u\u017e nebudeme muset za\u017e\u00edt,\u201c<\/em> uvedl ministr kultury Martin Baxa. <em>\u201eR\u00e1d bych ocenil spolupr\u00e1ci s&nbsp;Ministerstvem dopravy a&nbsp;Spr\u00e1vou \u017eeleznic, d\u00edky n\u00ed\u017e se poda\u0159ilo p\u0159ekonat dlouholet\u00fd pat a&nbsp;posunout tento projekt do f\u00e1ze skute\u010dn\u00e9 realizace. V\u00fdznamnou roli v&nbsp;tom sehr\u00e1lo i&nbsp;nov\u00e9 veden\u00ed Centra pam\u011bti a&nbsp;dialogu Bubny, kter\u00e9 dalo projektu novou energii a&nbsp;sm\u011br,\u201c<\/em> dodal.<\/p>\r\n<p><em>\u201eR\u00e1da bych p\u0159i t\u00e9to p\u0159\u00edle\u017eitosti p\u0159ipomn\u011bla 10.&nbsp;a&nbsp;12.&nbsp;\u010dervenec 1944, kdy do\u0161lo k\u00a0druh\u00e9 \u010d\u00e1sti vyvra\u017ed\u011bn\u00ed terez\u00ednsk\u00e9ho rodinn\u00e9ho t\u00e1bora v&nbsp;Osv\u011btimi \u2013 nejv\u011bt\u0161\u00ed hromadn\u00e9 vra\u017ed\u011b \u010deskoslovensk\u00fdch ob\u010dan\u016f b\u011bhem druh\u00e9 sv\u011btov\u00e9 v\u00e1lky. To, \u017ee se n\u00e1m dnes poda\u0159ilo zah\u00e1jit hlavn\u00ed etapu stavebn\u00edch prac\u00ed a&nbsp;\u017ee zde brzy vznikne vzd\u011bl\u00e1vac\u00ed pam\u011b\u0165ov\u00e1 instituce, kter\u00e1 bude uchov\u00e1vat pam\u011b\u0165 ob\u011bt\u00ed \u0161oa a&nbsp;p\u0159ed\u00e1vat jejich odkaz dal\u0161\u00edm generac\u00edm, je pro m\u011b nejen symbolickou p\u0159ipom\u00ednkou v\u0161ech zma\u0159en\u00fdch \u017eivot\u016f, ale i&nbsp;vyj\u00e1d\u0159en\u00edm nad\u011bje a&nbsp;kontinuity \u017eidovsk\u00e9ho \u017eivota,\u201c<\/em> \u0159ekla Pavl\u00edna \u0160ulcov\u00e1, \u0159editelka Centra pam\u011bti a&nbsp;dialogu Bubny.<\/p>\r\n<p>N\u00e1vrh p\u0159estavby b\u00fdval\u00e9ho n\u00e1dra\u017e\u00ed Praha-Bubny vze\u0161el z&nbsp;architektonick\u00e9 sout\u011b\u017ee, jeho autorem je kr\u00e1lov\u00e9hradeck\u00e9 ARN STUDIO veden\u00e9 Ji\u0159\u00edm a&nbsp;Michalem Krej\u010d\u00edkov\u00fdmi. Projekt roz\u0161i\u0159uje p\u016fvodn\u00ed n\u00e1dra\u017en\u00ed budovu, zachov\u00e1v\u00e1 jej\u00ed charakteristick\u00e9 prvky jako sv\u011bdectv\u00ed doby a&nbsp;z\u00e1rove\u0148 vytv\u00e1\u0159\u00ed nov\u00fd prostor pro sou\u010dasn\u00e9 vyu\u017eit\u00ed. Vizu\u00e1ln\u00ed kontrast mezi star\u00fdm a&nbsp;nov\u00fdm podporuje v\u011bdom\u00e9 vn\u00edm\u00e1n\u00ed minulosti a&nbsp;jej\u00ed vztah k&nbsp;dne\u0161ku. C\u00edlem revitalizace je nejen uchovat pam\u011b\u0165 m\u00edsta, ale tak\u00e9 vytvo\u0159it modern\u00ed z\u00e1zem\u00ed pro kulturn\u011b-vzd\u011bl\u00e1vac\u00ed instituci s&nbsp;v\u00fdstavn\u00edm i&nbsp;\u017eiv\u00fdm programem. Projekt po\u010d\u00edt\u00e1 tak\u00e9 s&nbsp;kav\u00e1rnou a&nbsp;o\u017eiven\u00edm p\u0159ilehl\u00e9ho ve\u0159ejn\u00e9ho prostranstv\u00ed, kter\u00e9 p\u0159\u00edmo navazuje na reziden\u010dn\u00ed bloky Hole\u0161ovic a&nbsp;Mal\u00e9ho Berl\u00edna.<\/p>\r\n<p><img loading=\"lazy\" src=\"https:\/\/www.praha7.cz\/wp-content\/uploads\/2025\/07\/cp_vizualizace2-800x1000.jpg\" alt=\"\" width=\"640\" height=\"800\" class=\"alignnone size-large wp-image-85547\" srcset=\"https:\/\/www.praha7.cz\/wp-content\/uploads\/2025\/07\/cp_vizualizace2-800x1000.jpg 800w, https:\/\/www.praha7.cz\/wp-content\/uploads\/2025\/07\/cp_vizualizace2-320x400.jpg 320w, https:\/\/www.praha7.cz\/wp-content\/uploads\/2025\/07\/cp_vizualizace2-768x960.jpg 768w, https:\/\/www.praha7.cz\/wp-content\/uploads\/2025\/07\/cp_vizualizace2-1229x1536.jpg 1229w, https:\/\/www.praha7.cz\/wp-content\/uploads\/2025\/07\/cp_vizualizace2.jpg 1638w\" sizes=\"(max-width: 640px) 100vw, 640px\" \/><\/p>\r\n<p><em>\u201eCentrum pam\u011bti a&nbsp;dialogu Bubny je p\u0159\u00edkladem modern\u00edho p\u0159\u00edstupu ke kulturn\u00ed pam\u011bti v&nbsp;aktivn\u00edm dopravn\u00edm prostoru. N\u00e1dra\u017e\u00ed Praha-Bubny se stane v\u00fdznamn\u00fdch dopravn\u00edm termin\u00e1lem, kde denn\u011b proj\u00ed\u017ed\u011bj\u00ed vlaky, lid\u00e9 sp\u011bchaj\u00ed do pr\u00e1ce, studenti do \u0161kol. A&nbsp;pr\u00e1v\u011b uprost\u0159ed tohoto ka\u017edodenn\u00edho ruchu vyr\u016fst\u00e1 prostor pro zamy\u0161len\u00ed. Nen\u00ed to muzeum na okraji m\u011bsta, ale \u017eiv\u00fd pam\u00e1tn\u00edk uprost\u0159ed \u017eivota, kter\u00fd propoj\u00ed ka\u017edodenn\u00ed pohyb lid\u00ed s&nbsp;historickou reflex\u00ed,\u201c<\/em> uvedl ministr dopravy Martin Kupka.<\/p>\r\n<p>Na z\u00e1klad\u011b smlouvy o&nbsp;vertik\u00e1ln\u00ed spolupr\u00e1ci zaji\u0161\u0165uje Centrum pam\u011bti a&nbsp;dialogu Bubny p\u0159\u00edpravu a&nbsp;uhrazen\u00ed n\u00e1klad\u016f na rekonstrukci,\u00a0Spr\u00e1va \u017eeleznic bude p\u0159estavbu projektov\u011b a&nbsp;stavebn\u011b \u0159\u00eddit.<\/p>\r\n<p><em>\u201eOkoln\u00ed \u00fazem\u00ed m\u00e1 velk\u00fd potenci\u00e1l a&nbsp;vznikne zde modern\u00ed \u010dtvr\u0165 pro 25 tis\u00edc obyvatel. Jej\u00ed p\u0159edzv\u011bst\u00ed je nov\u00e9 bubensk\u00e9 n\u00e1dra\u017e\u00ed, kter\u00e9 otev\u0159eme u\u017e 1.&nbsp;srpna. Sou\u010d\u00e1st\u00ed celkov\u00e9 prom\u011bny je i&nbsp;dnes zahajovan\u00e1 p\u0159estavba b\u00fdval\u00e9 n\u00e1dra\u017en\u00ed budovy, kter\u00e1 bude plnit zcela nov\u00e9 posl\u00e1n\u00ed. Stane se d\u016fstojn\u00fdm pam\u00e1tn\u00edkem v\u011bnovan\u00fdm \u017eidovsk\u00fdm ob\u011btem nacistick\u00e9ho re\u017eimu,\u201c<\/em> \u0159ekl gener\u00e1ln\u00ed \u0159editel Spr\u00e1vy \u017eeleznic Ji\u0159\u00ed Svoboda.<\/p>\r\n<p>Zhotovitelem prac\u00ed v\u00a0hodnot\u011b 186\u00a0860\u00a0697 korun je spole\u010dnost Metrostav DIZ. Hotovo bude za dva roky.<\/p>\r\n<p><em>\u201eVznik Centra pam\u011bti a&nbsp;dialogu Bubny vn\u00edm\u00e1me jako mimo\u0159\u00e1dn\u011b v\u00fdznamn\u00fd projekt a&nbsp;velmi si v\u00e1\u017e\u00edme p\u0159\u00edle\u017eitosti pod\u00edlet se na jeho realizaci. Z&nbsp;celospole\u010densk\u00e9ho hlediska jde o&nbsp;jednu z&nbsp;nejd\u016fle\u017eit\u011bj\u0161\u00edch staveb, na kter\u00e9 budeme pracovat. Po technick\u00e9 str\u00e1nce se jedn\u00e1 o&nbsp;rekonstrukci v\u00fdpravn\u00ed budovy vy\u017eaduj\u00edc\u00ed maxim\u00e1ln\u00ed citlivost k&nbsp;p\u016fvodn\u00ed architektu\u0159e, ale z\u00e1rove\u0148 integraci modern\u00edch prvk\u016f a&nbsp;technologi\u00ed. S&nbsp;t\u00edmto typem staveb m\u00e1me bohat\u00e9 a&nbsp;dlouholet\u00e9 zku\u0161enosti. V\u011b\u0159\u00edme, \u017ee v\u00fdsledn\u00e9 d\u00edlo bude d\u016fstojn\u011b reprezentovat v\u00fdznam tohoto m\u00edsta a&nbsp;jeho poselstv\u00ed,\u201c<\/em> uvedl Karel Volf, \u0159editel spole\u010dnosti Metrostav DIZ.<\/p>\r\n<p><img loading=\"lazy\" src=\"https:\/\/www.praha7.cz\/wp-content\/uploads\/2025\/07\/cp_vizualizace3-800x1000.jpg\" alt=\"\" width=\"640\" height=\"800\" class=\"alignnone size-large wp-image-85548\" srcset=\"https:\/\/www.praha7.cz\/wp-content\/uploads\/2025\/07\/cp_vizualizace3-800x1000.jpg 800w, https:\/\/www.praha7.cz\/wp-content\/uploads\/2025\/07\/cp_vizualizace3-320x400.jpg 320w, https:\/\/www.praha7.cz\/wp-content\/uploads\/2025\/07\/cp_vizualizace3-768x960.jpg 768w, https:\/\/www.praha7.cz\/wp-content\/uploads\/2025\/07\/cp_vizualizace3-1229x1536.jpg 1229w, https:\/\/www.praha7.cz\/wp-content\/uploads\/2025\/07\/cp_vizualizace3.jpg 1638w\" sizes=\"(max-width: 640px) 100vw, 640px\" \/><\/p>\r\n<h3>Historie<\/h3>\r\n<p>N\u00e1dra\u017e\u00ed Praha-Bubny za\u010dalo b\u00fdt budov\u00e1no v&nbsp;roce 1866 z&nbsp;d\u016fvodu pot\u0159eby propojit mezi sebou n\u00e1dra\u017e\u00ed Praha-Dejvice p\u0159es Negrelliho viadukt na dne\u0161n\u00ed Masarykovo n\u00e1dra\u017e\u00ed. Dne\u0161n\u00ed n\u00e1dra\u017en\u00ed budova vznikla p\u0159estavbou v&nbsp;letech 1928\u20131933 a&nbsp;jako n\u00e1dra\u017e\u00ed slou\u017eila a\u017e do roku 2022. N\u00e1sledn\u011b byla zah\u00e1jena rozs\u00e1hl\u00e1 modernizace trati Praha-Bubny \u2013 Praha-V\u00fdstavi\u0161t\u011b v\u010detn\u011b stavby modern\u00edho n\u00e1dra\u017e\u00ed, kter\u00e9 je p\u0159esunuto bl\u00ed\u017ee ke stanici metra Vltavsk\u00e1.<\/p>\r\n<p>V b\u0159eznu 2015 byla d\u00edky iniciativ\u011b obecn\u011b prosp\u011b\u0161n\u00e9 spole\u010dnosti Pam\u00e1tn\u00edk \u0161oa Praha vedle budovy n\u00e1dra\u017e\u00ed odhalena um\u011bleck\u00e1 instalace Br\u00e1na nen\u00e1vratna od socha\u0159e Ale\u0161e Vesel\u00e9ho, kter\u00e1 se stala monument\u00e1ln\u00edm symbolem p\u0159ipom\u00ednaj\u00edc\u00edm temnou historii tohoto m\u00edsta a&nbsp;dala podn\u011bt vzniku pam\u011b\u0165ov\u00e9 instituce. Tu z\u0159\u00eddilo Ministerstvo kultury v\u00a0roce 2021 s&nbsp;n\u00e1zvem Pam\u00e1tn\u00edk ticha. Na podzim 2024 do\u0161lo k&nbsp;v\u00fdm\u011bn\u011b veden\u00ed a&nbsp;p\u0159ejmenov\u00e1n\u00ed organizace na Centrum pam\u011bti a&nbsp;dialogu Bubny. Obecn\u011b prosp\u011b\u0161n\u00e1 spole\u010dnost Pam\u00e1tn\u00edk \u0161oa Praha se n\u00e1sledn\u011b p\u0159ejmenovala na Pam\u00e1tn\u00edk ticha.<\/p>\r\n<p>Loni v&nbsp;z\u00e1\u0159\u00ed do\u0161lo v&nbsp;okol\u00ed budovy k&nbsp;otev\u0159en\u00ed stezky pro p\u011b\u0161\u00ed a&nbsp;cyklisty, kter\u00e1 spojila Veletr\u017en\u00ed a&nbsp;D\u011blnickou ulici a&nbsp;nese jm\u00e9no sira Nicholase Wintona. Jemu je v\u011bnov\u00e1n mural s&nbsp;motivy zachr\u00e1n\u011bn\u00fdch d\u011bt\u00ed, jeho\u017e autorkou je v\u00fdtvarnice Toy_Box.<\/p>\r\n<p>&nbsp;<\/p>","protected":false},"excerpt":{"rendered":"[perex] Po dlouholet\u00e9m \u00fasil\u00ed se poda\u0159ilo nastartovat projekt revitalizace b\u00fdval\u00e9ho n\u00e1dra\u017e\u00ed Praha-Bubny a&nbsp;v&nbsp;pond\u011bl\u00ed 14.&nbsp;\u010dervence 2025 byla zah\u00e1jena hlavn\u00ed etapa stavebn\u00edch prac\u00ed. Vznikne zde Centrum pam\u011bti a&nbsp;dialogu Bubny, jeho\u017e posl\u00e1n\u00edm je uchov\u00e1vat pam\u011b\u0165 ob\u011bt\u00ed holokaustu a&nbsp;vytvo\u0159it \u017eiv\u00e9 m\u00edsto, kter\u00e9 spojuje minulost s&nbsp;p\u0159\u00edtomnost\u00ed prost\u0159ednictv\u00edm vzd\u011bl\u00e1vac\u00edch a&nbsp;kulturn\u00edch program\u016f. Z&nbsp;n\u00e1dra\u017e\u00ed Praha-Bubny bylo v&nbsp;letech 1941\u20131945 deportov\u00e1no t\u00e9m\u011b\u0159 pades\u00e1t tis\u00edc \u010deskoslovensk\u00fdch [&hellip;]","protected":false},"author":251,"featured_media":85546,"comment_status":"closed","ping_status":"open","sticky":false,"template":"","format":"standard","meta":[],"categories":[34],"tags":[119,106],"_links":{"self":[{"href":"https:\/\/www.praha7.cz\/api\/wp\/v2\/posts\/85545"}],"collection":[{"href":"https:\/\/www.praha7.cz\/api\/wp\/v2\/posts"}],"about":[{"href":"https:\/\/www.praha7.cz\/api\/wp\/v2\/types\/post"}],"author":[{"embeddable":true,"href":"https:\/\/www.praha7.cz\/api\/wp\/v2\/users\/251"}],"replies":[{"embeddable":true,"href":"https:\/\/www.praha7.cz\/api\/wp\/v2\/comments?post=85545"}],"version-history":[{"count":1,"href":"https:\/\/www.praha7.cz\/api\/wp\/v2\/posts\/85545\/revisions"}],"predecessor-version":[{"id":85549,"href":"https:\/\/www.praha7.cz\/api\/wp\/v2\/posts\/85545\/revisions\/85549"}],"wp:featuredmedia":[{"embeddable":true,"href":"https:\/\/www.praha7.cz\/api\/wp\/v2\/media\/85546"}],"wp:attachment":[{"href":"https:\/\/www.praha7.cz\/api\/wp\/v2\/media?parent=85545"}],"wp:term":[{"taxonomy":"category","embeddable":true,"href":"https:\/\/www.praha7.cz\/api\/wp\/v2\/categories?post=85545"},{"taxonomy":"post_tag","embeddable":true,"href":"https:\/\/www.praha7.cz\/api\/wp\/v2\/tags?post=85545"}],"curies":[{"name":"wp","href":"https:\/\/api.w.org\/{rel}","templated":true}]}}