    
{"id":85526,"date":"2025-07-14T16:16:16","date_gmt":"2025-07-14T14:16:16","guid":{"rendered":"https:\/\/www.praha7.cz\/?p=85526"},"modified":"2025-07-28T14:38:10","modified_gmt":"2025-07-28T12:38:10","slug":"vyslo-letni-dvojcislo-hobuletu-2","status":"publish","type":"post","link":"https:\/\/www.praha7.cz\/vyslo-letni-dvojcislo-hobuletu-2\/","title":{"rendered":"Vy\u0161lo letn\u00ed dvoj\u010d\u00edslo Hobuletu"},"content":{"rendered":"<p>[perex]<\/p>\r\n<p>Nejobl\u00edben\u011bj\u0161\u00ed p\u0159\u00edchut\u00ed je na Sedmi\u010dce pist\u00e1ciov\u00e1 a&nbsp;v&nbsp;t\u011bsn\u00e9m z\u00e1v\u011bsu za n\u00ed slan\u00fd karamel, tvrd\u00ed v&nbsp;letn\u00edm dvoj\u010d\u00edsle Hobuletu Pietro Amato, zmrzlin\u00e1\u0159 z&nbsp;Letn\u00e9. A&nbsp;jakou zmrzlinu m\u00e1te r\u00e1di vy? Dejte si svoji obl\u00edbenou p\u0159\u00edchu\u0165 a&nbsp;vychutnejte si ji t\u0159eba ve spole\u010dnosti Hobuletu. \u010cek\u00e1 v\u00e1s \u010dl\u00e1nek o&nbsp;v\u00fdznamn\u00fdch stromech na Sedmi\u010dce, rozhovor s&nbsp;Pavl\u00ednou \u0160ulcovou, \u0159editelkou Centra pam\u011bti a&nbsp;dialogu Bubny, kulturn\u00ed p\u0159ehled nebo pozv\u00e1nka na loutkov\u00e9 l\u00e9to na Strossmayerov\u011b n\u00e1m\u011bst\u00ed. P\u0159ejeme radostn\u00e9 l\u00e9to.\u00a0\u00a0<\/p>\r\n<p>[\/perex]<\/p>\r\n<p>Hobuletem m\u016f\u017eete listovat tak\u00e9 <a href=\"https:\/\/zpravodaj.munipolis.cz\/praha7\/cervenec-srpen-2025\/\" target=\"_blank\" rel=\"noopener\">online<\/a>. Ilustracemi toto \u010d\u00edslo doprovodil Pavel Sivko, fotografovala Veronika \u010cechm\u00e1nkov\u00e1.<\/p>\r\n<hr \/>\r\n<p>Nedorazil v\u00e1m Hobulet do schr\u00e1nky? Napi\u0161te n\u00e1m pros\u00edm na e-mail <a href=\"mailto:lopezp@praha7.cz\">lopezp@praha7.cz<\/a>, situaci prov\u011b\u0159\u00edme u&nbsp;doru\u010dovatele.<\/p>\r\n<p>Archiv m\u011bs\u00ed\u010dn\u00edku m\u011bstsk\u00e9 \u010d\u00e1sti Praha&nbsp;7 Hobulet najdete\u00a0<a href=\"https:\/\/www.praha7.cz\/hobulet\/archiv-hobuletu\/\">zde<\/a>.<\/p>","protected":false},"excerpt":{"rendered":"[perex] Nejobl\u00edben\u011bj\u0161\u00ed p\u0159\u00edchut\u00ed je na Sedmi\u010dce pist\u00e1ciov\u00e1 a&nbsp;v&nbsp;t\u011bsn\u00e9m z\u00e1v\u011bsu za n\u00ed slan\u00fd karamel, tvrd\u00ed v&nbsp;letn\u00edm dvoj\u010d\u00edsle Hobuletu Pietro Amato, zmrzlin\u00e1\u0159 z&nbsp;Letn\u00e9. A&nbsp;jakou zmrzlinu m\u00e1te r\u00e1di vy? Dejte si svoji obl\u00edbenou p\u0159\u00edchu\u0165 a&nbsp;vychutnejte si ji t\u0159eba ve spole\u010dnosti Hobuletu. \u010cek\u00e1 v\u00e1s \u010dl\u00e1nek o&nbsp;v\u00fdznamn\u00fdch stromech na Sedmi\u010dce, rozhovor s&nbsp;Pavl\u00ednou \u0160ulcovou, \u0159editelkou Centra pam\u011bti a&nbsp;dialogu Bubny, kulturn\u00ed p\u0159ehled [&hellip;]","protected":false},"author":251,"featured_media":85527,"comment_status":"closed","ping_status":"open","sticky":false,"template":"","format":"standard","meta":[],"categories":[34],"tags":[116],"_links":{"self":[{"href":"https:\/\/www.praha7.cz\/api\/wp\/v2\/posts\/85526"}],"collection":[{"href":"https:\/\/www.praha7.cz\/api\/wp\/v2\/posts"}],"about":[{"href":"https:\/\/www.praha7.cz\/api\/wp\/v2\/types\/post"}],"author":[{"embeddable":true,"href":"https:\/\/www.praha7.cz\/api\/wp\/v2\/users\/251"}],"replies":[{"embeddable":true,"href":"https:\/\/www.praha7.cz\/api\/wp\/v2\/comments?post=85526"}],"version-history":[{"count":3,"href":"https:\/\/www.praha7.cz\/api\/wp\/v2\/posts\/85526\/revisions"}],"predecessor-version":[{"id":85530,"href":"https:\/\/www.praha7.cz\/api\/wp\/v2\/posts\/85526\/revisions\/85530"}],"wp:featuredmedia":[{"embeddable":true,"href":"https:\/\/www.praha7.cz\/api\/wp\/v2\/media\/85527"}],"wp:attachment":[{"href":"https:\/\/www.praha7.cz\/api\/wp\/v2\/media?parent=85526"}],"wp:term":[{"taxonomy":"category","embeddable":true,"href":"https:\/\/www.praha7.cz\/api\/wp\/v2\/categories?post=85526"},{"taxonomy":"post_tag","embeddable":true,"href":"https:\/\/www.praha7.cz\/api\/wp\/v2\/tags?post=85526"}],"curies":[{"name":"wp","href":"https:\/\/api.w.org\/{rel}","templated":true}]}}