    
{"id":85520,"date":"2025-07-14T15:38:22","date_gmt":"2025-07-14T13:38:22","guid":{"rendered":"https:\/\/www.praha7.cz\/?p=85520"},"modified":"2025-07-14T15:38:22","modified_gmt":"2025-07-14T13:38:22","slug":"pripominame-si-nedozite-ste-narozeniny-ivana-medka","status":"publish","type":"post","link":"https:\/\/www.praha7.cz\/pripominame-si-nedozite-ste-narozeniny-ivana-medka\/","title":{"rendered":"P\u0159ipom\u00edn\u00e1me si nedo\u017eit\u00e9 st\u00e9 narozeniny Ivana Medka"},"content":{"rendered":"<p>[perex]<\/p>\r\n<p>V ned\u011bli 13.&nbsp;\u010dervence 2025 jsme si p\u0159ipomn\u011bli nedo\u017eit\u00e9 st\u00e9 narozeniny Ivana Medka, muzikologa, novin\u00e1\u0159e, disidenta a&nbsp;\u010destn\u00e9ho ob\u010dana Prahy&nbsp;7 .<br \/>\r\nNarodil se v&nbsp;l\u00e9t\u011b 1925 do rodiny v\u00fdznamn\u00e9ho voj\u00e1ka a&nbsp;spisovatele Rudolfa Medka (1890\u20131940), kter\u00fd b\u011bhem prvn\u00ed sv\u011btov\u00e9 v\u00e1lky sehr\u00e1l v\u00fdznamnou roli v&nbsp;\u010deskoslovensk\u00fdch legi\u00edch v&nbsp;Rusku. Ivan vyr\u016fstal s&nbsp;o&nbsp;rok mlad\u0161\u00edm bratrem, mimo\u0159\u00e1dn\u011b talentovan\u00fdm mal\u00ed\u0159em Mikul\u00e1\u0161em (1926\u20131973).<\/p>\r\n<p>[\/perex]<\/p>\r\n<p>Vystudoval gymn\u00e1zium, dokon\u010den\u00ed dal\u0161\u00edho vzd\u011bl\u00e1n\u00ed mu znemo\u017enily represe po roce 1948. Medek pracoval jako dramaturg \u010cesk\u00e9 filharmonie a&nbsp;hudebn\u00ed publicista v&nbsp;\u010ceskoslovensk\u00e9m rozhlase, pozd\u011bji byl tak\u00e9 redaktorem nakladatelstv\u00ed Supraphon. Po podpisu Charty 77 se ocitl pod siln\u00fdm tlakem re\u017eimu, v&nbsp;roce 1978 ode\u0161el do V\u00eddn\u011b. V&nbsp;osmdes\u00e1t\u00fdch letech p\u016fsobil jako redaktor \u010desk\u00e9ho vys\u00edl\u00e1n\u00ed Hlasu Ameriky.<\/p>\r\n<p><img loading=\"lazy\" src=\"https:\/\/www.praha7.cz\/wp-content\/uploads\/2025\/07\/medek1-1402x1000.jpg\" alt=\"\" width=\"640\" height=\"456\" class=\"alignnone size-large wp-image-85522\" srcset=\"https:\/\/www.praha7.cz\/wp-content\/uploads\/2025\/07\/medek1-1402x1000.jpg 1402w, https:\/\/www.praha7.cz\/wp-content\/uploads\/2025\/07\/medek1-561x400.jpg 561w, https:\/\/www.praha7.cz\/wp-content\/uploads\/2025\/07\/medek1-768x548.jpg 768w, https:\/\/www.praha7.cz\/wp-content\/uploads\/2025\/07\/medek1-1536x1096.jpg 1536w, https:\/\/www.praha7.cz\/wp-content\/uploads\/2025\/07\/medek1.jpg 2048w\" sizes=\"(max-width: 640px) 100vw, 640px\" \/><\/p>\r\n<p>Po roce 1989 se Medek vrac\u00ed zp\u011bt do vlasti. V&nbsp;roce 1993 p\u0159ijal nab\u00eddku tehdej\u0161\u00edho prezidenta V\u00e1clava Havla a&nbsp;stal se vedouc\u00edm odboru vnit\u0159n\u00ed politiky. Na sn\u00edmku s&nbsp;V\u00e1clavem Mal\u00fdm na V\u00e1clavsk\u00e9m n\u00e1m\u011bst\u00ed 28.&nbsp;\u0159\u00edjna 1991. <em>Foto: archiv Heleny Medkov\u00e9<\/em><\/p>\r\n<p>&nbsp;<\/p>\r\n<p><img loading=\"lazy\" src=\"https:\/\/www.praha7.cz\/wp-content\/uploads\/2025\/07\/medek3-1206x1000.jpg\" alt=\"\" width=\"640\" height=\"531\" class=\"alignnone size-large wp-image-85523\" srcset=\"https:\/\/www.praha7.cz\/wp-content\/uploads\/2025\/07\/medek3-1206x1000.jpg 1206w, https:\/\/www.praha7.cz\/wp-content\/uploads\/2025\/07\/medek3-482x400.jpg 482w, https:\/\/www.praha7.cz\/wp-content\/uploads\/2025\/07\/medek3-768x637.jpg 768w, https:\/\/www.praha7.cz\/wp-content\/uploads\/2025\/07\/medek3-1536x1274.jpg 1536w, https:\/\/www.praha7.cz\/wp-content\/uploads\/2025\/07\/medek3.jpg 2048w\" sizes=\"(max-width: 640px) 100vw, 640px\" \/><\/p>\r\n<p>Od roku 1996 pracoval Ivan Medek jako kancl\u00e9\u0159 prezidenta V\u00e1clava Havla. Na sn\u00edmku v\u00edt\u00e1 Medek pape\u017ee Jana Pavla II. na ruzy\u0148sk\u00e9m leti\u0161ti \u2013 duben 1997. <em>Foto: archiv Heleny Medkov\u00e9<\/em><\/p>\r\n<p>P\u016fsoben\u00ed na Hrad\u011b ukon\u010dil Medek v&nbsp;roce 1998. V&nbsp;roce 2005 z\u00edskal Ivan Medek titul \u010destn\u00fd ob\u010dan Prahy&nbsp;7. Zem\u0159el 6.&nbsp;ledna 2010.<\/p>\r\n<p>&nbsp;<\/p>\r\n<p><img loading=\"lazy\" src=\"https:\/\/www.praha7.cz\/wp-content\/uploads\/2025\/07\/medek-slavicek-1080x1000.jpg\" alt=\"\" width=\"640\" height=\"593\" class=\"alignnone size-large wp-image-85524\" srcset=\"https:\/\/www.praha7.cz\/wp-content\/uploads\/2025\/07\/medek-slavicek-1080x1000.jpg 1080w, https:\/\/www.praha7.cz\/wp-content\/uploads\/2025\/07\/medek-slavicek-432x400.jpg 432w, https:\/\/www.praha7.cz\/wp-content\/uploads\/2025\/07\/medek-slavicek-768x711.jpg 768w, https:\/\/www.praha7.cz\/wp-content\/uploads\/2025\/07\/medek-slavicek-1536x1422.jpg 1536w, https:\/\/www.praha7.cz\/wp-content\/uploads\/2025\/07\/medek-slavicek.jpg 1613w\" sizes=\"(max-width: 640px) 100vw, 640px\" \/><\/p>\r\n<p>Medkova rodina je ji\u017e po generace spojena s&nbsp;Prahou 7, resp. Letnou. Rodina bydlela p\u0159ed druhou sv\u011btovou v\u00e1lkou v&nbsp;ulici Nad \u0160tolou. V&nbsp;Dobrovsk\u00e9ho ulici \u017eil Medk\u016fv d\u011bde\u010dek, slavn\u00fd mal\u00ed\u0159 Anton\u00edn Slav\u00ed\u010dek (na sn\u00edmku).<\/p>","protected":false},"excerpt":{"rendered":"[perex] V&nbsp;ned\u011bli 13.&nbsp;\u010dervence 2025 jsme si p\u0159ipomn\u011bli nedo\u017eit\u00e9 st\u00e9 narozeniny Ivana Medka, muzikologa, novin\u00e1\u0159e, disidenta a&nbsp;\u010destn\u00e9ho ob\u010dana Prahy&nbsp;7 . Narodil se v&nbsp;l\u00e9t\u011b 1925 do rodiny v\u00fdznamn\u00e9ho voj\u00e1ka a&nbsp;spisovatele Rudolfa Medka (1890\u20131940), kter\u00fd b\u011bhem prvn\u00ed sv\u011btov\u00e9 v\u00e1lky sehr\u00e1l v\u00fdznamnou roli v&nbsp;\u010deskoslovensk\u00fdch legi\u00edch v&nbsp;Rusku. Ivan vyr\u016fstal s&nbsp;o&nbsp;rok mlad\u0161\u00edm bratrem, mimo\u0159\u00e1dn\u011b talentovan\u00fdm mal\u00ed\u0159em Mikul\u00e1\u0161em (1926\u20131973). [\/perex] Vystudoval [&hellip;]","protected":false},"author":251,"featured_media":85521,"comment_status":"closed","ping_status":"open","sticky":false,"template":"","format":"standard","meta":[],"categories":[34],"tags":[106],"_links":{"self":[{"href":"https:\/\/www.praha7.cz\/api\/wp\/v2\/posts\/85520"}],"collection":[{"href":"https:\/\/www.praha7.cz\/api\/wp\/v2\/posts"}],"about":[{"href":"https:\/\/www.praha7.cz\/api\/wp\/v2\/types\/post"}],"author":[{"embeddable":true,"href":"https:\/\/www.praha7.cz\/api\/wp\/v2\/users\/251"}],"replies":[{"embeddable":true,"href":"https:\/\/www.praha7.cz\/api\/wp\/v2\/comments?post=85520"}],"version-history":[{"count":1,"href":"https:\/\/www.praha7.cz\/api\/wp\/v2\/posts\/85520\/revisions"}],"predecessor-version":[{"id":85525,"href":"https:\/\/www.praha7.cz\/api\/wp\/v2\/posts\/85520\/revisions\/85525"}],"wp:featuredmedia":[{"embeddable":true,"href":"https:\/\/www.praha7.cz\/api\/wp\/v2\/media\/85521"}],"wp:attachment":[{"href":"https:\/\/www.praha7.cz\/api\/wp\/v2\/media?parent=85520"}],"wp:term":[{"taxonomy":"category","embeddable":true,"href":"https:\/\/www.praha7.cz\/api\/wp\/v2\/categories?post=85520"},{"taxonomy":"post_tag","embeddable":true,"href":"https:\/\/www.praha7.cz\/api\/wp\/v2\/tags?post=85520"}],"curies":[{"name":"wp","href":"https:\/\/api.w.org\/{rel}","templated":true}]}}