    
{"id":85459,"date":"2025-07-09T16:05:59","date_gmt":"2025-07-09T14:05:59","guid":{"rendered":"https:\/\/www.praha7.cz\/?p=85459"},"modified":"2025-08-13T18:32:49","modified_gmt":"2025-08-13T16:32:49","slug":"zmena-terminu-srpnove-pravni-poradny-pro-seniory","status":"publish","type":"post","link":"https:\/\/www.praha7.cz\/zmena-terminu-srpnove-pravni-poradny-pro-seniory\/","title":{"rendered":"Zm\u011bna term\u00ednu srpnov\u00e9 pr\u00e1vn\u00ed poradny pro seniory"},"content":{"rendered":"<p>[perex]<\/p>\r\n<p>Upozor\u0148ujeme na zm\u011bnu term\u00ednu pr\u00e1vn\u00ed poradny pro seniory. M\u00edsto p\u016fvodn\u011b pl\u00e1novan\u00e9ho term\u00ednu 13.&nbsp;8.&nbsp;2025 se <strong>pr\u00e1vn\u00ed poradna uskute\u010dn\u00ed 6.&nbsp;8.&nbsp;2025<\/strong>.<\/p>\r\n<p>Pr\u00e1vn\u00ed poradna se kon\u00e1 od 15 do 18 hodin v&nbsp;zasedac\u00ed m\u00edstnosti 2.09 (2.&nbsp;patro), U&nbsp;Pr\u016fhonu 1338\/38.<\/p>\r\n<p>D\u011bkujeme za pochopen\u00ed.<\/p>\r\n<p>V\u00edce informac\u00ed a\u00a0dal\u0161\u00ed term\u00edny najdete\u00a0<a href=\"https:\/\/www.praha7.cz\/temata\/pomahame\/pravni-poradna\/\">ZDE<\/a>.<\/p>\r\n<p>[\/perex]<\/p>","protected":false},"excerpt":{"rendered":"[perex] Upozor\u0148ujeme na zm\u011bnu term\u00ednu pr\u00e1vn\u00ed poradny pro seniory. M\u00edsto p\u016fvodn\u011b pl\u00e1novan\u00e9ho term\u00ednu 13.&nbsp;8.&nbsp;2025 se pr\u00e1vn\u00ed poradna uskute\u010dn\u00ed 6.&nbsp;8.&nbsp;2025. Pr\u00e1vn\u00ed poradna se kon\u00e1 od 15 do 18 hodin v&nbsp;zasedac\u00ed m\u00edstnosti 2.09 (2.&nbsp;patro), U&nbsp;Pr\u016fhonu 1338\/38. D\u011bkujeme za pochopen\u00ed. V\u00edce informac\u00ed a\u00a0dal\u0161\u00ed term\u00edny najdete\u00a0ZDE. [\/perex]","protected":false},"author":5,"featured_media":19229,"comment_status":"closed","ping_status":"open","sticky":false,"template":"","format":"standard","meta":[],"categories":[34],"tags":[115],"_links":{"self":[{"href":"https:\/\/www.praha7.cz\/api\/wp\/v2\/posts\/85459"}],"collection":[{"href":"https:\/\/www.praha7.cz\/api\/wp\/v2\/posts"}],"about":[{"href":"https:\/\/www.praha7.cz\/api\/wp\/v2\/types\/post"}],"author":[{"embeddable":true,"href":"https:\/\/www.praha7.cz\/api\/wp\/v2\/users\/5"}],"replies":[{"embeddable":true,"href":"https:\/\/www.praha7.cz\/api\/wp\/v2\/comments?post=85459"}],"version-history":[{"count":2,"href":"https:\/\/www.praha7.cz\/api\/wp\/v2\/posts\/85459\/revisions"}],"predecessor-version":[{"id":85461,"href":"https:\/\/www.praha7.cz\/api\/wp\/v2\/posts\/85459\/revisions\/85461"}],"wp:featuredmedia":[{"embeddable":true,"href":"https:\/\/www.praha7.cz\/api\/wp\/v2\/media\/19229"}],"wp:attachment":[{"href":"https:\/\/www.praha7.cz\/api\/wp\/v2\/media?parent=85459"}],"wp:term":[{"taxonomy":"category","embeddable":true,"href":"https:\/\/www.praha7.cz\/api\/wp\/v2\/categories?post=85459"},{"taxonomy":"post_tag","embeddable":true,"href":"https:\/\/www.praha7.cz\/api\/wp\/v2\/tags?post=85459"}],"curies":[{"name":"wp","href":"https:\/\/api.w.org\/{rel}","templated":true}]}}