    
{"id":85415,"date":"2025-07-07T15:38:15","date_gmt":"2025-07-07T13:38:15","guid":{"rendered":"https:\/\/www.praha7.cz\/?p=85415"},"modified":"2025-07-11T11:24:34","modified_gmt":"2025-07-11T09:24:34","slug":"preruseni-dodavky-vody-8-a-10-cervence","status":"publish","type":"post","link":"https:\/\/www.praha7.cz\/preruseni-dodavky-vody-8-a-10-cervence\/","title":{"rendered":"P\u0159eru\u0161en\u00ed dod\u00e1vky vody 8.&nbsp;a&nbsp;10.&nbsp;\u010dervence"},"content":{"rendered":"<p>[perex]<\/p>\r\n<p>Z d\u016fvodu prov\u00e1d\u011bn\u00ed pl\u00e1novan\u00fdch oprav, udr\u017eovac\u00edch a&nbsp;revizn\u00edch prac\u00ed dojde v&nbsp;\u00fater\u00fd 8.&nbsp;\u010dervence a&nbsp;ve \u010dtvrtek 10.&nbsp;\u010dervence 2025 k&nbsp;p\u0159eru\u0161en\u00ed dod\u00e1vek vody v&nbsp;n\u00ed\u017ee uveden\u00fdch m\u00edstech.<\/p>\r\n<p>[\/perex]<\/p>\r\n<h4>8.&nbsp;7.&nbsp;2025 od 8.00 do 17.00<\/h4>\r\n<ul>\r\n\t<li>Jankovcova 1057\/6 (bez vody bude pouze m\u011b\u0159ic\u00ed m\u00edsto V2), 1596\/14a, 788\/16, 1639\/16d<\/li>\r\n\t<li>P\u0159\u00edvozn\u00ed 1562\/1, 1064\/2a, 1600\/2b, 937\/3 (bez vody bude pouze OM Ev. \u010d.: 300074544)<\/li>\r\n\t<li>V p\u0159\u00edstavu 1585\/14, 789\/22<\/li>\r\n<\/ul>\r\n<p>&nbsp;<\/p>\r\n<h4>10.&nbsp;7.&nbsp;2025 od 8.00 do 17.00<\/h4>\r\n<ul>\r\n\t<li>Na Manin\u00e1ch 1597\/3, parc. \u010d. 1180<\/li>\r\n\t<li>Tusarova 429\/35, 1179\/37, 1622\/39a, 453\/41, 1601\/42, 508\/43, 1281\/45, 1517\/46<\/li>\r\n<\/ul>\r\n<p>&nbsp;<\/p>\r\n<p>N\u00e1hradn\u00ed z\u00e1sobov\u00e1n\u00ed bude zaji\u0161t\u011bno na\u00a0z\u00e1klad\u011b po\u017eadavk\u016f odb\u011bratel\u016f a\u00a0dle dopravn\u00edch a\u00a0technick\u00fdch mo\u017enost\u00ed\u00a0p\u0159istaven\u00edm cisterny s\u00a0pitnou vodou.<\/p>\r\n<p>Podrobn\u00e9 informace nep\u0159etr\u017eit\u011b pod\u00e1v\u00e1\u00a0z\u00e1kaznick\u00e1 linka PVK\u00a0na\u00a0tel:\u00a0840&nbsp;111\u00a0112\u00a0nebo\u00a0601&nbsp;274&nbsp;274.<\/p>\r\n<p>V\u00edce na <a href=\"https:\/\/www.pvk.cz\/aktuality\/planovane-vyluky\/\" target=\"_blank\" rel=\"noopener\">str\u00e1nk\u00e1ch PVK<\/a>.<\/p>","protected":false},"excerpt":{"rendered":"[perex] Z&nbsp;d\u016fvodu prov\u00e1d\u011bn\u00ed pl\u00e1novan\u00fdch oprav, udr\u017eovac\u00edch a&nbsp;revizn\u00edch prac\u00ed dojde v&nbsp;\u00fater\u00fd 8.&nbsp;\u010dervence a&nbsp;ve \u010dtvrtek 10.&nbsp;\u010dervence 2025 k&nbsp;p\u0159eru\u0161en\u00ed dod\u00e1vek vody v&nbsp;n\u00ed\u017ee uveden\u00fdch m\u00edstech. [\/perex] 8.&nbsp;7.&nbsp;2025 od 8.00 do 17.00 Jankovcova 1057\/6 (bez vody bude pouze m\u011b\u0159ic\u00ed m\u00edsto V2), 1596\/14a, 788\/16, 1639\/16d P\u0159\u00edvozn\u00ed 1562\/1, 1064\/2a, 1600\/2b, 937\/3 (bez vody bude pouze OM Ev. \u010d.: 300074544) V&nbsp;p\u0159\u00edstavu [&hellip;]","protected":false},"author":251,"featured_media":23217,"comment_status":"closed","ping_status":"open","sticky":false,"template":"","format":"standard","meta":[],"categories":[34],"tags":[139,125],"_links":{"self":[{"href":"https:\/\/www.praha7.cz\/api\/wp\/v2\/posts\/85415"}],"collection":[{"href":"https:\/\/www.praha7.cz\/api\/wp\/v2\/posts"}],"about":[{"href":"https:\/\/www.praha7.cz\/api\/wp\/v2\/types\/post"}],"author":[{"embeddable":true,"href":"https:\/\/www.praha7.cz\/api\/wp\/v2\/users\/251"}],"replies":[{"embeddable":true,"href":"https:\/\/www.praha7.cz\/api\/wp\/v2\/comments?post=85415"}],"version-history":[{"count":1,"href":"https:\/\/www.praha7.cz\/api\/wp\/v2\/posts\/85415\/revisions"}],"predecessor-version":[{"id":85416,"href":"https:\/\/www.praha7.cz\/api\/wp\/v2\/posts\/85415\/revisions\/85416"}],"wp:featuredmedia":[{"embeddable":true,"href":"https:\/\/www.praha7.cz\/api\/wp\/v2\/media\/23217"}],"wp:attachment":[{"href":"https:\/\/www.praha7.cz\/api\/wp\/v2\/media?parent=85415"}],"wp:term":[{"taxonomy":"category","embeddable":true,"href":"https:\/\/www.praha7.cz\/api\/wp\/v2\/categories?post=85415"},{"taxonomy":"post_tag","embeddable":true,"href":"https:\/\/www.praha7.cz\/api\/wp\/v2\/tags?post=85415"}],"curies":[{"name":"wp","href":"https:\/\/api.w.org\/{rel}","templated":true}]}}