    
{"id":85394,"date":"2025-07-07T13:12:36","date_gmt":"2025-07-07T11:12:36","guid":{"rendered":"https:\/\/www.praha7.cz\/?p=85394"},"modified":"2025-07-09T16:06:30","modified_gmt":"2025-07-09T14:06:30","slug":"vok-v-simackove-nebude-8-cervence-pristaven","status":"publish","type":"post","link":"https:\/\/www.praha7.cz\/vok-v-simackove-nebude-8-cervence-pristaven\/","title":{"rendered":"VOK v&nbsp;\u0160im\u00e1\u010dkov\u011b nebude 8.&nbsp;\u010dervence p\u0159istaven"},"content":{"rendered":"<p>[perex]<\/p>\r\n<p>Omlouv\u00e1me se, ale z&nbsp;technick\u00fdch d\u016fvod\u016f nebude v&nbsp;\u00fater\u00fd 8.&nbsp;\u010dervence 2025 p\u0159istaven kontejner na velkoobjemov\u00fd odpad v&nbsp;ulici \u0160im\u00e1\u010dkova (naproti \u010d. 8). P\u0159ehled VOK\u016f najdete <a href=\"https:\/\/www.praha7.cz\/temata\/odpad\/velkoobjemove-kontejnery\/\">zde<\/a>.<\/p>\r\n<p>[\/perex]<\/p>","protected":false},"excerpt":{"rendered":"[perex] Omlouv\u00e1me se, ale z&nbsp;technick\u00fdch d\u016fvod\u016f nebude v&nbsp;\u00fater\u00fd 8.&nbsp;\u010dervence 2025 p\u0159istaven kontejner na velkoobjemov\u00fd odpad v&nbsp;ulici \u0160im\u00e1\u010dkova (naproti \u010d. 8). P\u0159ehled VOK\u016f najdete zde. [\/perex]","protected":false},"author":251,"featured_media":85396,"comment_status":"closed","ping_status":"open","sticky":false,"template":"","format":"standard","meta":[],"categories":[34],"tags":[114],"_links":{"self":[{"href":"https:\/\/www.praha7.cz\/api\/wp\/v2\/posts\/85394"}],"collection":[{"href":"https:\/\/www.praha7.cz\/api\/wp\/v2\/posts"}],"about":[{"href":"https:\/\/www.praha7.cz\/api\/wp\/v2\/types\/post"}],"author":[{"embeddable":true,"href":"https:\/\/www.praha7.cz\/api\/wp\/v2\/users\/251"}],"replies":[{"embeddable":true,"href":"https:\/\/www.praha7.cz\/api\/wp\/v2\/comments?post=85394"}],"version-history":[{"count":1,"href":"https:\/\/www.praha7.cz\/api\/wp\/v2\/posts\/85394\/revisions"}],"predecessor-version":[{"id":85397,"href":"https:\/\/www.praha7.cz\/api\/wp\/v2\/posts\/85394\/revisions\/85397"}],"wp:featuredmedia":[{"embeddable":true,"href":"https:\/\/www.praha7.cz\/api\/wp\/v2\/media\/85396"}],"wp:attachment":[{"href":"https:\/\/www.praha7.cz\/api\/wp\/v2\/media?parent=85394"}],"wp:term":[{"taxonomy":"category","embeddable":true,"href":"https:\/\/www.praha7.cz\/api\/wp\/v2\/categories?post=85394"},{"taxonomy":"post_tag","embeddable":true,"href":"https:\/\/www.praha7.cz\/api\/wp\/v2\/tags?post=85394"}],"curies":[{"name":"wp","href":"https:\/\/api.w.org\/{rel}","templated":true}]}}